{"id":37487,"date":"2023-02-26T14:59:52","date_gmt":"2023-02-26T17:59:52","guid":{"rendered":"https:\/\/wiy.com.br\/noticias\/papa-francisco-compara-politicos-contra-gays-a-hitler\/"},"modified":"2019-11-16T02:12:14","modified_gmt":"2019-11-16T04:12:14","slug":"papa-francisco-compara-politicos-contra-gays-a-hitler","status":"publish","type":"post","link":"https:\/\/wiy.com.br\/noticias\/papa-francisco-compara-politicos-contra-gays-a-hitler\/","title":{"rendered":"Papa Francisco compara pol\u00edticos contra gays a Hitler"},"content":{"rendered":"<p> <br \/>\n<\/p>\n<div property=\"na:ArticleBody\">\n<p>Por Philip Pullella<\/p>\n<p>CIDADE DO VATICANO (Reuters) &#8211; O papa Francisco declarou nesta sexta-feira que pol\u00edticos que se enfurecem contra homossexuais, ciganos e judeus o fazem lembrar de Hitler.<\/p>\n<p>&#8220;N\u00e3o \u00e9 coincid\u00eancia que, \u00e0s vezes, haja um ressurgimento de s\u00edmbolos t\u00edpicos do nazismo&#8221;, disse Francisco em um discurso aos participantes de uma confer\u00eancia internacional sobre direito penal.<\/p>\n<p>&#8220;E preciso confessar a voc\u00eas que, quando ou\u00e7o um discurso de algu\u00e9m respons\u00e1vel pela ordem ou pelo governo, penso nos discursos de Hitler em 1934, 1936&#8221;, afirmou ele, saindo de seu discurso preparado.<\/p>\n<p>&#8220;Com a persegui\u00e7\u00e3o de judeus, ciganos e pessoas com tend\u00eancias homossexuais, hoje essas a\u00e7\u00f5es s\u00e3o t\u00edpicas (e) representam &#8216;por excel\u00eancia&#8217; uma cultura de desperd\u00edcio e \u00f3dio. Foi o que foi feito naqueles dias e hoje est\u00e1 acontecendo novamente.&#8221;<\/p>\n<p>Durante o regime nazista de 1933 a 1945 na Alemanha, 6 milh\u00f5es de judeus foram mortos e homossexuais e ciganos estavam entre os enviados para campos de exterm\u00ednio.<\/p>\n<p>O papa Francisco n\u00e3o citou nenhum pol\u00edtico ou pa\u00eds nominalmente como alvo de suas cr\u00edticas.<\/p>\n<p>No Brasil, o presidente Jair Bolsonaro fez declara\u00e7\u00f5es p\u00fablicas homof\u00f3bicas e sexistas antes de assumir o cargo em 1\u00ba de janeiro. Ele disse em uma entrevista que preferia ter um filho morto do que um filho gay.<\/p>\n<\/p><\/div>\n<p><script>\n\t\t\t$(document).ready(function() {\n\t\t\t\t$.ajaxSetup({ cache: true });\n\t\t\t\t$.getScript('\/\/connect.facebook.net\/pt_BR\/sdk.js', function(){\n\t\t\t\t\tFB.init({\n\t\t\t\t\t\txfbml      : true,\n\t\t\t\t\t\tversion    : 'v2.5'\n\t\t\t\t\t});\n\t\t\t\t});\n\t\t\t});\n\t\t<\/script><br \/>\n<br \/><br \/>\n<br \/><a href=\"https:\/\/extra.globo.com\/noticias\/mundo\/papa-francisco-compara-politicos-contra-gays-hitler-24084374.html\">Fonte do Artigo <\/a><br \/>\nTags:<\/p>\n<p><a href=\"https:\/\/wiy.com.br\/noticias\/categoria\/noticias\/\">#noticia<\/a> <a href=\"https:\/\/wiy.com.br\/noticias\/categoria\/noticias\/\">#novidades<\/a> <a href=\"https:\/\/wiy.com.br\/noticias\/categoria\/noticias\/\">#noticias<\/a> <a href=\"https:\/\/wiy.com.br\/noticias\/categoria\/noticias\/\">#venezuela<\/a> <a href=\"https:\/\/wiy.com.br\/noticias\/categoria\/noticias\/\">#seo<\/a> <a href=\"https:\/\/wiy.com.br\/noticias\/categoria\/noticias\/\">#instagram<\/a> <a href=\"https:\/\/wiy.com.br\/noticias\/categoria\/noticias\/\">#cicpc<\/a> <a href=\"https:\/\/wiy.com.br\/noticias\/categoria\/noticias\/\">#policia<\/a> <a href=\"https:\/\/wiy.com.br\/noticias\/categoria\/noticias\/\">#ultimahora<\/a> <a href=\"https:\/\/wiy.com.br\/noticias\/categoria\/noticias\/\">#seguridade<\/a> <a href=\"https:\/\/wiy.com.br\/noticias\/categoria\/noticias\/\">#informacao<\/a> <a href=\"https:\/\/wiy.com.br\/noticias\/categoria\/noticias\/\">#paz<\/a> <a href=\"https:\/\/wiy.com.br\/noticias\/categoria\/noticias\/\">#urgente<\/a> <a href=\"https:\/\/wiy.com.br\/noticias\/categoria\/noticias\/\">#policiacientifica<\/a> <a href=\"https:\/\/wiy.com.br\/noticias\/categoria\/noticias\/\">#criminalisticcicpc<\/a> <a href=\"https:\/\/wiy.com.br\/noticias\/categoria\/noticias\/\">#crimes<\/a> <a href=\"https:\/\/wiy.com.br\/noticias\/categoria\/noticias\/\">#extra<\/a> <a href=\"https:\/\/wiy.com.br\/noticias\/categoria\/noticias\/\">#ultimahoranoticia<\/a> <a href=\"https:\/\/wiy.com.br\/noticias\/categoria\/noticias\/\">#brazil247<\/a> <a href=\"https:\/\/wiy.com.br\/noticias\/categoria\/noticias\/\">#governo<\/a> <a href=\"https:\/\/wiy.com.br\/noticias\/categoria\/noticias\/\">#brasil247<\/a> <a href=\"https:\/\/wiy.com.br\/noticias\/categoria\/noticias\/\">#bolsonaro<\/a> <a href=\"https:\/\/wiy.com.br\/noticias\/categoria\/noticias\/\">#jornalismo<\/a> <a href=\"https:\/\/wiy.com.br\/noticias\/categoria\/noticias\/\">#informacoes<\/a> <a href=\"https:\/\/wiy.com.br\/noticias\/categoria\/noticias\/\">#news<\/a> <a href=\"https:\/\/wiy.com.br\/noticias\/categoria\/noticias\/\">#jornal<\/a> <a href=\"https:\/\/wiy.com.br\/noticias\/categoria\/noticias\/\">#tiktok<\/a> <a href=\"https:\/\/wiy.com.br\/noticias\/categoria\/noticias\/\">#fgts<\/a> <a href=\"https:\/\/wiy.com.br\/noticias\/categoria\/noticias\/\">#pis<\/a> <a href=\"https:\/\/wiy.com.br\/noticias\/categoria\/noticias\/\">#caixa<\/a> <a href=\"https:\/\/wiy.com.br\/noticias\/categoria\/noticias\/\">#loterias<\/a> <a href=\"https:\/\/wiy.com.br\/noticias\/categoria\/noticias\/\">#megasena<\/a> <a href=\"https:\/\/wiy.com.br\/noticias\/categoria\/noticias\/\">#lotofacil<\/a> <a href=\"https:\/\/wiy.com.br\/noticias\/categoria\/noticias\/\">#megamania<\/a> <a href=\"https:\/\/wiy.com.br\/noticias\/categoria\/noticias\/\">#sus<\/a> <a href=\"https:\/\/wiy.com.br\/noticias\/categoria\/noticias\/\">#ibge<\/a><\/p>\n","protected":false},"excerpt":{"rendered":"<p>Por Philip Pullella CIDADE DO VATICANO (Reuters) &#8211; O papa Francisco declarou nesta sexta-feira que pol\u00edticos que se enfurecem contra homossexuais, ciganos e judeus o fazem lembrar de Hitler. &#8220;N\u00e3o \u00e9 coincid\u00eancia que, \u00e0s vezes, haja um ressurgimento de s\u00edmbolos t\u00edpicos do nazismo&#8221;, disse Francisco em um discurso aos participantes de uma confer\u00eancia internacional sobre [&hellip;]<\/p>\n","protected":false},"author":1,"featured_media":0,"comment_status":"open","ping_status":"open","sticky":false,"template":"","format":"standard","meta":{"footnotes":""},"categories":[337],"tags":[],"class_list":["post-37487","post","type-post","status-publish","format-standard","hentry","category-noticias"],"_links":{"self":[{"href":"https:\/\/wiy.com.br\/noticias\/wp-json\/wp\/v2\/posts\/37487","targetHints":{"allow":["GET"]}}],"collection":[{"href":"https:\/\/wiy.com.br\/noticias\/wp-json\/wp\/v2\/posts"}],"about":[{"href":"https:\/\/wiy.com.br\/noticias\/wp-json\/wp\/v2\/types\/post"}],"author":[{"embeddable":true,"href":"https:\/\/wiy.com.br\/noticias\/wp-json\/wp\/v2\/users\/1"}],"replies":[{"embeddable":true,"href":"https:\/\/wiy.com.br\/noticias\/wp-json\/wp\/v2\/comments?post=37487"}],"version-history":[{"count":0,"href":"https:\/\/wiy.com.br\/noticias\/wp-json\/wp\/v2\/posts\/37487\/revisions"}],"wp:attachment":[{"href":"https:\/\/wiy.com.br\/noticias\/wp-json\/wp\/v2\/media?parent=37487"}],"wp:term":[{"taxonomy":"category","embeddable":true,"href":"https:\/\/wiy.com.br\/noticias\/wp-json\/wp\/v2\/categories?post=37487"},{"taxonomy":"post_tag","embeddable":true,"href":"https:\/\/wiy.com.br\/noticias\/wp-json\/wp\/v2\/tags?post=37487"}],"curies":[{"name":"wp","href":"https:\/\/api.w.org\/{rel}","templated":true}]}}