{"id":37421,"date":"2023-02-26T15:41:19","date_gmt":"2023-02-26T18:41:19","guid":{"rendered":"https:\/\/wiy.com.br\/noticias\/jardins-verticais-tem-infestacoes-de-grilos-e-aranhas-em-sao-paulo\/"},"modified":"2019-11-15T13:11:23","modified_gmt":"2019-11-15T15:11:23","slug":"jardins-verticais-tem-infestacoes-de-grilos-e-aranhas-em-sao-paulo","status":"publish","type":"post","link":"https:\/\/wiy.com.br\/noticias\/jardins-verticais-tem-infestacoes-de-grilos-e-aranhas-em-sao-paulo\/","title":{"rendered":"Jardins verticais t\u00eam infesta\u00e7\u00f5es de grilos e aranhas em S\u00e3o Paulo"},"content":{"rendered":"<p> <br \/>\n<\/p>\n<p>Quatro mil metros quadrados de verde em sete <strong>jardins verticais<\/strong> percorrendo empenas do Minhoc\u00e3o. Um grande avan\u00e7o para uma regi\u00e3o cinzenta e \u00e0 procura de respiro, mas que n\u00e3o durou muito. Dos sete condom\u00ednios que receberam a estrutura, quatro pleiteiam junto \u00e0 prefeitura a retirada da vegeta\u00e7\u00e3o. Um deles j\u00e1 apelou at\u00e9 para a Justi\u00e7a.<\/p>\n<p>Isso porque, al\u00e9m do contrato j\u00e1 ter chegado ao fim, eles relatam que o poder p\u00fablico n\u00e3o cumpriu com as obriga\u00e7\u00f5es que estavam no documento. &#8220;Na proposta tinha um patroc\u00ednio, \u00e1gua de re\u00faso para o condom\u00ednio, reembolso de contas de \u00e1gua e energia el\u00e9trica. Enfim, melhorias para o pr\u00e9dio e para a regi\u00e3o, mas que nunca ocorreram&#8221;, diz Wendel Cardoso da Silva, s\u00edndico do Edif\u00edcio Bonfim. A conta de \u00e1gua do condom\u00ednio subiu cerca de 1 000 reais e se tornou insustent\u00e1vel para os moradores. Outro s\u00edndico insatisfeito \u00e9 Marco Mendo, do Santa Filomena, que recebeu o jardim em forma de carranca. &#8220;A manuten\u00e7\u00e3o ficou a dever, deixaram crescer mato. Tivemos infesta\u00e7\u00e3o de grilos e aranhas. Infiltra\u00e7\u00e3o tamb\u00e9m&#8221;, afirma.<\/p>\n<figure><img title = \"[Tags]\"alt = \"jardins-verticais-polemica-sao-paulo-03 Jardins verticais t\u00eam infesta\u00e7\u00f5es de grilos e aranhas em S\u00e3o Paulo\"decoding=\"async\" src=\"https:\/\/abrilvejasp.files.wordpress.com\/2019\/11\/jardins-verticais-polemica-sao-paulo-03.jpg\" \/><figcaption>&#8220;A manuten\u00e7\u00e3o ficou a dever, deixaram crescer mato. Tivemos infesta\u00e7\u00f5es de grilos e aranhas. Infiltra\u00e7\u00e3o tamb\u00e9m&#8221;, afirma o s\u00edndico Marco Mendo, do Santa Filomena<span class=\"copyright\">Rog\u00e9rio Pallatta\/Veja SP<\/span><\/figcaption><\/figure>\n<p>As estruturas surgiram entre 2015 e 2016 como medida compensat\u00f3ria para construtoras. As que tivessem retirado \u00e1reas verdes na cidade poderiam patrocinar a constru\u00e7\u00e3o de um jardim e arcar com sua manuten\u00e7\u00e3o por seis meses. Os projetos foram executados pelo neg\u00f3cio de impacto socioambiental <strong>Movimento 90\u00ba<\/strong>, especialista em jardins verticais e tetos verdes. Depois disso, nos dois anos e meio restantes no contrato, a prefeitura prometia assumir os custos de manuten\u00e7\u00e3o, o que nunca ocorreu, segundo eles. Silva e Mendo afirmam que jamais tiveram contato com agentes do poder municipal, somente com a empresa que instalou os pain\u00e9is. A experi\u00eancia de Vera L\u00facia Jesus foi diferente. Ela \u00e9 uma das s\u00edndicas que renovaram o contrato por mais dois anos e est\u00e1 satisfeita com seu jardim no Edif\u00edcio Huds. &#8220;Fico consternada pelo fato de os pr\u00e9dios vizinhos terem tido uma experi\u00eancia ruim. Tamb\u00e9m n\u00e3o recebi assist\u00eancia da prefeitura, mas o pessoal do Movimento 90\u00ba segurou as pontas na manuten\u00e7\u00e3o&#8221;, relata. Procurada pela reportagem, a Secretaria do Verde e do Meio Ambiente afirma em nota que nenhuma empresa manifestou interesse em patrocinar o projeto e que &#8220;est\u00e1 em elabora\u00e7\u00e3o o processo de or\u00e7amento para a retirada dos jardins nos edif\u00edcios localizados ao longo do elevado&#8221;.<\/p>\n<figure><img title = \"[Tags]\"alt = \"jardins-verticais-polemica-sao-paulo-03 Jardins verticais t\u00eam infesta\u00e7\u00f5es de grilos e aranhas em S\u00e3o Paulo\"decoding=\"async\" src=\"https:\/\/abrilvejasp.files.wordpress.com\/2019\/11\/jardins-verticais-polemica-sao-paulo-04.jpg\" \/><figcaption>Exce\u00e7\u00e3o: tr\u00eas dos condom\u00ednios devem manter jardim vertical<span class=\"copyright\">Rog\u00e9rio Pallatta\/Veja SP<\/span><\/figcaption><\/figure>\n<p><br \/>\n<br \/><a href=\"https:\/\/vejasp.abril.com.br\/cidades\/jardins-verticais-polemica-sao-paulo\/\">Fonte do Artigo <\/a><br \/>\nTags:<br \/>\n#loterias #loteriascaixa #megasena #resultadoapostas#noticias #noticiario  #noticia #brasil #noticiascolombia #mundo #esporte #colombia #noticiadeld #ltimasnoticias  #noticiario #noticiasregionales #noticiasdepartamentales #noticiashoy #esportes #noticiaahora #elinformantenoticias #noticiasdeboyac  #esporteinterativo #esportivo #diariodosesportes  #noticiero  #jogodefutebol #jogos #loto #apostas<\/p>\n","protected":false},"excerpt":{"rendered":"<p>Quatro mil metros quadrados de verde em sete jardins verticais percorrendo empenas do Minhoc\u00e3o. Um grande avan\u00e7o para uma regi\u00e3o cinzenta e \u00e0 procura de respiro, mas que n\u00e3o durou muito. Dos sete condom\u00ednios que receberam a estrutura, quatro pleiteiam junto \u00e0 prefeitura a retirada da vegeta\u00e7\u00e3o. Um deles j\u00e1 apelou at\u00e9 para a Justi\u00e7a. [&hellip;]<\/p>\n","protected":false},"author":1,"featured_media":37422,"comment_status":"open","ping_status":"open","sticky":false,"template":"","format":"standard","meta":{"footnotes":""},"categories":[1],"tags":[],"class_list":["post-37421","post","type-post","status-publish","format-standard","has-post-thumbnail","hentry","category-curso-de-copy"],"_links":{"self":[{"href":"https:\/\/wiy.com.br\/noticias\/wp-json\/wp\/v2\/posts\/37421","targetHints":{"allow":["GET"]}}],"collection":[{"href":"https:\/\/wiy.com.br\/noticias\/wp-json\/wp\/v2\/posts"}],"about":[{"href":"https:\/\/wiy.com.br\/noticias\/wp-json\/wp\/v2\/types\/post"}],"author":[{"embeddable":true,"href":"https:\/\/wiy.com.br\/noticias\/wp-json\/wp\/v2\/users\/1"}],"replies":[{"embeddable":true,"href":"https:\/\/wiy.com.br\/noticias\/wp-json\/wp\/v2\/comments?post=37421"}],"version-history":[{"count":0,"href":"https:\/\/wiy.com.br\/noticias\/wp-json\/wp\/v2\/posts\/37421\/revisions"}],"wp:featuredmedia":[{"embeddable":true,"href":"https:\/\/wiy.com.br\/noticias\/wp-json\/wp\/v2\/media\/37422"}],"wp:attachment":[{"href":"https:\/\/wiy.com.br\/noticias\/wp-json\/wp\/v2\/media?parent=37421"}],"wp:term":[{"taxonomy":"category","embeddable":true,"href":"https:\/\/wiy.com.br\/noticias\/wp-json\/wp\/v2\/categories?post=37421"},{"taxonomy":"post_tag","embeddable":true,"href":"https:\/\/wiy.com.br\/noticias\/wp-json\/wp\/v2\/tags?post=37421"}],"curies":[{"name":"wp","href":"https:\/\/api.w.org\/{rel}","templated":true}]}}