{"id":37354,"date":"2023-02-26T14:53:34","date_gmt":"2023-02-26T17:53:34","guid":{"rendered":"https:\/\/wiy.com.br\/noticias\/passarela-desaba-na-marginal-tiete-e-atinge-quatro-veiculos\/"},"modified":"2019-11-14T20:54:00","modified_gmt":"2019-11-14T22:54:00","slug":"passarela-desaba-na-marginal-tiete-e-atinge-quatro-veiculos","status":"publish","type":"post","link":"https:\/\/wiy.com.br\/noticias\/passarela-desaba-na-marginal-tiete-e-atinge-quatro-veiculos\/","title":{"rendered":"Passarela desaba na Marginal Tiet\u00ea e atinge quatro ve\u00edculos"},"content":{"rendered":"<p> <br \/>\n<\/p>\n<p>Uma passarela desabou na Marginal Tiet\u00ea no in\u00edcio da noite desta quinta-feira (14), v\u00e9spera de feriado, e atingiu quatro ve\u00edculos no sentido Rodovia Castello Branco. Um \u00f4nibus, dois caminh\u00f5es e um carro. Uma pessoa ficou levemente ferida.\u00a0<span class=\"tL8wMe EMoHub\">Por volta das 19h30, a lentid\u00e3o no sentido interior chegava aos 13,8 quil\u00f4metros.<\/span><span class=\"tL8wMe EMoHub\"><\/span><\/p>\n<figure><img title = \"[Tags]\"alt = \"passarela2 Passarela desaba na Marginal Tiet\u00ea e atinge quatro ve\u00edculos\"decoding=\"async\" src=\"https:\/\/abrilvejasp.files.wordpress.com\/2019\/11\/passarela2.jpg\" \/><figcaption>Passarela que desabou<span class=\"copyright\">TV Globo\/Reprodu\u00e7\u00e3o<\/span><\/figcaption><\/figure>\n<p>&nbsp;<\/p>\n<p><br \/>\n<br \/><a href=\"https:\/\/vejasp.abril.com.br\/cidades\/passarela-desaba-na-marginal-tiete-e-atinge-carros\/\">Fonte do Artigo <\/a><br \/>\nTags:<br \/>\n#loterias #loteriascaixa #megasena #resultadoapostas#noticias #noticiario  #noticia #brasil #noticiascolombia #mundo #esporte #colombia #noticiadeld #ltimasnoticias  #noticiario #noticiasregionales #noticiasdepartamentales #noticiashoy #esportes #noticiaahora #elinformantenoticias #noticiasdeboyac  #esporteinterativo #esportivo #diariodosesportes  #noticiero  #jogodefutebol #jogos #loto #apostas<\/p>\n","protected":false},"excerpt":{"rendered":"<p>Uma passarela desabou na Marginal Tiet\u00ea no in\u00edcio da noite desta quinta-feira (14), v\u00e9spera de feriado, e atingiu quatro ve\u00edculos no sentido Rodovia Castello Branco. Um \u00f4nibus, dois caminh\u00f5es e um carro. Uma pessoa ficou levemente ferida.\u00a0Por volta das 19h30, a lentid\u00e3o no sentido interior chegava aos 13,8 quil\u00f4metros. Passarela que desabouTV Globo\/Reprodu\u00e7\u00e3o &nbsp; Fonte [&hellip;]<\/p>\n","protected":false},"author":1,"featured_media":37355,"comment_status":"open","ping_status":"open","sticky":false,"template":"","format":"standard","meta":{"footnotes":""},"categories":[1],"tags":[],"class_list":["post-37354","post","type-post","status-publish","format-standard","has-post-thumbnail","hentry","category-curso-de-copy"],"_links":{"self":[{"href":"https:\/\/wiy.com.br\/noticias\/wp-json\/wp\/v2\/posts\/37354","targetHints":{"allow":["GET"]}}],"collection":[{"href":"https:\/\/wiy.com.br\/noticias\/wp-json\/wp\/v2\/posts"}],"about":[{"href":"https:\/\/wiy.com.br\/noticias\/wp-json\/wp\/v2\/types\/post"}],"author":[{"embeddable":true,"href":"https:\/\/wiy.com.br\/noticias\/wp-json\/wp\/v2\/users\/1"}],"replies":[{"embeddable":true,"href":"https:\/\/wiy.com.br\/noticias\/wp-json\/wp\/v2\/comments?post=37354"}],"version-history":[{"count":0,"href":"https:\/\/wiy.com.br\/noticias\/wp-json\/wp\/v2\/posts\/37354\/revisions"}],"wp:featuredmedia":[{"embeddable":true,"href":"https:\/\/wiy.com.br\/noticias\/wp-json\/wp\/v2\/media\/37355"}],"wp:attachment":[{"href":"https:\/\/wiy.com.br\/noticias\/wp-json\/wp\/v2\/media?parent=37354"}],"wp:term":[{"taxonomy":"category","embeddable":true,"href":"https:\/\/wiy.com.br\/noticias\/wp-json\/wp\/v2\/categories?post=37354"},{"taxonomy":"post_tag","embeddable":true,"href":"https:\/\/wiy.com.br\/noticias\/wp-json\/wp\/v2\/tags?post=37354"}],"curies":[{"name":"wp","href":"https:\/\/api.w.org\/{rel}","templated":true}]}}