{"id":37115,"date":"2023-02-26T15:28:02","date_gmt":"2023-02-26T18:28:02","guid":{"rendered":"https:\/\/wiy.com.br\/noticias\/lutadores-do-ufc-se-unem-em-prol-da-solidariedade-em-campanha-que-vale-cinturao-nobre\/"},"modified":"2019-11-12T20:55:07","modified_gmt":"2019-11-12T22:55:07","slug":"lutadores-do-ufc-se-unem-em-prol-da-solidariedade-em-campanha-que-vale-cinturao-nobre","status":"publish","type":"post","link":"https:\/\/wiy.com.br\/noticias\/lutadores-do-ufc-se-unem-em-prol-da-solidariedade-em-campanha-que-vale-cinturao-nobre\/","title":{"rendered":"Lutadores do UFC se unem em prol da solidariedade em campanha que vale cintur\u00e3o nobre"},"content":{"rendered":"<p> <br \/>\n<\/p>\n<div>\n<p>Atendendo ao convite do \u00eddolo Rodrigo Minotauro, diversos atletas brasileiros do UFC se uniram em prol de uma causa nobre: ajudar a fazer com que fam\u00edlias de baixa renda espalhadas pelo Brasil tenham uma Ceia de Natal mais feliz neste 2019. A miss\u00e3o \u00e9 em conjunto com a Legi\u00e3o da Boa Vontade, que h\u00e1 quase 70 anos atende a milh\u00f5es de pessoas em situa\u00e7\u00e3o de vulnerabilidade social, com in\u00fameras campanhas, incluindo a &#8220;Natal Permanente \u2013 Jesus, o P\u00e3o Nosso de cada dia&#8221;, respons\u00e1vel por arrecadar e distribuir toneladas de alimentos para mais 40 mil fam\u00edlias, que s\u00e3o atendidas durante o ano todo.<\/p>\n<p>N\u00e3o precisa ser lutador do UFC para apoiar esta nobre causa. Se voc\u00ea quiser mudar o Natal de outras fam\u00edlias, voc\u00ea pode fazer sua contribui\u00e7\u00e3o atrav\u00e9s do link dedicado aos competidores (www.lbv.org\/mma-social ) e, claro, ajudar na divulga\u00e7\u00e3o da campanha.<\/p>\n<p>&#8220;Para mim \u00e9 um prazer participar de todas as a\u00e7\u00f5es sociais da LBV, porque sei que \u00e9 uma institui\u00e7\u00e3o s\u00e9ria, j\u00e1 fez grandes trabalhos com a gente, temos experi\u00eancias com eventos sociais no Rio de Janeiro e conhe\u00e7o o trabalho s\u00e9rio que a LBV faz com o Jiu-Jitsu. \u00c9 um social com esporte. Que a gente possa beneficiar muitas fam\u00edlias que hoje n\u00e3o t\u00eam condi\u00e7\u00f5es de aproveitar uma boa Ceia neste Natal. Que Deus ilumine nossa campanha. Quero ver uma boa competi\u00e7\u00e3o para ver quem ganha este cintur\u00e3o da boa vontade. Este, sim, \u00e9 o maior cintur\u00e3o de todos&#8221;, exaltou Minotauro.<\/p>\n<div class=\"img_wrapp\"> <img title = \"[Tags]\"loading=\"lazy\" decoding=\"async\" src=\"http:\/\/extra.globo.com\/profile\/bl_combateextra\/24077492-0e6-573\/w640h360-PROP\/xminota-e-amanda-r.jpg.pagespeed.ic.Xlw3Px0mvE.jpg\"alt = \"xminota-e-amanda-r.jpg.pagespeed.ic.Xlw3Px0mvE Lutadores do UFC se unem em prol da solidariedade em campanha que vale cintur\u00e3o nobre\" width=\"640\" height=\"360\"\/><\/div>\n<p>O cintur\u00e3o ao qual a lenda do esporte se refere \u00e9 o ofertado pela LBV em parceria com Super R\u00e1dio Brasil, Prime Esportes e rede de supermercados Mega Box\/Zona Sul. O t\u00edtulo de boa vontade ser\u00e1 entregue ao lutador do estado que mais conseguir arrecadar alimentos para a campanha. Representante de Minas Gerais, a peso-palha Amanda Ribas mostrou-se bastante empenhada.<\/p>\n<p>&#8220;Estou muito feliz em fazer parte da campanha da Legi\u00e3o da Boa Vontade. Primeiro, porque eu vou ganhar o cintur\u00e3o! Vou me empenhar ao m\u00e1ximo para ganhar este cintur\u00e3o da boa vontade. E, o mais importante de tudo, que \u00e9 a campanha, vamos ajudar as fam\u00edlias nesse momento t\u00e3o especial, que \u00e9 o Natal. Na televis\u00e3o se fala muito em presente, presente, presente&#8230; mas e as fam\u00edlias mais necessitadas? A gente chegando com cesta b\u00e1sica, curso, palestra e energia de felicidade mesmo, de uni\u00e3o, de amor. Tenho certeza que este vai ser o maior ano de arrecada\u00e7\u00e3o e de transforma\u00e7\u00f5es de via. O cintur\u00e3o vai vir para Minas, galera (risos)&#8221;, vibrou a mineira de Varginha.<\/p>\n<p>Campe\u00e3o mundial de Jiu-Jitsu e rec\u00e9m-chegado \u00e0 categoria dos meio-m\u00e9dios do UFC, o niteroiense Gilbert Durinho tem a miss\u00e3o de movimentar a arrecada\u00e7\u00e3o no Estado do Rio de Janeiro. E, no que depender do lutador, o sucesso da campanha est\u00e1 garantido.<\/p>\n<p>&#8220;Para mim \u00e9 super especial fazer parte desta campanha. A LBV tem quase 70 anos e vem ajudando muita gente. E eu gosto muito do nome: boa vontade. Natal \u00e9 o nascimento de Cristo, \u00e9 um feriado que eu gosto de estar com a minha fam\u00edlia, ter uma boa Ceia. Ajudar a levar isso para pessoas carentes, para mim, \u00e9 imensur\u00e1vel, n\u00e3o tenho nem palavras. Ent\u00e3o, quando me chamaram para participar da campanha, eu aceitei na hora. Estou muito feliz em poder ajudar. Estou doando e vou convidar todo mundo do Rio para mudar para melhor o Natal de muitas pessoas no pa\u00eds&#8221;, explicou o meio-m\u00e9dio.<\/p>\n<p>Filho de m\u00e3e brasileira e pai chileno, o americano-brasileiro Vicente Luque endossou o discurso do companheiro de treino e de categoria Gilbert Durinho. Representante de Bras\u00edlia, onde foi criado, ele n\u00e3o pensou duas vezes antes de vestir a camisa dos volunt\u00e1rios de boa vontade.<\/p>\n<p>&#8220;Fico muito feliz com o convite da Legi\u00e3o da Boa Vontade, porque o Natal \u00e9 uma data super importante, \u00e9 o momento de estar junto com a fam\u00edlia, de compartilhar esse momento. Infelizmente muitas fam\u00edlias n\u00e3o t\u00eam essa condi\u00e7\u00e3o, ent\u00e3o, para que muitas dessas fam\u00edlias tenham uma Ceia digna, vou ajudar na arrecada\u00e7\u00e3o desses alimentos e vou incentivar o povo do Distrito Federal para apoiar essa campanha. Nosso povo \u00e9 muito solid\u00e1rio e acredito que teremos uma saldo positivo&#8221;, afirmou.<\/p>\n<\/p><\/div>\n<p><script>\n\t\t\t$(document).ready(function() {\n\t\t\t\t$.ajaxSetup({ cache: true });\n\t\t\t\t$.getScript('\/\/connect.facebook.net\/pt_BR\/sdk.js', function(){\n\t\t\t\t\tFB.init({\n\t\t\t\t\t\txfbml      : true,\n\t\t\t\t\t\tversion    : 'v2.5'\n\t\t\t\t\t});\n\t\t\t\t});\n\t\t\t});\n\t\t<\/script><br \/>\n<br \/><br \/>\n<br \/><a href=\"https:\/\/extra.globo.com\/esporte\/mma\/lutadores-do-ufc-se-unem-em-prol-da-solidariedade-em-campanha-que-vale-cinturao-nobre-24077502.html\">Fonte do Artigo <\/a><br \/>\nTags:<\/p>\n<p><a href=\"https:\/\/wiy.com.br\/noticias\/categoria\/noticias\/\">#noticia<\/a> <a href=\"https:\/\/wiy.com.br\/noticias\/categoria\/noticias\/\">#novidades<\/a> <a href=\"https:\/\/wiy.com.br\/noticias\/categoria\/noticias\/\">#noticias<\/a> <a href=\"https:\/\/wiy.com.br\/noticias\/categoria\/noticias\/\">#venezuela<\/a> <a href=\"https:\/\/wiy.com.br\/noticias\/categoria\/noticias\/\">#seo<\/a> <a href=\"https:\/\/wiy.com.br\/noticias\/categoria\/noticias\/\">#instagram<\/a> <a href=\"https:\/\/wiy.com.br\/noticias\/categoria\/noticias\/\">#cicpc<\/a> <a href=\"https:\/\/wiy.com.br\/noticias\/categoria\/noticias\/\">#policia<\/a> <a href=\"https:\/\/wiy.com.br\/noticias\/categoria\/noticias\/\">#ultimahora<\/a> <a href=\"https:\/\/wiy.com.br\/noticias\/categoria\/noticias\/\">#seguridade<\/a> <a href=\"https:\/\/wiy.com.br\/noticias\/categoria\/noticias\/\">#informacao<\/a> <a href=\"https:\/\/wiy.com.br\/noticias\/categoria\/noticias\/\">#paz<\/a> <a href=\"https:\/\/wiy.com.br\/noticias\/categoria\/noticias\/\">#urgente<\/a> <a href=\"https:\/\/wiy.com.br\/noticias\/categoria\/noticias\/\">#policiacientifica<\/a> <a href=\"https:\/\/wiy.com.br\/noticias\/categoria\/noticias\/\">#criminalisticcicpc<\/a> <a href=\"https:\/\/wiy.com.br\/noticias\/categoria\/noticias\/\">#crimes<\/a> <a href=\"https:\/\/wiy.com.br\/noticias\/categoria\/noticias\/\">#extra<\/a> <a href=\"https:\/\/wiy.com.br\/noticias\/categoria\/noticias\/\">#ultimahoranoticia<\/a> <a href=\"https:\/\/wiy.com.br\/noticias\/categoria\/noticias\/\">#brazil247<\/a> <a href=\"https:\/\/wiy.com.br\/noticias\/categoria\/noticias\/\">#governo<\/a> <a href=\"https:\/\/wiy.com.br\/noticias\/categoria\/noticias\/\">#brasil247<\/a> <a href=\"https:\/\/wiy.com.br\/noticias\/categoria\/noticias\/\">#bolsonaro<\/a> <a href=\"https:\/\/wiy.com.br\/noticias\/categoria\/noticias\/\">#jornalismo<\/a> <a href=\"https:\/\/wiy.com.br\/noticias\/categoria\/noticias\/\">#informacoes<\/a> <a href=\"https:\/\/wiy.com.br\/noticias\/categoria\/noticias\/\">#news<\/a> <a href=\"https:\/\/wiy.com.br\/noticias\/categoria\/noticias\/\">#jornal<\/a> <a href=\"https:\/\/wiy.com.br\/noticias\/categoria\/noticias\/\">#tiktok<\/a> <a href=\"https:\/\/wiy.com.br\/noticias\/categoria\/noticias\/\">#fgts<\/a> <a href=\"https:\/\/wiy.com.br\/noticias\/categoria\/noticias\/\">#pis<\/a> <a href=\"https:\/\/wiy.com.br\/noticias\/categoria\/noticias\/\">#caixa<\/a> <a href=\"https:\/\/wiy.com.br\/noticias\/categoria\/noticias\/\">#loterias<\/a> <a href=\"https:\/\/wiy.com.br\/noticias\/categoria\/noticias\/\">#megasena<\/a> <a href=\"https:\/\/wiy.com.br\/noticias\/categoria\/noticias\/\">#lotofacil<\/a> <a href=\"https:\/\/wiy.com.br\/noticias\/categoria\/noticias\/\">#megamania<\/a> <a href=\"https:\/\/wiy.com.br\/noticias\/categoria\/noticias\/\">#sus<\/a> <a href=\"https:\/\/wiy.com.br\/noticias\/categoria\/noticias\/\">#ibge<\/a><\/p>\n","protected":false},"excerpt":{"rendered":"<p>Atendendo ao convite do \u00eddolo Rodrigo Minotauro, diversos atletas brasileiros do UFC se uniram em prol de uma causa nobre: ajudar a fazer com que fam\u00edlias de baixa renda espalhadas pelo Brasil tenham uma Ceia de Natal mais feliz neste 2019. A miss\u00e3o \u00e9 em conjunto com a Legi\u00e3o da Boa Vontade, que h\u00e1 quase [&hellip;]<\/p>\n","protected":false},"author":1,"featured_media":37116,"comment_status":"open","ping_status":"open","sticky":false,"template":"","format":"standard","meta":{"footnotes":""},"categories":[337],"tags":[],"class_list":["post-37115","post","type-post","status-publish","format-standard","has-post-thumbnail","hentry","category-noticias"],"_links":{"self":[{"href":"https:\/\/wiy.com.br\/noticias\/wp-json\/wp\/v2\/posts\/37115","targetHints":{"allow":["GET"]}}],"collection":[{"href":"https:\/\/wiy.com.br\/noticias\/wp-json\/wp\/v2\/posts"}],"about":[{"href":"https:\/\/wiy.com.br\/noticias\/wp-json\/wp\/v2\/types\/post"}],"author":[{"embeddable":true,"href":"https:\/\/wiy.com.br\/noticias\/wp-json\/wp\/v2\/users\/1"}],"replies":[{"embeddable":true,"href":"https:\/\/wiy.com.br\/noticias\/wp-json\/wp\/v2\/comments?post=37115"}],"version-history":[{"count":0,"href":"https:\/\/wiy.com.br\/noticias\/wp-json\/wp\/v2\/posts\/37115\/revisions"}],"wp:featuredmedia":[{"embeddable":true,"href":"https:\/\/wiy.com.br\/noticias\/wp-json\/wp\/v2\/media\/37116"}],"wp:attachment":[{"href":"https:\/\/wiy.com.br\/noticias\/wp-json\/wp\/v2\/media?parent=37115"}],"wp:term":[{"taxonomy":"category","embeddable":true,"href":"https:\/\/wiy.com.br\/noticias\/wp-json\/wp\/v2\/categories?post=37115"},{"taxonomy":"post_tag","embeddable":true,"href":"https:\/\/wiy.com.br\/noticias\/wp-json\/wp\/v2\/tags?post=37115"}],"curies":[{"name":"wp","href":"https:\/\/api.w.org\/{rel}","templated":true}]}}