{"id":37098,"date":"2023-02-26T15:37:33","date_gmt":"2023-02-26T18:37:33","guid":{"rendered":"https:\/\/wiy.com.br\/noticias\/retrato-raro-de-mozart-adolescente-sera-leiloado-em-paris\/"},"modified":"2019-11-12T18:53:12","modified_gmt":"2019-11-12T20:53:12","slug":"retrato-raro-de-mozart-adolescente-sera-leiloado-em-paris","status":"publish","type":"post","link":"https:\/\/wiy.com.br\/noticias\/retrato-raro-de-mozart-adolescente-sera-leiloado-em-paris\/","title":{"rendered":"Retrato raro de Mozart adolescente ser\u00e1 leiloado em Paris"},"content":{"rendered":"<p> <br \/>\n<\/p>\n<div property=\"na:ArticleBody\">\n<p>PARIS (Reuters) &#8211; Um retrato raro do compositor austr\u00edaco Wolfgang Amadeus Mozart ser\u00e1 posto \u00e0 venda pela casa de leil\u00f5es brit\u00e2nica Christie&#8217;s no dia 27 de novembro por um pre\u00e7o estimado entre 800 mil e 1,2 milh\u00e3o de euros.<\/p>\n<p>A obra de arte, um de quatro retratos pintados durante a vida do compositor e ainda parte de uma cole\u00e7\u00e3o particular, foi feita em 1770 e atribu\u00edda ao pintor italiano Giambettino Cignaroli.<\/p>\n<p>&#8220;\u00c9 uma das pinturas muito raras cuja hist\u00f3ria conhecemos desde o in\u00edcio&#8221;, disse Astrid Centner-d&#8217;Oultremont, chefe do departamento de Velhos Mestres da Christie&#8217;s de Paris, \u00e0 Reuters TV em uma entrevista.<\/p>\n<p>O retrato em tela a \u00f3leo mostra um Mozart de 13 anos tocando um cravo diante de uma partitura e usando uma peruca branca e uma sobrecasaca vermelha.<\/p>\n<p>\u00c0 \u00e9poca da pintura, Mozart viajava pela It\u00e1lia para continuar sua educa\u00e7\u00e3o art\u00edstica, dando concertos em todo o pa\u00eds.<\/p>\n<p>O retrato foi encomendado pelo curador-geral veneziano Pietro Lugiati alguns dias depois de um concerto de \u00f3rg\u00e3o realizado por Mozart em Verona em janeiro de 1770.<\/p>\n<p>&#8220;Pietro Lugiati ficou muito impressionado com o talento do jovem Mozart quando ele viajava pela It\u00e1lia com o pai&#8221;, disse Centner-d&#8217;Oultremont.<\/p>\n<p>Mozart nasceu em 1756 em Salzburgo, na \u00c1ustria, e morreu em 1791, aos 35 anos de idade.<\/p>\n<p>(Por Kathryn Carlson)<\/p>\n<\/p><\/div>\n<p><script>\n\t\t\t$(document).ready(function() {\n\t\t\t\t$.ajaxSetup({ cache: true });\n\t\t\t\t$.getScript('\/\/connect.facebook.net\/pt_BR\/sdk.js', function(){\n\t\t\t\t\tFB.init({\n\t\t\t\t\t\txfbml      : true,\n\t\t\t\t\t\tversion    : 'v2.5'\n\t\t\t\t\t});\n\t\t\t\t});\n\t\t\t});\n\t\t<\/script><br \/>\n<br \/><br \/>\n<br \/><a href=\"https:\/\/extra.globo.com\/tv-e-lazer\/retrato-raro-de-mozart-adolescente-sera-leiloado-em-paris-24077159.html\">Fonte do Artigo <\/a><br \/>\nTags:<\/p>\n<p><a href=\"https:\/\/wiy.com.br\/noticias\/categoria\/noticias\/\">#noticia<\/a> <a href=\"https:\/\/wiy.com.br\/noticias\/categoria\/noticias\/\">#novidades<\/a> <a href=\"https:\/\/wiy.com.br\/noticias\/categoria\/noticias\/\">#noticias<\/a> <a href=\"https:\/\/wiy.com.br\/noticias\/categoria\/noticias\/\">#venezuela<\/a> <a href=\"https:\/\/wiy.com.br\/noticias\/categoria\/noticias\/\">#seo<\/a> <a href=\"https:\/\/wiy.com.br\/noticias\/categoria\/noticias\/\">#instagram<\/a> <a href=\"https:\/\/wiy.com.br\/noticias\/categoria\/noticias\/\">#cicpc<\/a> <a href=\"https:\/\/wiy.com.br\/noticias\/categoria\/noticias\/\">#policia<\/a> <a href=\"https:\/\/wiy.com.br\/noticias\/categoria\/noticias\/\">#ultimahora<\/a> <a href=\"https:\/\/wiy.com.br\/noticias\/categoria\/noticias\/\">#seguridade<\/a> <a href=\"https:\/\/wiy.com.br\/noticias\/categoria\/noticias\/\">#informacao<\/a> <a href=\"https:\/\/wiy.com.br\/noticias\/categoria\/noticias\/\">#paz<\/a> <a href=\"https:\/\/wiy.com.br\/noticias\/categoria\/noticias\/\">#urgente<\/a> <a href=\"https:\/\/wiy.com.br\/noticias\/categoria\/noticias\/\">#policiacientifica<\/a> <a href=\"https:\/\/wiy.com.br\/noticias\/categoria\/noticias\/\">#criminalisticcicpc<\/a> <a href=\"https:\/\/wiy.com.br\/noticias\/categoria\/noticias\/\">#crimes<\/a> <a href=\"https:\/\/wiy.com.br\/noticias\/categoria\/noticias\/\">#extra<\/a> <a href=\"https:\/\/wiy.com.br\/noticias\/categoria\/noticias\/\">#ultimahoranoticia<\/a> <a href=\"https:\/\/wiy.com.br\/noticias\/categoria\/noticias\/\">#brazil247<\/a> <a href=\"https:\/\/wiy.com.br\/noticias\/categoria\/noticias\/\">#governo<\/a> <a href=\"https:\/\/wiy.com.br\/noticias\/categoria\/noticias\/\">#brasil247<\/a> <a href=\"https:\/\/wiy.com.br\/noticias\/categoria\/noticias\/\">#bolsonaro<\/a> <a href=\"https:\/\/wiy.com.br\/noticias\/categoria\/noticias\/\">#jornalismo<\/a> <a href=\"https:\/\/wiy.com.br\/noticias\/categoria\/noticias\/\">#informacoes<\/a> <a href=\"https:\/\/wiy.com.br\/noticias\/categoria\/noticias\/\">#news<\/a> <a href=\"https:\/\/wiy.com.br\/noticias\/categoria\/noticias\/\">#jornal<\/a> <a href=\"https:\/\/wiy.com.br\/noticias\/categoria\/noticias\/\">#tiktok<\/a> <a href=\"https:\/\/wiy.com.br\/noticias\/categoria\/noticias\/\">#fgts<\/a> <a href=\"https:\/\/wiy.com.br\/noticias\/categoria\/noticias\/\">#pis<\/a> <a href=\"https:\/\/wiy.com.br\/noticias\/categoria\/noticias\/\">#caixa<\/a> <a href=\"https:\/\/wiy.com.br\/noticias\/categoria\/noticias\/\">#loterias<\/a> <a href=\"https:\/\/wiy.com.br\/noticias\/categoria\/noticias\/\">#megasena<\/a> <a href=\"https:\/\/wiy.com.br\/noticias\/categoria\/noticias\/\">#lotofacil<\/a> <a href=\"https:\/\/wiy.com.br\/noticias\/categoria\/noticias\/\">#megamania<\/a> <a href=\"https:\/\/wiy.com.br\/noticias\/categoria\/noticias\/\">#sus<\/a> <a href=\"https:\/\/wiy.com.br\/noticias\/categoria\/noticias\/\">#ibge<\/a><\/p>\n","protected":false},"excerpt":{"rendered":"<p>PARIS (Reuters) &#8211; Um retrato raro do compositor austr\u00edaco Wolfgang Amadeus Mozart ser\u00e1 posto \u00e0 venda pela casa de leil\u00f5es brit\u00e2nica Christie&#8217;s no dia 27 de novembro por um pre\u00e7o estimado entre 800 mil e 1,2 milh\u00e3o de euros. A obra de arte, um de quatro retratos pintados durante a vida do compositor e ainda [&hellip;]<\/p>\n","protected":false},"author":1,"featured_media":0,"comment_status":"open","ping_status":"open","sticky":false,"template":"","format":"standard","meta":{"footnotes":""},"categories":[337],"tags":[],"class_list":["post-37098","post","type-post","status-publish","format-standard","hentry","category-noticias"],"_links":{"self":[{"href":"https:\/\/wiy.com.br\/noticias\/wp-json\/wp\/v2\/posts\/37098","targetHints":{"allow":["GET"]}}],"collection":[{"href":"https:\/\/wiy.com.br\/noticias\/wp-json\/wp\/v2\/posts"}],"about":[{"href":"https:\/\/wiy.com.br\/noticias\/wp-json\/wp\/v2\/types\/post"}],"author":[{"embeddable":true,"href":"https:\/\/wiy.com.br\/noticias\/wp-json\/wp\/v2\/users\/1"}],"replies":[{"embeddable":true,"href":"https:\/\/wiy.com.br\/noticias\/wp-json\/wp\/v2\/comments?post=37098"}],"version-history":[{"count":0,"href":"https:\/\/wiy.com.br\/noticias\/wp-json\/wp\/v2\/posts\/37098\/revisions"}],"wp:attachment":[{"href":"https:\/\/wiy.com.br\/noticias\/wp-json\/wp\/v2\/media?parent=37098"}],"wp:term":[{"taxonomy":"category","embeddable":true,"href":"https:\/\/wiy.com.br\/noticias\/wp-json\/wp\/v2\/categories?post=37098"},{"taxonomy":"post_tag","embeddable":true,"href":"https:\/\/wiy.com.br\/noticias\/wp-json\/wp\/v2\/tags?post=37098"}],"curies":[{"name":"wp","href":"https:\/\/api.w.org\/{rel}","templated":true}]}}