{"id":36928,"date":"2023-02-26T15:44:53","date_gmt":"2023-02-26T18:44:53","guid":{"rendered":"https:\/\/wiy.com.br\/noticias\/mercado-financeiro-eleva-previsao-para-o-pib-de-2020\/"},"modified":"2019-11-11T11:39:11","modified_gmt":"2019-11-11T13:39:11","slug":"mercado-financeiro-eleva-previsao-para-o-pib-de-2020","status":"publish","type":"post","link":"https:\/\/wiy.com.br\/noticias\/mercado-financeiro-eleva-previsao-para-o-pib-de-2020\/","title":{"rendered":"Mercado financeiro eleva previs\u00e3o para o PIB de 2020"},"content":{"rendered":"<p> <br \/>\n<\/p>\n<div id=\"\">\n<h2 class=\"article-subtitle\">Expectativa \u00e9 que o pa\u00eds cres\u00e7a 2,08% no ano que vem e 0,92% neste ano<\/h2>\n<div class=\"article-author\">\n<p>Por <span><strong>da Reda\u00e7\u00e3o<\/strong><\/span><\/p>\n<p>\n      <i class=\"material-icons\">access_time<\/i><br \/>\n      <span><br \/>\n        11 nov 2019, 09h45      <\/span>\n    <\/p>\n<\/p><\/div>\n<\/p><\/div>\n<div id=\"\">\n<div class=\"featured-image\">\n<div class=\"image\">\n\t\t\t\t\t\t\t\t\t\t<img title = \"[Tags]\"data-src=\"https:\/\/abrilveja.files.wordpress.com\/2019\/05\/brasil-economia-pib-02042009-001.jpg\" class=\"abril-image optimized lazyload\" abril-data-id=\"3286699\"  data- data-pin-nopin=\"true\"alt = \"brasil-economia-pib-02042009-001 Mercado financeiro eleva previs\u00e3o para o PIB de 2020\"\/><\/div>\n<p class=\"caption\">\u00cdndices econ\u00f4micos\u00a0(thiagonori\/Getty Images)<\/p>\n<\/p><\/div>\n<p>Economistas consultados pelo<span>\u00a0<\/span><a href=\"https:\/\/veja.abril.com.br\/noticias-sobre\/banco-central\"><strong>Banco Central<\/strong><\/a><span> elevaram <\/span>a previs\u00e3o do<span>\u00a0<\/span><a href=\"https:\/\/veja.abril.com.br\/noticias-sobre\/pib\"><strong>Produto Interno Bruto (PIB)<\/strong><\/a><span>\u00a0<\/span>para o ano que vem. A nova proje\u00e7\u00e3o \u00e9 de 2,08%. J\u00e1 na semana passada, os analistas estimavam 2%. Para este ano, o mercado manteve a estimativa de crescimento de 0,92%. Os dados est\u00e3o no<span>\u00a0<\/span><a href=\"https:\/\/veja.abril.com.br\/noticias-sobre\/boletim-focus\"><strong>Boletim Focus<\/strong><\/a>, divulgado nesta segunda-feira, 11.<\/p>\n<p>Com a estimativa, os analistas enxergam a economia com o melhor desempenho desde 2013, quando o indicador avan\u00e7ou 3%. <span>O PIB \u00e9 a soma de todos os bens e servi\u00e7os feitos no pa\u00eds.\u00a0<\/span><\/p>\n<p>O relat\u00f3rio divulgado nesta segunda-feira tamb\u00e9m traz revis\u00e3o na expectativa de infla\u00e7\u00e3o para esse ano. Segundo o Focus, o \u00cdndice Nacional de Pre\u00e7os ao Consumidor Amplo (IPCA) deve encerrar o ano em 3,31%, na semana passada a estimativa era de 3,29%. A expectativa segue abaixo da meta central, de 4,25%. O intervalo de toler\u00e2ncia do sistema de metas varia de 2,75% a 5,75%. Para 2020, o mercado financeiro manteve em 3,60% sua previs\u00e3o. No pr\u00f3ximo ano, a meta central de infla\u00e7\u00e3o \u00e9 de 4%, tendo toler\u00e2ncia entre 2,5% e 5,5%.<\/p>\n<h3>Juros e c\u00e2mbio<\/h3>\n<p>O mercado manteve a proje\u00e7\u00e3o para a taxa b\u00e1sica de juros, a Selic. a<span> 4,5% ao ano ao fim de 2019 e 2020. No comunicado da redu\u00e7\u00e3o da Selic de 5,5% para 5%, o Comit\u00ea de Pol\u00edtica Monet\u00e1ria (Copom) indicou que deve cortar a Selic em mais 0,5 ponto percentual em dezembro para estimular a retomada da economia, que continua com alto grau de ociosidade.<\/span><\/p>\n<div class=\"mc-column content-text active-extra-styles \">\n<p><span>A proje\u00e7\u00e3o do mercado financeiro para a taxa de c\u00e2mbio no fim de 2019 permaneceu em 4 reais por d\u00f3lar. Na sexta-feira, a moeda americana fechou acima deste valor, a 4,17 reais, em uma semana marcada pela frustra\u00e7\u00e3o nos leil\u00f5es do petr\u00f3leo e a soltura do ex-presidente Luiz In\u00e1cio Lula da Silva. Para o fechamento de 2020, a previs\u00e3o continuou est\u00e1vel em 4 reais por d\u00f3lar.<\/span><\/p>\n<\/div>\n<p>              <!-- adiciona categoria materia --><\/p>\n<p>              <!-- adiciona categoria materia -->\n\t\t\t\t\t\t\t\t\t\t\t\t\t\t\t\t\t\t\t\t\t\t\t\t\t\t\t\t\t\t\t\t\t\t\t\t\t\t\t\t\t\t\t\t\t\t\t\t\t\t\t\t\t\t\t\t\t\t\t\t\t\t\t\t\t\t\t\t\t\t\t\t\t\t\t\t\t\t\t\t\t\t\t\t\t\t\t\t\t\t\t\t\t\t\t\t\t\t\t\t\t\t\t\t\t\t\t\t\t\t\t\t\t\t\t\t\t\t\t\t\t\t\t\t\t\t\t\t\t\t\t\t\t\t\t\t\t\t\t\t\t\t\t\t\t\t\t\t\t\t\t\t\t\t\t\t\t\t\t\t\t\t\t\t\t\t\t\t\t\t\t\t\t\t\t<\/div>\n<p><br \/>\n<br \/><a href=\"https:\/\/veja.abril.com.br\/economia\/mercado-financeiro-eleva-previsao-para-o-pib-de-2020\/\">Fonte do Artigo<\/a><br \/>\nTags: <\/p>\n<p><a title=\"IBJE\" href=\"https:\/\/ibge.gov.br\/\">#IBJE<\/a> <a title=\"FGV\" href=\"https:\/\/portal.fgv.br\/\">#FGV<\/a> <a title=\"LOTOFACIL\" href=\"http:\/\/loterias.caixa.gov.br\/wps\/portal\/loterias\/landing\/lotofacil\/\">#LOTOFACIL<\/a> <a title=\"TINDER\" href=\"https:\/\/tinder.com\/?lang=pt-BR\">#TINDER<\/a> <a title=\"GMAILGOOGLE\" href=\"https:\/\/mail.google.com\">#GMAILGOOGLE<\/a> <a title=\"TIKTOK\" href=\"https:\/\/www.tiktok.com\/pt_BR\/\">#TIKTOK<\/a><\/p>\n","protected":false},"excerpt":{"rendered":"<p>Expectativa \u00e9 que o pa\u00eds cres\u00e7a 2,08% no ano que vem e 0,92% neste ano Por da Reda\u00e7\u00e3o access_time 11 nov 2019, 09h45 \u00cdndices econ\u00f4micos\u00a0(thiagonori\/Getty Images) Economistas consultados pelo\u00a0Banco Central elevaram a previs\u00e3o do\u00a0Produto Interno Bruto (PIB)\u00a0para o ano que vem. A nova proje\u00e7\u00e3o \u00e9 de 2,08%. J\u00e1 na semana passada, os analistas estimavam 2%. [&hellip;]<\/p>\n","protected":false},"author":1,"featured_media":31361,"comment_status":"open","ping_status":"open","sticky":false,"template":"","format":"standard","meta":{"footnotes":""},"categories":[7],"tags":[],"class_list":["post-36928","post","type-post","status-publish","format-standard","has-post-thumbnail","hentry","category-economia"],"_links":{"self":[{"href":"https:\/\/wiy.com.br\/noticias\/wp-json\/wp\/v2\/posts\/36928","targetHints":{"allow":["GET"]}}],"collection":[{"href":"https:\/\/wiy.com.br\/noticias\/wp-json\/wp\/v2\/posts"}],"about":[{"href":"https:\/\/wiy.com.br\/noticias\/wp-json\/wp\/v2\/types\/post"}],"author":[{"embeddable":true,"href":"https:\/\/wiy.com.br\/noticias\/wp-json\/wp\/v2\/users\/1"}],"replies":[{"embeddable":true,"href":"https:\/\/wiy.com.br\/noticias\/wp-json\/wp\/v2\/comments?post=36928"}],"version-history":[{"count":0,"href":"https:\/\/wiy.com.br\/noticias\/wp-json\/wp\/v2\/posts\/36928\/revisions"}],"wp:featuredmedia":[{"embeddable":true,"href":"https:\/\/wiy.com.br\/noticias\/wp-json\/wp\/v2\/media\/31361"}],"wp:attachment":[{"href":"https:\/\/wiy.com.br\/noticias\/wp-json\/wp\/v2\/media?parent=36928"}],"wp:term":[{"taxonomy":"category","embeddable":true,"href":"https:\/\/wiy.com.br\/noticias\/wp-json\/wp\/v2\/categories?post=36928"},{"taxonomy":"post_tag","embeddable":true,"href":"https:\/\/wiy.com.br\/noticias\/wp-json\/wp\/v2\/tags?post=36928"}],"curies":[{"name":"wp","href":"https:\/\/api.w.org\/{rel}","templated":true}]}}