{"id":36885,"date":"2023-02-26T15:05:16","date_gmt":"2023-02-26T18:05:16","guid":{"rendered":"https:\/\/wiy.com.br\/noticias\/doria-e-zema-apoiam-pec-da-segunda-instancia-e-criticam-extremismo\/"},"modified":"2019-11-10T15:06:14","modified_gmt":"2019-11-10T17:06:14","slug":"doria-e-zema-apoiam-pec-da-segunda-instancia-e-criticam-extremismo","status":"publish","type":"post","link":"https:\/\/wiy.com.br\/noticias\/doria-e-zema-apoiam-pec-da-segunda-instancia-e-criticam-extremismo\/","title":{"rendered":"Doria e Zema apoiam PEC da segunda inst\u00e2ncia e criticam extremismo"},"content":{"rendered":"<p> <br \/>\n<\/p>\n<p>S\u00e3o Paulo &#8211; Os governadores de S\u00e3o Paulo, <strong><a href=\"https:\/\/exame.abril.com.br\/noticias-sobre\/joao-doria-junior\/\">Jo\u00e3o Doria (PSDB)<\/a><\/strong>, e Minas Gerais, <strong><a href=\"https:\/\/exame.abril.com.br\/noticias-sobre\/romeu-zema\/\">Romeu Zema (Novo)<\/a><\/strong>, gravaram um v\u00eddeo juntos neste s\u00e1bado, 9, em que defendem uma Proposta de Emenda \u00e0 Constitui\u00e7\u00e3o (PEC) que permita a pris\u00e3o ap\u00f3s condena\u00e7\u00e3o em segunda inst\u00e2ncia. A mensagem vem um dia ap\u00f3s a <a href=\"https:\/\/exame.abril.com.br\/brasil\/lula-deixa-a-policia-federal-de-curitiba-apos-autorizacao-da-justica\/\">soltura do ex-presidente Luiz In\u00e1cio Lula da Silva<\/a>, liberado ap\u00f3s o Supremo Tribunal Federal (STF) ter proibido o cumprimento de pena antes do esgotamento de todos os recursos na Justi\u00e7a.<\/p>\n<p>&#8220;Minas Gerais e S\u00e3o Paulo estar\u00e3o juntos com o PSDB e com o Novo no Congresso Nacional, que \u00e9 pelo Congresso Nacional que a PEC que vai estabelecer o ju\u00edzo definitivo para que condenados em segunda inst\u00e2ncia cumpram a pena na cadeia&#8221;, afirmou Doria, destacando a necessidade de se valorizar as institui\u00e7\u00f5es.<\/p>\n<div class=\"widget-news widget-box no-margin no-border\"><span class=\"widget-news-title content-box-title\">Veja tamb\u00e9m<\/span><\/p>\n<ul class=\"widget-news-list\">\n<li class=\"widget-news-item without-thumb with-border\">\n<div class=\"widget-news-info\"><a href=\"http:\/\/exame.abril.com.br\/brasil\">BRASIL<\/a><span class=\"widget-news-item-title\"><a href=\"https:\/\/exame.abril.com.br\/brasil\/lula-ataca-lava-jato-critica-bolsonaro-e-diz-que-vai-lutar-pelo-brasil\/\">Lula ataca Lava Jato, critica Bolsonaro e diz que vai &#8220;lutar pelo Brasil&#8221;<\/a><\/span><span class=\"widget-news-item-date\">8 nov 2019 &#8211; 18h11<\/span><\/div>\n<\/li>\n<\/ul>\n<\/div>\n<p>Romeu Zema refor\u00e7ou a mensagem ao dizer que o Brasil precisa de instrumentos em sua legisla\u00e7\u00e3o que permitam &#8220;punir todos os criminosos&#8221;. &#8220;Com radicalismo, com extremismo, n\u00e3o vamos resolver nada. Muito pelo contr\u00e1rio, vamos agravar a situa\u00e7\u00e3o. Precisamos ser ponderados nesse momento de fortalecer todas as institui\u00e7\u00f5es. \u00c9 atrav\u00e9s delas que vamos encontrar a solu\u00e7\u00e3o que o Brasil precisa&#8221;, afirmou o governador mineiro.<\/p>\n<blockquote class=\"twitter-tweet\">\n<p>Brasileiros de bem unidos a favor da mudan\u00e7a constitucional que permitir\u00e1 a pris\u00e3o de condenados em 2\u00aa inst\u00e2ncia. <img title = \"[Tags]\"decoding=\"async\" src=\"https:\/\/s0.wp.com\/wp-content\/mu-plugins\/wpcom-smileys\/twemoji\/2\/72x72\/1f1e7-1f1f7.png\"alt = \"1f1e7-1f1f7 Doria e Zema apoiam PEC da segunda inst\u00e2ncia e criticam extremismo\" class=\"wp-smiley\" \/> <a href=\"https:\/\/twitter.com\/RomeuZema?ref_src=twsrc%5Etfw\">@RomeuZema<\/a> <a href=\"https:\/\/t.co\/eNEHKwg6hz\">pic.twitter.com\/eNEHKwg6hz<\/a><\/p>\n<p>\u2014 Jo\u00e3o Doria (@jdoriajr) <a href=\"https:\/\/twitter.com\/jdoriajr\/status\/1193282567623118849?ref_src=twsrc%5Etfw\">November 9, 2019<\/a><\/p>\n<\/blockquote>\n<p><span><a href=\"https:\/\/platform.twitter.com\/widgets.js\">https:\/\/platform.twitter.com\/widgets.js<\/a><\/span><\/p>\n<p>O objetivo da PEC \u00e9 alterar o artigo 283 do C\u00f3digo de Processo Penal (CPP). O texto s\u00f3 prev\u00ea encarceramento sem o esgotamento dos recursos na Justi\u00e7a em casos de flagrante, pris\u00e3o tempor\u00e1ria ou preventiva.<\/p>\n<p>Os governadores dos dois Estados mais populosos do Brasil sa\u00edram em defesa da mudan\u00e7a na lei no mesmo dia em que manifestantes ao redor do Brasil foram \u00e0s ruas para pedir a volta da possibilidade de pris\u00e3o em segunda inst\u00e2ncia. Atos foram registrados em cidades como S\u00e3o Paulo, Rio de Janeiro, Bras\u00edlia, Belo Horizonte, Curitiba e Porto Alegre.<\/p>\n<h3>Contexto<\/h3>\n<p>Para ser aprovada na C\u00e2mara dos Deputados, a PEC precisa passar pela Comiss\u00e3o de Constitui\u00e7\u00e3o e Justi\u00e7a, a CCJ &#8211; s\u00e3o necess\u00e1rios 34 votos dos 66 integrantes. Depois, passa por uma comiss\u00e3o especial e, ent\u00e3o, pode ser apreciada pelo plen\u00e1rio da Casa. L\u00e1, precisa do apoio de tr\u00eas quintos dos deputados &#8211; 308 dos 513.<\/p>\n<p>H\u00e1 uma proposta similar no Senado Federal. Na sexta, a Coluna do Estad\u00e3o mostrou que parlamentares do grupo Muda Senado v\u00e3o pedir ao presidente da Casa, Davi Alcolumbre, para analis\u00e1-la direto no plen\u00e1rio, sem antes passar pela CCJ. A justificativa \u00e9 o feriado da pr\u00f3xima semana e a convoca\u00e7\u00e3o de uma sess\u00e3o extraordin\u00e1ria para tratar da reforma da Previd\u00eancia. A medida enfrenta resist\u00eancia entre lideran\u00e7as partid\u00e1rias.<\/p>\n<p><em>Por Paulo Beraldo<\/em><\/p>\n<p><br \/>\n<br \/><a href=\"https:\/\/exame.abril.com.br\/brasil\/doria-e-zema-apoiam-pec-da-segunda-instancia-e-criticam-extremismo\/\">Fonte do artigo <\/a><br \/>\nTags:<br \/>\n#politica #political #negocios #business #marketingdigital #empreendedorismo #marketing #emprendedores #empreender #sucesso #empresas #emprendimiento #emprendedor #empreendedor #emprender #dinheiro #dinero #empresario #vendas #liderazgo #motivacion #foco #motivacao #negocio #brasil<\/p>\n","protected":false},"excerpt":{"rendered":"<p>S\u00e3o Paulo &#8211; Os governadores de S\u00e3o Paulo, Jo\u00e3o Doria (PSDB), e Minas Gerais, Romeu Zema (Novo), gravaram um v\u00eddeo juntos neste s\u00e1bado, 9, em que defendem uma Proposta de Emenda \u00e0 Constitui\u00e7\u00e3o (PEC) que permita a pris\u00e3o ap\u00f3s condena\u00e7\u00e3o em segunda inst\u00e2ncia. A mensagem vem um dia ap\u00f3s a soltura do ex-presidente Luiz In\u00e1cio [&hellip;]<\/p>\n","protected":false},"author":1,"featured_media":36886,"comment_status":"open","ping_status":"open","sticky":false,"template":"","format":"standard","meta":{"footnotes":""},"categories":[1],"tags":[],"class_list":["post-36885","post","type-post","status-publish","format-standard","has-post-thumbnail","hentry","category-curso-de-copy"],"_links":{"self":[{"href":"https:\/\/wiy.com.br\/noticias\/wp-json\/wp\/v2\/posts\/36885","targetHints":{"allow":["GET"]}}],"collection":[{"href":"https:\/\/wiy.com.br\/noticias\/wp-json\/wp\/v2\/posts"}],"about":[{"href":"https:\/\/wiy.com.br\/noticias\/wp-json\/wp\/v2\/types\/post"}],"author":[{"embeddable":true,"href":"https:\/\/wiy.com.br\/noticias\/wp-json\/wp\/v2\/users\/1"}],"replies":[{"embeddable":true,"href":"https:\/\/wiy.com.br\/noticias\/wp-json\/wp\/v2\/comments?post=36885"}],"version-history":[{"count":0,"href":"https:\/\/wiy.com.br\/noticias\/wp-json\/wp\/v2\/posts\/36885\/revisions"}],"wp:featuredmedia":[{"embeddable":true,"href":"https:\/\/wiy.com.br\/noticias\/wp-json\/wp\/v2\/media\/36886"}],"wp:attachment":[{"href":"https:\/\/wiy.com.br\/noticias\/wp-json\/wp\/v2\/media?parent=36885"}],"wp:term":[{"taxonomy":"category","embeddable":true,"href":"https:\/\/wiy.com.br\/noticias\/wp-json\/wp\/v2\/categories?post=36885"},{"taxonomy":"post_tag","embeddable":true,"href":"https:\/\/wiy.com.br\/noticias\/wp-json\/wp\/v2\/tags?post=36885"}],"curies":[{"name":"wp","href":"https:\/\/api.w.org\/{rel}","templated":true}]}}