{"id":36813,"date":"2023-02-26T14:59:24","date_gmt":"2023-02-26T17:59:24","guid":{"rendered":"https:\/\/wiy.com.br\/noticias\/por-que-decisao-que-liberou-lula-nao-favorece-acusados-por-crimes-barbaros\/"},"modified":"2019-11-09T14:41:43","modified_gmt":"2019-11-09T16:41:43","slug":"por-que-decisao-que-liberou-lula-nao-favorece-acusados-por-crimes-barbaros","status":"publish","type":"post","link":"https:\/\/wiy.com.br\/noticias\/por-que-decisao-que-liberou-lula-nao-favorece-acusados-por-crimes-barbaros\/","title":{"rendered":"Por que decis\u00e3o que liberou Lula n\u00e3o favorece acusados por crimes b\u00e1rbaros"},"content":{"rendered":"<p> <br \/>\n<\/p>\n<p>Muitos internautas reagiram \u00e0 decis\u00e3o do <strong>Supremo Tribunal Federal (STF)<\/strong> que culminou na soltura do ex-presidente<strong> Luiz In\u00e1cio Lula da Silva<\/strong> afirmando que outros presos acusados por <strong>crimes b\u00e1rbaros<\/strong> seriam favorecidos.<\/p>\n<p>Nas redes sociais, v\u00e1rias pessoas citaram casos como o de <strong>Alexandre Nardoni<\/strong>, acusado de participar da morte da filha em 2008; do goleiro Bruno, condenado sob acusa\u00e7\u00e3o de assassinar a ex-namorada <strong>Eliza Sam\u00fadio<\/strong>; e de <strong>Suzane von Richthofen<\/strong>, que foi presa por ter assassinado os pr\u00f3prios pais.<\/p>\n<p>Na quinta-feira, o STF proibiu a execu\u00e7\u00e3o provis\u00f3ria da pris\u00e3o ap\u00f3s a condena\u00e7\u00e3o em segunda inst\u00e2ncia. No entendimento dos ministros, o sujeito s\u00f3 poder\u00e1 ir para a cadeia ap\u00f3s o processo transitar em julgado, ou seja, quando n\u00e3o h\u00e1 mais possibilidade de novos recursos. Lula foi preso em abril de 2018, depois de ter sido condenado em segunda inst\u00e2ncia, no \u00e2mbito do processo do caso do tr\u00edplex do Guaruj\u00e1, no litoral paulista. Com a nova decis\u00e3o do STF, o ex-presidente <a href=\"https:\/\/vejasp.abril.com.br\/cidades\/lula-e-libertado-da-prisao-da-pf-em-curitiba\/\">deixou a cadeia<\/a> na sexta-feira.<\/p>\n<p>O novo entendimento do Supremo, por\u00e9m, n\u00e3o afeta processos em que os r\u00e9us foram presos preventivamente. A pris\u00e3o preventiva \u00e9 aplicada a pessoas que s\u00e3o consideradas perigosas. Trata-se de uma modalidade de pris\u00e3o que geralmente \u00e9 determinada em casos envolvendo crimes graves, como os de Nardoni, Bruno, e Richthofen. O argumento \u00e9 de que essas pessoas podem fugir ou tumultuar o processo.<\/p>\n<p>Em entrevista a <em>Vejinha<\/em>, o professor de Direito Penal da Funda\u00e7\u00e3o Get\u00falio Vargas, Davi Tangerino, explica que quem responde preso a um a sobre envolvendo um crime violento continuar\u00e1 preso.\u00a0\u201cA decis\u00e3o do STF s\u00f3 vai beneficiar aqueles que est\u00e3o presos, \u00fanica e t\u00e3o somente, porque a segunda inst\u00e2ncia se esgotou. Aqueles que responderam ao processo preso, recorrer\u00e3o presos, em particular em crimes violentos e graves&#8221;, diz. &#8220;N\u00e3o \u00e9 verdade que criminosos perigosos ser\u00e3o amplamente libertos\u201d.<\/p>\n<p>Ao <em>UOL<\/em>, o criminalista Jo\u00e3o Paulo Martinelli tamb\u00e9m deu uma explica\u00e7\u00e3o que vai na mesma linha. &#8220;O STF proibiu a antecipa\u00e7\u00e3o da pena, mas a pris\u00e3o preventiva ainda cabe. Se o sujeito \u00e9 considerado perigoso e foi condenado em segunda inst\u00e2ncia, ele continua preso&#8221;, afirma.<\/p>\n<div class=\"widget-news widget-box no-margin no-border\"><span class=\"widget-news-title content-box-title\">Veja tamb\u00e9m<\/span><\/p>\n<ul class=\"widget-news-list\">\n<li class=\"widget-news-item without-thumb with-border\">\n<div class=\"widget-news-info\"><a href=\"http:\/\/vejasp.abril.com.br\/cidades\">Cidades<\/a><span class=\"widget-news-item-title\"><a href=\"https:\/\/vejasp.abril.com.br\/cidades\/bruno-covas-cancer-novo-boletim-medico-quimioterapia\/\">Hospital divulga novo boletim sobre estado de sa\u00fade de Covas<\/a><\/span><span class=\"widget-news-item-date\">9 nov 2019 &#8211; 11h11<\/span><\/div>\n<\/li>\n<li class=\"widget-news-item without-thumb with-border\">\n<div class=\"widget-news-info\"><a href=\"http:\/\/vejasp.abril.com.br\/cidades\">Cidades<\/a><span class=\"widget-news-item-title\"><a href=\"https:\/\/vejasp.abril.com.br\/cidades\/bolsonaro-lula-cadeia-deixar\/\">&#8220;N\u00e3o d\u00ea muni\u00e7\u00e3o ao canalha&#8221;, diz Bolsonaro ap\u00f3s Lula deixar cadeia<\/a><\/span><span class=\"widget-news-item-date\">9 nov 2019 &#8211; 10h11<\/span><\/div>\n<\/li>\n<\/ul>\n<\/div>\n<p><br \/>\n<br \/><a href=\"https:\/\/vejasp.abril.com.br\/cidades\/lula-solto-stf-crimes-barbaros\/\">Fonte do Artigo <\/a><br \/>\nTags:<br \/>\n#loterias #loteriascaixa #megasena #resultadoapostas#noticias #noticiario  #noticia #brasil #noticiascolombia #mundo #esporte #colombia #noticiadeld #ltimasnoticias  #noticiario #noticiasregionales #noticiasdepartamentales #noticiashoy #esportes #noticiaahora #elinformantenoticias #noticiasdeboyac  #esporteinterativo #esportivo #diariodosesportes  #noticiero  #jogodefutebol #jogos #loto #apostas<\/p>\n","protected":false},"excerpt":{"rendered":"<p>Muitos internautas reagiram \u00e0 decis\u00e3o do Supremo Tribunal Federal (STF) que culminou na soltura do ex-presidente Luiz In\u00e1cio Lula da Silva afirmando que outros presos acusados por crimes b\u00e1rbaros seriam favorecidos. Nas redes sociais, v\u00e1rias pessoas citaram casos como o de Alexandre Nardoni, acusado de participar da morte da filha em 2008; do goleiro Bruno, [&hellip;]<\/p>\n","protected":false},"author":1,"featured_media":36814,"comment_status":"open","ping_status":"open","sticky":false,"template":"","format":"standard","meta":{"footnotes":""},"categories":[1],"tags":[],"class_list":["post-36813","post","type-post","status-publish","format-standard","has-post-thumbnail","hentry","category-curso-de-copy"],"_links":{"self":[{"href":"https:\/\/wiy.com.br\/noticias\/wp-json\/wp\/v2\/posts\/36813","targetHints":{"allow":["GET"]}}],"collection":[{"href":"https:\/\/wiy.com.br\/noticias\/wp-json\/wp\/v2\/posts"}],"about":[{"href":"https:\/\/wiy.com.br\/noticias\/wp-json\/wp\/v2\/types\/post"}],"author":[{"embeddable":true,"href":"https:\/\/wiy.com.br\/noticias\/wp-json\/wp\/v2\/users\/1"}],"replies":[{"embeddable":true,"href":"https:\/\/wiy.com.br\/noticias\/wp-json\/wp\/v2\/comments?post=36813"}],"version-history":[{"count":0,"href":"https:\/\/wiy.com.br\/noticias\/wp-json\/wp\/v2\/posts\/36813\/revisions"}],"wp:featuredmedia":[{"embeddable":true,"href":"https:\/\/wiy.com.br\/noticias\/wp-json\/wp\/v2\/media\/36814"}],"wp:attachment":[{"href":"https:\/\/wiy.com.br\/noticias\/wp-json\/wp\/v2\/media?parent=36813"}],"wp:term":[{"taxonomy":"category","embeddable":true,"href":"https:\/\/wiy.com.br\/noticias\/wp-json\/wp\/v2\/categories?post=36813"},{"taxonomy":"post_tag","embeddable":true,"href":"https:\/\/wiy.com.br\/noticias\/wp-json\/wp\/v2\/tags?post=36813"}],"curies":[{"name":"wp","href":"https:\/\/api.w.org\/{rel}","templated":true}]}}