{"id":3675,"date":"2023-02-26T15:43:02","date_gmt":"2023-02-26T18:43:02","guid":{"rendered":"https:\/\/wiy.com.br\/noticias\/chegada-de-nuvens-baixa-pressao-e-ventos-tipicos-do-verao-explicam-temporal-no-rio\/"},"modified":"2019-02-07T12:10:47","modified_gmt":"2019-02-07T14:10:47","slug":"chegada-de-nuvens-baixa-pressao-e-ventos-tipicos-do-verao-explicam-temporal-no-rio","status":"publish","type":"post","link":"https:\/\/wiy.com.br\/noticias\/chegada-de-nuvens-baixa-pressao-e-ventos-tipicos-do-verao-explicam-temporal-no-rio\/","title":{"rendered":"Chegada de nuvens, baixa press\u00e3o e ventos t\u00edpicos do ver\u00e3o explicam temporal no Rio"},"content":{"rendered":"<p> <br \/>\n<br \/>RIO \u2014 Foi uma conjun\u00e7\u00e3o de fatores da natureza nada at\u00edpicos do ver\u00e3o que provocou a forte chuva da noite de quarta-feira no estado do Rio. Segundo meteorologistas, os raios e a ventania que causaram os estragos, muitos deles na capital fluminense,&#8230;<br \/>\n<br \/><br \/>\n<br \/><a href=\"https:\/\/oglobo.globo.com\/rio\/chegada-de-nuvens-baixa-pressao-ventos-tipicos-do-verao-explicam-temporal-no-rio-23435104\">Source link <\/a><\/p>\n","protected":false},"excerpt":{"rendered":"<p>RIO \u2014 Foi uma conjun\u00e7\u00e3o de fatores da natureza nada at\u00edpicos do ver\u00e3o que provocou a forte chuva da noite de quarta-feira no estado do Rio. Segundo meteorologistas, os raios e a ventania que causaram os estragos, muitos deles na capital fluminense,&#8230; Source link<\/p>\n","protected":false},"author":1,"featured_media":0,"comment_status":"open","ping_status":"open","sticky":false,"template":"","format":"standard","meta":{"footnotes":""},"categories":[337],"tags":[],"class_list":["post-3675","post","type-post","status-publish","format-standard","hentry","category-noticias"],"_links":{"self":[{"href":"https:\/\/wiy.com.br\/noticias\/wp-json\/wp\/v2\/posts\/3675","targetHints":{"allow":["GET"]}}],"collection":[{"href":"https:\/\/wiy.com.br\/noticias\/wp-json\/wp\/v2\/posts"}],"about":[{"href":"https:\/\/wiy.com.br\/noticias\/wp-json\/wp\/v2\/types\/post"}],"author":[{"embeddable":true,"href":"https:\/\/wiy.com.br\/noticias\/wp-json\/wp\/v2\/users\/1"}],"replies":[{"embeddable":true,"href":"https:\/\/wiy.com.br\/noticias\/wp-json\/wp\/v2\/comments?post=3675"}],"version-history":[{"count":0,"href":"https:\/\/wiy.com.br\/noticias\/wp-json\/wp\/v2\/posts\/3675\/revisions"}],"wp:attachment":[{"href":"https:\/\/wiy.com.br\/noticias\/wp-json\/wp\/v2\/media?parent=3675"}],"wp:term":[{"taxonomy":"category","embeddable":true,"href":"https:\/\/wiy.com.br\/noticias\/wp-json\/wp\/v2\/categories?post=3675"},{"taxonomy":"post_tag","embeddable":true,"href":"https:\/\/wiy.com.br\/noticias\/wp-json\/wp\/v2\/tags?post=3675"}],"curies":[{"name":"wp","href":"https:\/\/api.w.org\/{rel}","templated":true}]}}