{"id":36690,"date":"2023-02-26T15:01:36","date_gmt":"2023-02-26T18:01:36","guid":{"rendered":"https:\/\/wiy.com.br\/noticias\/cvc-preve-mais-ofertas-de-assentos-pelas-companhias-aereas-a-partir-de-fevereiro\/"},"modified":"2019-11-08T17:15:06","modified_gmt":"2019-11-08T19:15:06","slug":"cvc-preve-mais-ofertas-de-assentos-pelas-companhias-aereas-a-partir-de-fevereiro","status":"publish","type":"post","link":"https:\/\/wiy.com.br\/noticias\/cvc-preve-mais-ofertas-de-assentos-pelas-companhias-aereas-a-partir-de-fevereiro\/","title":{"rendered":"CVC prev\u00ea mais ofertas de assentos pelas companhias a\u00e9reas a partir de fevereiro"},"content":{"rendered":"<p> <br \/>\n<\/p>\n<div property=\"na:ArticleBody\">\n<p>Por Aluisio Alves<\/p>\n<p>S\u00c3O PAULO (Reuters) &#8211; A operadora de turismo CVC prev\u00ea uma melhora no volume de ofertas de assentos pelas companhias a\u00e9reas no Brasil a partir de fevereiro de 2020, o que poderia ajudar a reduzir a press\u00e3o recente sobre as margens, disse nesta sexta-feira o diretor-presidente da companhia.<\/p>\n<p>&#8220;A partir de fevereiro a oferta de assentos pode melhorar&#8221;, disse Luiz Fernando Foga\u00e7a em teleconfer\u00eancia com analistas sobre os resultados do terceiro trimestre.<\/p>\n<p>Na noite da v\u00e9spera, a CVC informou que teve queda no Ebitda e na receita l\u00edquida de julho a setembro, no comparativo anual, refletindo efeitos do colapso da companhia a\u00e9rea Avianca Brasil, que reduziu o n\u00famero de assentos e aumentou o pre\u00e7o das passagens.<\/p>\n<p>As a\u00e7\u00f5es da companhia de turismo abriram em queda nesta sexta-feira, passando a despencar durante a maior parte do dia. \u00c0s 15h57, recuavam 10,5 por cento, enquanto o Ibovespa tinha baixa de 1,05 por cento.<\/p>\n<p>Al\u00e9m do fim da Avianca Brasil, a CVC citou no balan\u00e7o que a demanda por produtos de turismo de lazer foram impactadas pelo aparecimento de manchas de \u00f3leo em centenas de praias do Nordeste do pa\u00eds. O per\u00edodo tamb\u00e9m seguiu marcado pela suspens\u00e3o de voos de algumas aeronaves da Boeing no pa\u00eds, devido a manuten\u00e7\u00e3o e a investiga\u00e7\u00f5es sobre falhas em softwares.<\/p>\n<p>Nesta semana, a Gol e a Azul informaram que em outubro o n\u00edvel de ocupa\u00e7\u00e3o de suas aeronaves cresceu mais uma vez no comparativo anual.<\/p>\n<p>&#8220;Esse foi mais um trimestre desafiador para a CVC e esperamos que continue no quarto trimestre, considerando o desequil\u00edbrio cont\u00ednuo da oferta\/demanda de voos no Brasil&#8221;, afirmou Richard Cathcart, do Bradesco BBI. <\/p>\n<p>Apesar desse quadro, Foga\u00e7a disse que a CVC vai manter diferencial de pre\u00e7o &#8220;para continuar ganhando mercado&#8221;.<\/p>\n<\/p><\/div>\n<p><script>\n\t\t\t$(document).ready(function() {\n\t\t\t\t$.ajaxSetup({ cache: true });\n\t\t\t\t$.getScript('\/\/connect.facebook.net\/pt_BR\/sdk.js', function(){\n\t\t\t\t\tFB.init({\n\t\t\t\t\t\txfbml      : true,\n\t\t\t\t\t\tversion    : 'v2.5'\n\t\t\t\t\t});\n\t\t\t\t});\n\t\t\t});\n\t\t<\/script><br \/>\n<br \/><br \/>\n<br \/><a href=\"https:\/\/extra.globo.com\/noticias\/economia\/cvc-preve-mais-ofertas-de-assentos-pelas-companhias-aereas-partir-de-fevereiro-24070534.html\">Fonte do Artigo <\/a><br \/>\nTags:<\/p>\n<p><a href=\"https:\/\/wiy.com.br\/noticias\/categoria\/noticias\/\">#noticia<\/a> <a href=\"https:\/\/wiy.com.br\/noticias\/categoria\/noticias\/\">#novidades<\/a> <a href=\"https:\/\/wiy.com.br\/noticias\/categoria\/noticias\/\">#noticias<\/a> <a href=\"https:\/\/wiy.com.br\/noticias\/categoria\/noticias\/\">#venezuela<\/a> <a href=\"https:\/\/wiy.com.br\/noticias\/categoria\/noticias\/\">#seo<\/a> <a href=\"https:\/\/wiy.com.br\/noticias\/categoria\/noticias\/\">#instagram<\/a> <a href=\"https:\/\/wiy.com.br\/noticias\/categoria\/noticias\/\">#cicpc<\/a> <a href=\"https:\/\/wiy.com.br\/noticias\/categoria\/noticias\/\">#policia<\/a> <a href=\"https:\/\/wiy.com.br\/noticias\/categoria\/noticias\/\">#ultimahora<\/a> <a href=\"https:\/\/wiy.com.br\/noticias\/categoria\/noticias\/\">#seguridade<\/a> <a href=\"https:\/\/wiy.com.br\/noticias\/categoria\/noticias\/\">#informacao<\/a> <a href=\"https:\/\/wiy.com.br\/noticias\/categoria\/noticias\/\">#paz<\/a> <a href=\"https:\/\/wiy.com.br\/noticias\/categoria\/noticias\/\">#urgente<\/a> <a href=\"https:\/\/wiy.com.br\/noticias\/categoria\/noticias\/\">#policiacientifica<\/a> <a href=\"https:\/\/wiy.com.br\/noticias\/categoria\/noticias\/\">#criminalisticcicpc<\/a> <a href=\"https:\/\/wiy.com.br\/noticias\/categoria\/noticias\/\">#crimes<\/a> <a href=\"https:\/\/wiy.com.br\/noticias\/categoria\/noticias\/\">#extra<\/a> <a href=\"https:\/\/wiy.com.br\/noticias\/categoria\/noticias\/\">#ultimahoranoticia<\/a> <a href=\"https:\/\/wiy.com.br\/noticias\/categoria\/noticias\/\">#brazil247<\/a> <a href=\"https:\/\/wiy.com.br\/noticias\/categoria\/noticias\/\">#governo<\/a> <a href=\"https:\/\/wiy.com.br\/noticias\/categoria\/noticias\/\">#brasil247<\/a> <a href=\"https:\/\/wiy.com.br\/noticias\/categoria\/noticias\/\">#bolsonaro<\/a> <a href=\"https:\/\/wiy.com.br\/noticias\/categoria\/noticias\/\">#jornalismo<\/a> <a href=\"https:\/\/wiy.com.br\/noticias\/categoria\/noticias\/\">#informacoes<\/a> <a href=\"https:\/\/wiy.com.br\/noticias\/categoria\/noticias\/\">#news<\/a> <a href=\"https:\/\/wiy.com.br\/noticias\/categoria\/noticias\/\">#jornal<\/a> <a href=\"https:\/\/wiy.com.br\/noticias\/categoria\/noticias\/\">#tiktok<\/a> <a href=\"https:\/\/wiy.com.br\/noticias\/categoria\/noticias\/\">#fgts<\/a> <a href=\"https:\/\/wiy.com.br\/noticias\/categoria\/noticias\/\">#pis<\/a> <a href=\"https:\/\/wiy.com.br\/noticias\/categoria\/noticias\/\">#caixa<\/a> <a href=\"https:\/\/wiy.com.br\/noticias\/categoria\/noticias\/\">#loterias<\/a> <a href=\"https:\/\/wiy.com.br\/noticias\/categoria\/noticias\/\">#megasena<\/a> <a href=\"https:\/\/wiy.com.br\/noticias\/categoria\/noticias\/\">#lotofacil<\/a> <a href=\"https:\/\/wiy.com.br\/noticias\/categoria\/noticias\/\">#megamania<\/a> <a href=\"https:\/\/wiy.com.br\/noticias\/categoria\/noticias\/\">#sus<\/a> <a href=\"https:\/\/wiy.com.br\/noticias\/categoria\/noticias\/\">#ibge<\/a><\/p>\n","protected":false},"excerpt":{"rendered":"<p>Por Aluisio Alves S\u00c3O PAULO (Reuters) &#8211; A operadora de turismo CVC prev\u00ea uma melhora no volume de ofertas de assentos pelas companhias a\u00e9reas no Brasil a partir de fevereiro de 2020, o que poderia ajudar a reduzir a press\u00e3o recente sobre as margens, disse nesta sexta-feira o diretor-presidente da companhia. &#8220;A partir de fevereiro [&hellip;]<\/p>\n","protected":false},"author":1,"featured_media":0,"comment_status":"open","ping_status":"open","sticky":false,"template":"","format":"standard","meta":{"footnotes":""},"categories":[337],"tags":[],"class_list":["post-36690","post","type-post","status-publish","format-standard","hentry","category-noticias"],"_links":{"self":[{"href":"https:\/\/wiy.com.br\/noticias\/wp-json\/wp\/v2\/posts\/36690","targetHints":{"allow":["GET"]}}],"collection":[{"href":"https:\/\/wiy.com.br\/noticias\/wp-json\/wp\/v2\/posts"}],"about":[{"href":"https:\/\/wiy.com.br\/noticias\/wp-json\/wp\/v2\/types\/post"}],"author":[{"embeddable":true,"href":"https:\/\/wiy.com.br\/noticias\/wp-json\/wp\/v2\/users\/1"}],"replies":[{"embeddable":true,"href":"https:\/\/wiy.com.br\/noticias\/wp-json\/wp\/v2\/comments?post=36690"}],"version-history":[{"count":0,"href":"https:\/\/wiy.com.br\/noticias\/wp-json\/wp\/v2\/posts\/36690\/revisions"}],"wp:attachment":[{"href":"https:\/\/wiy.com.br\/noticias\/wp-json\/wp\/v2\/media?parent=36690"}],"wp:term":[{"taxonomy":"category","embeddable":true,"href":"https:\/\/wiy.com.br\/noticias\/wp-json\/wp\/v2\/categories?post=36690"},{"taxonomy":"post_tag","embeddable":true,"href":"https:\/\/wiy.com.br\/noticias\/wp-json\/wp\/v2\/tags?post=36690"}],"curies":[{"name":"wp","href":"https:\/\/api.w.org\/{rel}","templated":true}]}}