{"id":36688,"date":"2023-02-26T14:58:21","date_gmt":"2023-02-26T17:58:21","guid":{"rendered":"https:\/\/wiy.com.br\/noticias\/risco-lula-faz-dolar-disparar-e-bater-nos-r-415\/"},"modified":"2019-11-08T16:29:40","modified_gmt":"2019-11-08T18:29:40","slug":"risco-lula-faz-dolar-disparar-e-bater-nos-r-415","status":"publish","type":"post","link":"https:\/\/wiy.com.br\/noticias\/risco-lula-faz-dolar-disparar-e-bater-nos-r-415\/","title":{"rendered":"\u2018Risco Lula\u2019 faz d\u00f3lar disparar e bater nos R$ 4,15"},"content":{"rendered":"<p> <br \/>\n<\/p>\n<div id=\"\">\n<h2 class=\"article-subtitle\">\u00c0s 15h, moeda operava com alta de 1,5% nesta sexta-feira; bolsa contabilizava desvaloriza\u00e7\u00e3o de 1%<\/h2>\n<div class=\"article-author\">\n<p>Por <span><strong>da Reda\u00e7\u00e3o<\/strong><\/span><\/p>\n<p>\n      <i class=\"material-icons\">access_time<\/i><br \/>\n      <span><br \/>\n        8 nov 2019, 15h17 &#8211; Publicado em 8 nov 2019, 15h12      <\/span>\n    <\/p>\n<\/p><\/div>\n<\/p><\/div>\n<div id=\"\">\n<div class=\"featured-image\">\n<div class=\"image\">\n\t\t\t\t\t\t\t\t\t\t<img title = \"[Tags]\"data-src=\"https:\/\/abrilveja.files.wordpress.com\/2017\/01\/dinheiro-colchao-20170106-02.jpg\" class=\"abril-image optimized lazyload\" abril-data-id=\"3284096\"  data- data-pin-nopin=\"true\"alt = \"dinheiro-colchao-20170106-02 \u2018Risco Lula\u2019 faz d\u00f3lar disparar e bater nos R$ 4,15\"\/><\/div>\n<p class=\"caption\">Moeda americana caminha para o terceiro dia consecutivo de alta\u00a0(iStock\/Getty Images)<\/p>\n<\/p><\/div>\n<p>O <a href=\"https:\/\/veja.abril.com.br\/noticias-sobre\/dolar\/\"><strong>d\u00f3lar<\/strong> <\/a>caminhava para a terceira sess\u00e3o consecutiva de alta contra o real nesta sexta-feira, 8, em dia marcado pela desconfian\u00e7a pol\u00edtica ap\u00f3s a decis\u00e3o do STF de derrubar a possibilidade de pris\u00e3o depois de condena\u00e7\u00e3o em segunda inst\u00e2ncia e com incertezas renovadas sobre um poss\u00edvel acordo entre Estados Unidos e China. \u00c0s 15h, o d\u00f3lar era negociado a 4,15 reais para a venda, com alta de 1,5%. Se fechar nesse patamar, ser\u00e1 a maior cota\u00e7\u00e3o desde 17 de outubro, quando a moeda fechou negociada a 4,17 reais.\u00a0O principal \u00edndice da bolsa brasileira, o <a href=\"https:\/\/veja.abril.com.br\/noticias-sobre\/ibovespa\/\"><strong>Ibovespa<\/strong><\/a>, operava em queda de 1%, aos 108,5 mil pontos.<\/p>\n<p>O dia \u00e9 marcado pela desconfian\u00e7a no cen\u00e1rio dom\u00e9stico, com os investidores preocupados sobre o impacto dos mais recentes desdobramentos pol\u00edticos na economia.\u00a0Na quinta-feira, o plen\u00e1rio do <a href=\"https:\/\/veja.abril.com.br\/noticias-sobre\/supremo-tribunal-federal\/\"><strong>Supremo Tribunal Federal<\/strong><\/a> (STF) derrubou a possibilidade de iniciar a execu\u00e7\u00e3o de pena de pris\u00e3o ap\u00f3s condena\u00e7\u00e3o em segunda inst\u00e2ncia, na maior derrota que a corte imp\u00f4s \u00e0 opera\u00e7\u00e3o <a href=\"https:\/\/veja.abril.com.br\/noticias-sobre\/operacao-lava-jato\/\"><strong>Lava Jato<\/strong><\/a> nos seus cinco anos e que deve levar \u00e0 liberdade o ex-presidente <a href=\"https:\/\/veja.abril.com.br\/noticias-sobre\/luiz-inacio-lula-da-silva\/\"><strong>Luiz In\u00e1cio Lula da Silva<\/strong><\/a>.<\/p>\n<p>\u201cOs ru\u00eddos pol\u00edticos trazem uma certa cautela em semana marcada pelo leil\u00e3o decepcionante do pr\u00e9-sal\u201d, disse Pablo Spyer, diretor da Mirae Assets. \u201cDiminuiu o \u00edmpeto otimista da queda do d\u00f3lar.\u201d\u00a0A H. Commcor informou em nota que \u201cas rea\u00e7\u00f5es no mercado tendem a ser negativas, tanto pela sensa\u00e7\u00e3o de inseguran\u00e7a jur\u00eddica como pelo chamado \u2018risco Lula\u2019\u201d.<\/p>\n<p>No exterior, o otimismo comercial recente perdeu for\u00e7a ap\u00f3s o presidente americano, Donald Trump, dizer que n\u00e3o havia concordado em reverter as tarifas sobre produtos chineses. \u201cO d\u00f3lar sobe com um sentimento levemente negativo nos mercados internacionais. Houve um pouco de cautela devido \u00e0 verdadeira novela da guerra comercial.\u201d<\/p>\n<p>(Com <em>Reuters<\/em>)<\/p>\n<p>              <!-- adiciona categoria materia --><\/p>\n<p>              <!-- adiciona categoria materia -->\n\t\t\t\t\t\t\t\t\t\t\t\t\t\t\t\t\t\t\t\t\t\t\t\t\t\t\t\t\t\t\t\t\t\t\t\t\t\t\t\t\t\t\t\t\t\t\t\t\t\t\t\t\t\t\t\t\t\t\t\t\t\t\t\t\t\t\t\t\t\t\t\t\t\t\t\t\t\t\t\t\t\t\t\t\t\t\t\t\t\t\t\t\t\t\t\t\t\t\t\t\t\t\t\t\t\t\t\t\t\t\t\t\t\t\t\t\t\t\t\t\t\t\t\t\t\t\t\t\t\t\t\t\t\t\t\t\t\t\t\t\t\t\t\t\t\t\t\t\t\t\t\t\t\t\t\t\t\t\t\t\t\t\t\t\t\t\t\t\t\t\t\t\t\t\t\t\t\t\t\t\t\t\t\t\t\t\t\t\t\t\t\t\t\t\t\t\t\t\t\t\t\t\t\t\t\t\t\t\t\t\t\t\t\t\t\t\t\t\t\t\t\t\t\t\t\t\t\t\t\t\t\t\t\t\t\t\t\t\t\t\t\t\t\t\t<\/div>\n<p><br \/>\n<br \/><a href=\"https:\/\/veja.abril.com.br\/economia\/risco-lula-faz-dolar-disparar-e-bater-nos-r-415\/\">Fonte do Artigo<\/a><br \/>\nTags: <\/p>\n<p><a title=\"IBJE\" href=\"https:\/\/ibge.gov.br\/\">#IBJE<\/a> <a title=\"FGV\" href=\"https:\/\/portal.fgv.br\/\">#FGV<\/a> <a title=\"LOTOFACIL\" href=\"http:\/\/loterias.caixa.gov.br\/wps\/portal\/loterias\/landing\/lotofacil\/\">#LOTOFACIL<\/a> <a title=\"TINDER\" href=\"https:\/\/tinder.com\/?lang=pt-BR\">#TINDER<\/a> <a title=\"GMAILGOOGLE\" href=\"https:\/\/mail.google.com\">#GMAILGOOGLE<\/a> <a title=\"TIKTOK\" href=\"https:\/\/www.tiktok.com\/pt_BR\/\">#TIKTOK<\/a><\/p>\n","protected":false},"excerpt":{"rendered":"<p>\u00c0s 15h, moeda operava com alta de 1,5% nesta sexta-feira; bolsa contabilizava desvaloriza\u00e7\u00e3o de 1% Por da Reda\u00e7\u00e3o access_time 8 nov 2019, 15h17 &#8211; Publicado em 8 nov 2019, 15h12 Moeda americana caminha para o terceiro dia consecutivo de alta\u00a0(iStock\/Getty Images) O d\u00f3lar caminhava para a terceira sess\u00e3o consecutiva de alta contra o real nesta [&hellip;]<\/p>\n","protected":false},"author":1,"featured_media":36689,"comment_status":"open","ping_status":"open","sticky":false,"template":"","format":"standard","meta":{"footnotes":""},"categories":[7],"tags":[],"class_list":["post-36688","post","type-post","status-publish","format-standard","has-post-thumbnail","hentry","category-economia"],"_links":{"self":[{"href":"https:\/\/wiy.com.br\/noticias\/wp-json\/wp\/v2\/posts\/36688","targetHints":{"allow":["GET"]}}],"collection":[{"href":"https:\/\/wiy.com.br\/noticias\/wp-json\/wp\/v2\/posts"}],"about":[{"href":"https:\/\/wiy.com.br\/noticias\/wp-json\/wp\/v2\/types\/post"}],"author":[{"embeddable":true,"href":"https:\/\/wiy.com.br\/noticias\/wp-json\/wp\/v2\/users\/1"}],"replies":[{"embeddable":true,"href":"https:\/\/wiy.com.br\/noticias\/wp-json\/wp\/v2\/comments?post=36688"}],"version-history":[{"count":0,"href":"https:\/\/wiy.com.br\/noticias\/wp-json\/wp\/v2\/posts\/36688\/revisions"}],"wp:featuredmedia":[{"embeddable":true,"href":"https:\/\/wiy.com.br\/noticias\/wp-json\/wp\/v2\/media\/36689"}],"wp:attachment":[{"href":"https:\/\/wiy.com.br\/noticias\/wp-json\/wp\/v2\/media?parent=36688"}],"wp:term":[{"taxonomy":"category","embeddable":true,"href":"https:\/\/wiy.com.br\/noticias\/wp-json\/wp\/v2\/categories?post=36688"},{"taxonomy":"post_tag","embeddable":true,"href":"https:\/\/wiy.com.br\/noticias\/wp-json\/wp\/v2\/tags?post=36688"}],"curies":[{"name":"wp","href":"https:\/\/api.w.org\/{rel}","templated":true}]}}