{"id":36473,"date":"2023-02-26T15:16:44","date_gmt":"2023-02-26T18:16:44","guid":{"rendered":"https:\/\/wiy.com.br\/noticias\/gabriel-o-pensador-relembra-titulo-de-2009-vivido-no-meio-de-viagens-para-shows-e-ida-com-os-filhos-ao-estadio\/"},"modified":"2019-11-07T07:34:36","modified_gmt":"2019-11-07T09:34:36","slug":"gabriel-o-pensador-relembra-titulo-de-2009-vivido-no-meio-de-viagens-para-shows-e-ida-com-os-filhos-ao-estadio","status":"publish","type":"post","link":"https:\/\/wiy.com.br\/noticias\/gabriel-o-pensador-relembra-titulo-de-2009-vivido-no-meio-de-viagens-para-shows-e-ida-com-os-filhos-ao-estadio\/","title":{"rendered":"Gabriel O Pensador relembra t\u00edtulo de 2009 vivido no meio de viagens para shows e ida com os filhos ao est\u00e1dio"},"content":{"rendered":"<p> <br \/>\n<\/p>\n<div property=\"na:ArticleBody\">\n<p align=\"justify\">A \u201calegria de ser rubro-negro\u201d, um dos versos mais cantados pela torcida do <strong>Flamengo<\/strong>, o cantor e compositor <strong>Gabriel O Pensador<\/strong> passou para os filhos. Tanto que o m\u00fasico relembra o hexacampeonato do clube, h\u00e1 10 anos, com muito carinho. Especialmente por ter tido a companhia de Tom e Davi, respectivamente, com 17 e 14 anos, hoje.<\/p>\n<p align=\"justify\"><a href=\"https:\/\/extra.globo.com\/esporte\/flamengo\/81-hexa10anos-em-2009-torcedor-so-conseguiu-ingresso-na-torcida-do-gremio-comemorou-com-rivais-do-inter-24064277\">#Hexa10anos: Em 2009, torcedor s\u00f3 conseguiu ingresso na torcida do Gr\u00eamio e comemorou com rivais do Inter<\/a><\/p>\n<p align=\"justify\">\u2014 Naquela \u00e9poca eu ia aos jogos com o prazer de levar os filhos que estavam ainda descobrindo essa alegria de torcer pelo Flamengo, de ver os jogos no Maracan\u00e3. Eles j\u00e1 tinham ido, especialmente o mais velho. Mas eles pegaram essa fase boa, de corrida pelo t\u00edtulo, e eu viajo muito, estou sempre na estrada, mas, quando estava no Rio, conseguia acompanhar os jogos no est\u00e1dio \u2014recorda Pensador.<\/p>\n<p align=\"justify\">Se, neste ano, Gabigol e Bruno Henrique s\u00e3o os destaques ofensivos do rubro-negro, em 2009 Adriano e Petkovic n\u00e3o se cansaram de fazer gols decisivos.<\/p>\n<p align=\"justify\"><a href=\"https:\/\/extra.globo.com\/esporte\/flamengo\/81-hexa10anos-idolos-torcida-escolhem-melhor-goleiro-campeao-pelo-flamengo-24062439\">#Hexa10anos: \u00eddolos e torcida escolhem o melhor goleiro campe\u00e3o pelo Flamengo<\/a><\/p>\n<p align=\"justify\">\u2014 As minhas lembran\u00e7as do hexa s\u00e3o mais de jogos fora de casa. Os gols ol\u00edmpicos contra o Atl\u00e9tico-MG (na vit\u00f3ria por 3 a 1, no Mineir\u00e3o, e Palmeiras nos 2 a 0, no Palestra It\u00e1lia). Sempre fui muito f\u00e3 do Pet, desde os campeonatos cariocas ele sempre veio bem no Flamengo e os dois destaques pra mim seriam o Pet e o Adriano. Mas tamb\u00e9m queria destacar o treinador Andrade, que era \u00eddolo como jogador e trouxe esse t\u00edtulo para a gente. \u00c9 um cara cuja import\u00e2ncia no hexa tem que ser enaltecida.<\/p>\n<p align=\"justify\">Atualmente \u00e0s voltas com turn\u00eas dentro e fora do pa\u00eds, em que est\u00e1 lan\u00e7ando a m\u00fasica \u201cSobrevivente\u201d, al\u00e9m de reviver seus sucessos, Pensador v\u00ea nos camisas 43 e 10 do hexa muito em comum:<\/p>\n<p align=\"justify\">\u2014 O Adriano e Pet t\u00eam caracter\u00edsticas semelhantes: t\u00e9cnica e talento excepcionais, finaliza\u00e7\u00e3o, intelig\u00eancia de jogo, for\u00e7a, mas que s\u00e3o dois jogadores que combinam muito com o Flamengo pela garra. Al\u00e9m desse talento, eles t\u00eam muita garra. \u00c9 um coment\u00e1rio cheio de saudades, porque eles t\u00eam mesmo a cara do Flamengo.<\/p>\n<\/p><\/div>\n<p><script>\n\t\t\t$(document).ready(function() {\n\t\t\t\t$.ajaxSetup({ cache: true });\n\t\t\t\t$.getScript('\/\/connect.facebook.net\/pt_BR\/sdk.js', function(){\n\t\t\t\t\tFB.init({\n\t\t\t\t\t\txfbml      : true,\n\t\t\t\t\t\tversion    : 'v2.5'\n\t\t\t\t\t});\n\t\t\t\t});\n\t\t\t});\n\t\t<\/script><br \/>\n<br \/><br \/>\n<br \/><a href=\"https:\/\/extra.globo.com\/esporte\/flamengo\/hexa10anos-gabriel-pensador-relembra-titulo-de-2009-vivido-no-meio-de-viagens-para-shows-ida-com-os-filhos-ao-estadio-24066867.html\">Fonte do Artigo <\/a><br \/>\nTags:<\/p>\n<p><a href=\"https:\/\/wiy.com.br\/noticias\/categoria\/noticias\/\">#noticia<\/a> <a href=\"https:\/\/wiy.com.br\/noticias\/categoria\/noticias\/\">#novidades<\/a> <a href=\"https:\/\/wiy.com.br\/noticias\/categoria\/noticias\/\">#noticias<\/a> <a href=\"https:\/\/wiy.com.br\/noticias\/categoria\/noticias\/\">#venezuela<\/a> <a href=\"https:\/\/wiy.com.br\/noticias\/categoria\/noticias\/\">#seo<\/a> <a href=\"https:\/\/wiy.com.br\/noticias\/categoria\/noticias\/\">#instagram<\/a> <a href=\"https:\/\/wiy.com.br\/noticias\/categoria\/noticias\/\">#cicpc<\/a> <a href=\"https:\/\/wiy.com.br\/noticias\/categoria\/noticias\/\">#policia<\/a> <a href=\"https:\/\/wiy.com.br\/noticias\/categoria\/noticias\/\">#ultimahora<\/a> <a href=\"https:\/\/wiy.com.br\/noticias\/categoria\/noticias\/\">#seguridade<\/a> <a href=\"https:\/\/wiy.com.br\/noticias\/categoria\/noticias\/\">#informacao<\/a> <a href=\"https:\/\/wiy.com.br\/noticias\/categoria\/noticias\/\">#paz<\/a> <a href=\"https:\/\/wiy.com.br\/noticias\/categoria\/noticias\/\">#urgente<\/a> <a href=\"https:\/\/wiy.com.br\/noticias\/categoria\/noticias\/\">#policiacientifica<\/a> <a href=\"https:\/\/wiy.com.br\/noticias\/categoria\/noticias\/\">#criminalisticcicpc<\/a> <a href=\"https:\/\/wiy.com.br\/noticias\/categoria\/noticias\/\">#crimes<\/a> <a href=\"https:\/\/wiy.com.br\/noticias\/categoria\/noticias\/\">#extra<\/a> <a href=\"https:\/\/wiy.com.br\/noticias\/categoria\/noticias\/\">#ultimahoranoticia<\/a> <a href=\"https:\/\/wiy.com.br\/noticias\/categoria\/noticias\/\">#brazil247<\/a> <a href=\"https:\/\/wiy.com.br\/noticias\/categoria\/noticias\/\">#governo<\/a> <a href=\"https:\/\/wiy.com.br\/noticias\/categoria\/noticias\/\">#brasil247<\/a> <a href=\"https:\/\/wiy.com.br\/noticias\/categoria\/noticias\/\">#bolsonaro<\/a> <a href=\"https:\/\/wiy.com.br\/noticias\/categoria\/noticias\/\">#jornalismo<\/a> <a href=\"https:\/\/wiy.com.br\/noticias\/categoria\/noticias\/\">#informacoes<\/a> <a href=\"https:\/\/wiy.com.br\/noticias\/categoria\/noticias\/\">#news<\/a> <a href=\"https:\/\/wiy.com.br\/noticias\/categoria\/noticias\/\">#jornal<\/a> <a href=\"https:\/\/wiy.com.br\/noticias\/categoria\/noticias\/\">#tiktok<\/a> <a href=\"https:\/\/wiy.com.br\/noticias\/categoria\/noticias\/\">#fgts<\/a> <a href=\"https:\/\/wiy.com.br\/noticias\/categoria\/noticias\/\">#pis<\/a> <a href=\"https:\/\/wiy.com.br\/noticias\/categoria\/noticias\/\">#caixa<\/a> <a href=\"https:\/\/wiy.com.br\/noticias\/categoria\/noticias\/\">#loterias<\/a> <a href=\"https:\/\/wiy.com.br\/noticias\/categoria\/noticias\/\">#megasena<\/a> <a href=\"https:\/\/wiy.com.br\/noticias\/categoria\/noticias\/\">#lotofacil<\/a> <a href=\"https:\/\/wiy.com.br\/noticias\/categoria\/noticias\/\">#megamania<\/a> <a href=\"https:\/\/wiy.com.br\/noticias\/categoria\/noticias\/\">#sus<\/a> <a href=\"https:\/\/wiy.com.br\/noticias\/categoria\/noticias\/\">#ibge<\/a><\/p>\n","protected":false},"excerpt":{"rendered":"<p>A \u201calegria de ser rubro-negro\u201d, um dos versos mais cantados pela torcida do Flamengo, o cantor e compositor Gabriel O Pensador passou para os filhos. Tanto que o m\u00fasico relembra o hexacampeonato do clube, h\u00e1 10 anos, com muito carinho. Especialmente por ter tido a companhia de Tom e Davi, respectivamente, com 17 e 14 [&hellip;]<\/p>\n","protected":false},"author":1,"featured_media":0,"comment_status":"open","ping_status":"open","sticky":false,"template":"","format":"standard","meta":{"footnotes":""},"categories":[337],"tags":[],"class_list":["post-36473","post","type-post","status-publish","format-standard","hentry","category-noticias"],"_links":{"self":[{"href":"https:\/\/wiy.com.br\/noticias\/wp-json\/wp\/v2\/posts\/36473","targetHints":{"allow":["GET"]}}],"collection":[{"href":"https:\/\/wiy.com.br\/noticias\/wp-json\/wp\/v2\/posts"}],"about":[{"href":"https:\/\/wiy.com.br\/noticias\/wp-json\/wp\/v2\/types\/post"}],"author":[{"embeddable":true,"href":"https:\/\/wiy.com.br\/noticias\/wp-json\/wp\/v2\/users\/1"}],"replies":[{"embeddable":true,"href":"https:\/\/wiy.com.br\/noticias\/wp-json\/wp\/v2\/comments?post=36473"}],"version-history":[{"count":0,"href":"https:\/\/wiy.com.br\/noticias\/wp-json\/wp\/v2\/posts\/36473\/revisions"}],"wp:attachment":[{"href":"https:\/\/wiy.com.br\/noticias\/wp-json\/wp\/v2\/media?parent=36473"}],"wp:term":[{"taxonomy":"category","embeddable":true,"href":"https:\/\/wiy.com.br\/noticias\/wp-json\/wp\/v2\/categories?post=36473"},{"taxonomy":"post_tag","embeddable":true,"href":"https:\/\/wiy.com.br\/noticias\/wp-json\/wp\/v2\/tags?post=36473"}],"curies":[{"name":"wp","href":"https:\/\/api.w.org\/{rel}","templated":true}]}}