{"id":36441,"date":"2023-02-26T15:28:02","date_gmt":"2023-02-26T18:28:02","guid":{"rendered":"https:\/\/wiy.com.br\/noticias\/senado-aprova-em-1o-turno-texto-base-da-pec-paralela-da-previdencia\/"},"modified":"2019-11-06T22:45:31","modified_gmt":"2019-11-07T00:45:31","slug":"senado-aprova-em-1o-turno-texto-base-da-pec-paralela-da-previdencia","status":"publish","type":"post","link":"https:\/\/wiy.com.br\/noticias\/senado-aprova-em-1o-turno-texto-base-da-pec-paralela-da-previdencia\/","title":{"rendered":"Senado aprova em 1\u00ba turno texto-base da PEC Paralela da Previd\u00eancia"},"content":{"rendered":"<p> <br \/>\n<\/p>\n<div id=\"\">\n<h2 class=\"article-subtitle\">Proposta estende novas regras da aposentadoria j\u00e1 aprovadas pelo Congresso a estados e munic\u00edpios; an\u00e1lise dos destaques fica para ter\u00e7a-feira<\/h2>\n<div class=\"article-author\">\n<p>Por <span><strong>da Reda\u00e7\u00e3o<\/strong><\/span><\/p>\n<p>\n      <i class=\"material-icons\">access_time<\/i><br \/>\n      <span><br \/>\n        6 nov 2019, 21h15 &#8211; Publicado em 6 nov 2019, 19h55      <\/span>\n    <\/p>\n<\/p><\/div>\n<\/p><\/div>\n<div id=\"\">\n<div class=\"featured-image\">\n<div class=\"image\">\n\t\t\t\t\t\t\t\t\t\t<img title = \"[Tags]\"data-src=\"https:\/\/abrilveja.files.wordpress.com\/2019\/11\/49026374022_3f3afbe138_k.jpg\" class=\"abril-image optimized lazyload\" abril-data-id=\"3280652\"  data- data-pin-nopin=\"true\"alt = \"49026374022_3f3afbe138_k Senado aprova em 1\u00ba turno texto-base da PEC Paralela da Previd\u00eancia\"\/><\/div>\n<p class=\"caption\">Senado aprova em primeiro turno texto-base da reforma dos servidores\u00a0(Waldemir Barreto\/Ag\u00eancia Senado\/Ag\u00eancia Senado)<\/p>\n<\/p><\/div>\n<p>O <a href=\"https:\/\/veja.abril.com.br\/noticias-sobre\/senado\/\"><strong>Senado<\/strong> <\/a>aprovou em primeiro turno no plen\u00e1rio nesta noite de quarta-feira, 6, por 56 votos favor\u00e1veis e 11 contr\u00e1rios, o texto-base da Proposta de Emenda \u00e0 Constitui\u00e7\u00e3o 133\/2019, a <strong>PEC Paralela<\/strong>, que estende a <a href=\"https:\/\/veja.abril.com.br\/noticias-sobre\/reforma-da-Previdencia\/\"><strong>reforma da Previd\u00eancia<\/strong><\/a> a estados, munic\u00edpios e ao Distrito Federal. <span>A inclus\u00e3o de estados e munic\u00edpios pode render economia de 350 bilh\u00f5es de reais em dez anos. Os senadores ainda precisam votar quatro destaques<\/span><span>, que sugerem altera\u00e7\u00f5es no texto. Numa resist\u00eancia da oposi\u00e7\u00e3o em votar, o presidente do Senado, <a href=\"https:\/\/veja.abril.com.br\/noticias-sobre\/davi-alcolumbre\/\"><strong>Davi Alcolumbre<\/strong>\u00a0<\/a>(DEM-AP), suspendeu a sess\u00e3o, que foi remarcada para a pr\u00f3xima ter\u00e7a-feira, 12, \u00e0s 14h.\u00a0<\/span><\/p>\n<p><span>No texto-base aprovado, a ades\u00e3o n\u00e3o \u00e9 autom\u00e1tica. Governos poder\u00e3o escolher se aderem ou n\u00e3o \u00e0s mudan\u00e7as por meio de uma lei ordin\u00e1ria nas Assembleias Estaduais, estendendo as regras para os munic\u00edpios. Governos estaduais e prefeituras poder\u00e3o desembarcar da reforma com a aprova\u00e7\u00e3o de outra lei, desde que a sa\u00edda n\u00e3o seja nos seis \u00faltimos meses do mandato.<\/span><\/p>\n<p><span>A proposta institui ainda uma cobran\u00e7a previdenci\u00e1ria sobre a folha de sal\u00e1rios para empresas exportadoras do agroneg\u00f3cio, atualmente isentas dessa tributa\u00e7\u00e3o. O novo relat\u00f3rio da PEC, apresentado nesta quarta-feira, deixou claro que setores beneficiados com a desonera\u00e7\u00e3o da folha prevista em uma lei de 2018 continuar\u00e3o com o benef\u00edcio at\u00e9 o fim de 2020.<\/span><\/p>\n<p><span>O relator da proposta, Tasso Jereissati (PSDB-SP), tamb\u00e9m autorizou idade e tempo de contribui\u00e7\u00e3o diferenciados para os peritos criminais, guardas municipais e oficiais e agentes de intelig\u00eancia da Ag\u00eancia Brasileira de Intelig\u00eancia (Abin). A proposta equipara essas categorias \u00e0s regras da reforma dos militares, em discuss\u00e3o na C\u00e2mara.\u00a0<\/span><span>O texto garante o piso de um sal\u00e1rio m\u00ednimo para pens\u00e3o por morte de servidores da Uni\u00e3o e dos estados e munic\u00edpios que adotarem a reforma da Previd\u00eancia. A reforma da Previd\u00eancia, aprovada em outubro, assegura o piso para dependentes de trabalhadores da iniciativa privada.<\/span><\/p>\n<p><span>A PEC paralela tamb\u00e9m autoriza a cria\u00e7\u00e3o de um benef\u00edcio universal para fam\u00edlias com crian\u00e7as em situa\u00e7\u00e3o de pobreza, cujo valor ser\u00e1 definido por uma lei futura.\u00a0<\/span><span>Ao defender o dispositivo, o relator citou uma proposta do vereador de S\u00e3o Paulo Eduardo Suplicy (PT) de estabelecer uma renda m\u00ednima e at\u00e9 uma frase do presidente Jair Bolsonaro em campanha.<\/span><\/p>\n<p><span>\u201cAcima do valor da Bolsa Fam\u00edlia, pretendemos instituir uma renda m\u00ednima para todas as fam\u00edlias brasileiras\u201d, disse Bolsonaro em outubro de 2018. \u201cAqui eu estou convergindo tanto com o PT quanto com o Bolsonaro\u201d, declarou o senador tucano.\u00a0<\/span><span>Na discuss\u00e3o da PEC paralela, integrantes da equipe econ\u00f4mica tentaram demover o relator da proposta.<\/span><\/p>\n<p>              <!-- adiciona categoria materia --><\/p>\n<p>              <!-- adiciona categoria materia -->\n\t\t\t\t\t\t\t\t\t\t\t\t\t\t\t\t\t\t\t\t\t\t\t\t\t\t\t\t\t\t\t\t\t\t\t\t\t\t\t\t\t\t\t\t\t\t\t\t\t\t\t\t\t\t\t\t\t\t\t\t\t\t\t\t\t\t\t\t\t\t\t\t\t\t\t\t\t\t\t\t\t\t\t\t\t\t\t\t\t\t\t\t\t\t\t\t\t\t\t\t\t\t\t\t\t<\/div>\n<p><br \/>\n<br \/><a href=\"https:\/\/veja.abril.com.br\/economia\/senado-aprova-em-1o-turno-texto-base-da-pec-paralela-da-previdencia\/\">Fonte do Artigo<\/a><br \/>\nTags: <\/p>\n<p><a title=\"IBJE\" href=\"https:\/\/ibge.gov.br\/\">#IBJE<\/a> <a title=\"FGV\" href=\"https:\/\/portal.fgv.br\/\">#FGV<\/a> <a title=\"LOTOFACIL\" href=\"http:\/\/loterias.caixa.gov.br\/wps\/portal\/loterias\/landing\/lotofacil\/\">#LOTOFACIL<\/a> <a title=\"TINDER\" href=\"https:\/\/tinder.com\/?lang=pt-BR\">#TINDER<\/a> <a title=\"GMAILGOOGLE\" href=\"https:\/\/mail.google.com\">#GMAILGOOGLE<\/a> <a title=\"TIKTOK\" href=\"https:\/\/www.tiktok.com\/pt_BR\/\">#TIKTOK<\/a><\/p>\n","protected":false},"excerpt":{"rendered":"<p>Proposta estende novas regras da aposentadoria j\u00e1 aprovadas pelo Congresso a estados e munic\u00edpios; an\u00e1lise dos destaques fica para ter\u00e7a-feira Por da Reda\u00e7\u00e3o access_time 6 nov 2019, 21h15 &#8211; Publicado em 6 nov 2019, 19h55 Senado aprova em primeiro turno texto-base da reforma dos servidores\u00a0(Waldemir Barreto\/Ag\u00eancia Senado\/Ag\u00eancia Senado) O Senado aprovou em primeiro turno no [&hellip;]<\/p>\n","protected":false},"author":1,"featured_media":36442,"comment_status":"open","ping_status":"open","sticky":false,"template":"","format":"standard","meta":{"footnotes":""},"categories":[7],"tags":[],"class_list":["post-36441","post","type-post","status-publish","format-standard","has-post-thumbnail","hentry","category-economia"],"_links":{"self":[{"href":"https:\/\/wiy.com.br\/noticias\/wp-json\/wp\/v2\/posts\/36441","targetHints":{"allow":["GET"]}}],"collection":[{"href":"https:\/\/wiy.com.br\/noticias\/wp-json\/wp\/v2\/posts"}],"about":[{"href":"https:\/\/wiy.com.br\/noticias\/wp-json\/wp\/v2\/types\/post"}],"author":[{"embeddable":true,"href":"https:\/\/wiy.com.br\/noticias\/wp-json\/wp\/v2\/users\/1"}],"replies":[{"embeddable":true,"href":"https:\/\/wiy.com.br\/noticias\/wp-json\/wp\/v2\/comments?post=36441"}],"version-history":[{"count":0,"href":"https:\/\/wiy.com.br\/noticias\/wp-json\/wp\/v2\/posts\/36441\/revisions"}],"wp:featuredmedia":[{"embeddable":true,"href":"https:\/\/wiy.com.br\/noticias\/wp-json\/wp\/v2\/media\/36442"}],"wp:attachment":[{"href":"https:\/\/wiy.com.br\/noticias\/wp-json\/wp\/v2\/media?parent=36441"}],"wp:term":[{"taxonomy":"category","embeddable":true,"href":"https:\/\/wiy.com.br\/noticias\/wp-json\/wp\/v2\/categories?post=36441"},{"taxonomy":"post_tag","embeddable":true,"href":"https:\/\/wiy.com.br\/noticias\/wp-json\/wp\/v2\/tags?post=36441"}],"curies":[{"name":"wp","href":"https:\/\/api.w.org\/{rel}","templated":true}]}}