{"id":3641,"date":"2023-02-26T15:07:12","date_gmt":"2023-02-26T18:07:12","guid":{"rendered":"https:\/\/wiy.com.br\/noticias\/garcom-e-bom-de-cabeca-cicero-chega-com-plano-de-suprir-lacunas-no-botafogo\/"},"modified":"2019-02-07T05:58:45","modified_gmt":"2019-02-07T07:58:45","slug":"garcom-e-bom-de-cabeca-cicero-chega-com-plano-de-suprir-lacunas-no-botafogo","status":"publish","type":"post","link":"https:\/\/wiy.com.br\/noticias\/garcom-e-bom-de-cabeca-cicero-chega-com-plano-de-suprir-lacunas-no-botafogo\/","title":{"rendered":"Gar\u00e7om e bom de cabe\u00e7a, C\u00edcero chega com plano de suprir lacunas no Botafogo"},"content":{"rendered":"<p> <br \/>\n<br \/>C\u00edcero, refor\u00e7o contratado para agregar experi\u00eancia ao meio-campo do Botafogo, foi anunciado oficialmente nesta quarta-feira. A expectativa do Botafogo \u00e9 que C\u00edcero contribua na articula\u00e7\u00e3o de jogadas, um dos problemas do time de Z\u00e9 Ricardo no&#8230;<br \/>\n<br \/><br \/>\n<br \/><a href=\"https:\/\/oglobo.globo.com\/esportes\/garcom-bom-de-cabeca-cicero-chega-com-plano-de-suprir-lacunas-no-botafogo-23433943\">Source link <\/a><\/p>\n","protected":false},"excerpt":{"rendered":"<p>C\u00edcero, refor\u00e7o contratado para agregar experi\u00eancia ao meio-campo do Botafogo, foi anunciado oficialmente nesta quarta-feira. A expectativa do Botafogo \u00e9 que C\u00edcero contribua na articula\u00e7\u00e3o de jogadas, um dos problemas do time de Z\u00e9 Ricardo no&#8230; Source link<\/p>\n","protected":false},"author":1,"featured_media":0,"comment_status":"open","ping_status":"open","sticky":false,"template":"","format":"standard","meta":{"footnotes":""},"categories":[337],"tags":[],"class_list":["post-3641","post","type-post","status-publish","format-standard","hentry","category-noticias"],"_links":{"self":[{"href":"https:\/\/wiy.com.br\/noticias\/wp-json\/wp\/v2\/posts\/3641","targetHints":{"allow":["GET"]}}],"collection":[{"href":"https:\/\/wiy.com.br\/noticias\/wp-json\/wp\/v2\/posts"}],"about":[{"href":"https:\/\/wiy.com.br\/noticias\/wp-json\/wp\/v2\/types\/post"}],"author":[{"embeddable":true,"href":"https:\/\/wiy.com.br\/noticias\/wp-json\/wp\/v2\/users\/1"}],"replies":[{"embeddable":true,"href":"https:\/\/wiy.com.br\/noticias\/wp-json\/wp\/v2\/comments?post=3641"}],"version-history":[{"count":0,"href":"https:\/\/wiy.com.br\/noticias\/wp-json\/wp\/v2\/posts\/3641\/revisions"}],"wp:attachment":[{"href":"https:\/\/wiy.com.br\/noticias\/wp-json\/wp\/v2\/media?parent=3641"}],"wp:term":[{"taxonomy":"category","embeddable":true,"href":"https:\/\/wiy.com.br\/noticias\/wp-json\/wp\/v2\/categories?post=3641"},{"taxonomy":"post_tag","embeddable":true,"href":"https:\/\/wiy.com.br\/noticias\/wp-json\/wp\/v2\/tags?post=3641"}],"curies":[{"name":"wp","href":"https:\/\/api.w.org\/{rel}","templated":true}]}}