{"id":36392,"date":"2023-02-26T15:37:10","date_gmt":"2023-02-26T18:37:10","guid":{"rendered":"https:\/\/wiy.com.br\/noticias\/tata-werneck-revela-ja-ser-casada-com-rafa-vitti-a-gente-nao-divulgou\/"},"modified":"2019-11-06T15:27:12","modified_gmt":"2019-11-06T17:27:12","slug":"tata-werneck-revela-ja-ser-casada-com-rafa-vitti-a-gente-nao-divulgou","status":"publish","type":"post","link":"https:\/\/wiy.com.br\/noticias\/tata-werneck-revela-ja-ser-casada-com-rafa-vitti-a-gente-nao-divulgou\/","title":{"rendered":"Tat\u00e1 Werneck revela j\u00e1 ser casada com Rafa Vitti: \u201cA gente n\u00e3o divulgou\u201d"},"content":{"rendered":"<p> <br \/>\n<\/p>\n<p><a href=\"https:\/\/vejasp.abril.com.br\/blog\/pop\/tata-werneck-brasileiras-mais-seguidas-instagram\/\"><strong>Tat\u00e1 Werneck<\/strong><\/a> n\u00e3o fez cerim\u00f4nias para mostrar o rostinho e as primeiras fofuras da filha <strong>Clara Maria<\/strong>. O casamento com o eleito\u00a0<a href=\"https:\/\/vejasp.abril.com.br\/blog\/pop\/rafa-vitti-video-filha\/\"><strong>Rafa Vitti<\/strong><\/a>, no entanto, seguiu outra l\u00f3gica. A apresentadora contou nesta quarta (6), no Instagram, que <strong>casou-se se em segredo<\/strong>, no sof\u00e1 de casa,&#8221;com a \u00fanica roupa que tava cabendo em mim&#8221;.<\/p>\n<p>Na imagem, ela aparece ao lado dos padrinhos: o ator Gabriel Louchard e a diretora criativa Natalia Paes, assinando alguns pap\u00e9is. Veja a publica\u00e7\u00e3o :<\/p>\n<blockquote class=\"instagram-media\" data-instgrm-captioned data-instgrm-permalink=\"https:\/\/www.instagram.com\/p\/B4h7ejZH1vU\/?utm_source=ig_embed&amp;utm_campaign=loading\" data-instgrm-version=\"12\">\n<div> <a href=\"https:\/\/www.instagram.com\/p\/B4h7ejZH1vU\/?utm_source=ig_embed&amp;utm_campaign=loading\" target=\"_blank\" rel=\"noopener noreferrer\"> <\/p>\n<div>\n<div><\/div>\n<div>\n<div><\/div>\n<div><\/div>\n<\/div>\n<\/div>\n<div><\/div>\n<div><\/div>\n<div>\n<div> View this post on Instagram<\/div>\n<\/div>\n<div><\/div>\n<div>\n<div>\n<div><\/div>\n<div><\/div>\n<div><\/div>\n<\/div>\n<div>\n<div><\/div>\n<div><\/div>\n<\/div>\n<div>\n<div><\/div>\n<div><\/div>\n<div><\/div>\n<\/div>\n<\/div>\n<p><\/a> <\/p>\n<p> <a href=\"https:\/\/www.instagram.com\/p\/B4h7ejZH1vU\/?utm_source=ig_embed&amp;utm_campaign=loading\" target=\"_blank\" rel=\"noopener noreferrer\">Hoje meu amigo querido @julianoezuel perguntou quando ir\u00edamos marcar nosso casamento. \u00c9 pq a gente n\u00e3o divulgou <img title = \"[Tags]\"decoding=\"async\" src=\"https:\/\/s0.wp.com\/wp-content\/mu-plugins\/wpcom-smileys\/twemoji\/2\/72x72\/1f609.png\"alt = \"1f609 Tat\u00e1 Werneck revela j\u00e1 ser casada com Rafa Vitti: \u201cA gente n\u00e3o divulgou\u201d\" class=\"wp-smiley\" \/> Pra ngn. Mas j\u00e1 somos casados <img title = \"[Tags]\"decoding=\"async\" src=\"https:\/\/s0.wp.com\/wp-content\/mu-plugins\/wpcom-smileys\/twemoji\/2\/72x72\/2764.png\"alt = \"1f609 Tat\u00e1 Werneck revela j\u00e1 ser casada com Rafa Vitti: \u201cA gente n\u00e3o divulgou\u201d\" class=\"wp-smiley\" \/> casamos com a roupa que a gente tava mesmo. Nossos amigos amados @gabriellouchard e @_nataliapaes foram os padrinhos . Acabei casando com a \u00fanica roupa que tava cabendo em mim naquele momento. Rafa n\u00e3o tem desculpa. N\u00e3o se arrumou mesmo. <img title = \"[Tags]\"decoding=\"async\" src=\"https:\/\/s0.wp.com\/wp-content\/mu-plugins\/wpcom-smileys\/twemoji\/2\/72x72\/2764.png\"alt = \"1f609 Tat\u00e1 Werneck revela j\u00e1 ser casada com Rafa Vitti: \u201cA gente n\u00e3o divulgou\u201d\" class=\"wp-smiley\" \/> te amo @rafaavitti<\/a><\/p>\n<p>A post shared by <a href=\"https:\/\/www.instagram.com\/tatawerneck\/?utm_source=ig_embed&amp;utm_campaign=loading\" target=\"_blank\" rel=\"noopener noreferrer\"> Tata Werneck<\/a> (@tatawerneck) on Nov 6, 2019 at 8:08am PST<\/p>\n<\/div>\n<\/blockquote>\n<div class=\"widget-news widget-box no-margin no-border\"><span class=\"widget-news-title content-box-title\">Veja tamb\u00e9m<\/span><\/p>\n<ul class=\"widget-news-list\">\n<li class=\"widget-news-item without-thumb with-border\">\n<div class=\"widget-news-info\"><a href=\"\/\"><\/a><span class=\"widget-news-item-title\"><a href=\"https:\/\/vejasp.abril.com.br\/blog\/pop\/record-demite-racismo-funcionario\/\">Record demite funcion\u00e1rio de &#8216;A Fazenda&#8217; ap\u00f3s coment\u00e1rio racista<\/a><\/span><span class=\"widget-news-item-date\">6 nov 2019 &#8211; 12h11<\/span><\/div>\n<\/li>\n<li class=\"widget-news-item without-thumb with-border\">\n<div class=\"widget-news-info\"><a href=\"http:\/\/vejasp.abril.com.br\/cultura-lazer\">Cultura &amp; Lazer<\/a><span class=\"widget-news-item-title\"><a href=\"https:\/\/vejasp.abril.com.br\/blog\/pop\/luana-comentario-inusitado-namorada-scooby\/\">Luana faz coment\u00e1rio inusitado sobre novo namoro de Pedro Scooby<\/a><\/span><span class=\"widget-news-item-date\">6 nov 2019 &#8211; 11h11<\/span><\/div>\n<\/li>\n<li class=\"widget-news-item without-thumb with-border\">\n<div class=\"widget-news-info\"><a href=\"\/\"><\/a><span class=\"widget-news-item-title\"><a href=\"https:\/\/vejasp.abril.com.br\/blog\/pop\/bruno-gagliasso-giovanna-ewbank-cachorra-adocao\/\">Bruno Gagliasso e Giovanna Ewbank adotam nova &#8220;filha&#8221;<\/a><\/span><span class=\"widget-news-item-date\">5 nov 2019 &#8211; 18h11<\/span><\/div>\n<\/li>\n<\/ul>\n<\/div>\n<p><script async defer src=\"http:\/\/platform.instagram.com\/en_US\/embeds.js\"><\/script><br \/>\n<br \/><br \/>\n<br \/><a href=\"https:\/\/vejasp.abril.com.br\/blog\/pop\/tata-werneck-casamento-rafa-vitti\/\">Fonte do Artigo <\/a><br \/>\nTags:<br \/>\n#loterias #loteriascaixa #megasena #resultadoapostas#noticias #noticiario  #noticia #brasil #noticiascolombia #mundo #esporte #colombia #noticiadeld #ltimasnoticias  #noticiario #noticiasregionales #noticiasdepartamentales #noticiashoy #esportes #noticiaahora #elinformantenoticias #noticiasdeboyac  #esporteinterativo #esportivo #diariodosesportes  #noticiero  #jogodefutebol #jogos #loto #apostas<\/p>\n","protected":false},"excerpt":{"rendered":"<p>Tat\u00e1 Werneck n\u00e3o fez cerim\u00f4nias para mostrar o rostinho e as primeiras fofuras da filha Clara Maria. O casamento com o eleito\u00a0Rafa Vitti, no entanto, seguiu outra l\u00f3gica. A apresentadora contou nesta quarta (6), no Instagram, que casou-se se em segredo, no sof\u00e1 de casa,&#8221;com a \u00fanica roupa que tava cabendo em mim&#8221;. Na imagem, [&hellip;]<\/p>\n","protected":false},"author":1,"featured_media":36393,"comment_status":"open","ping_status":"open","sticky":false,"template":"","format":"standard","meta":{"footnotes":""},"categories":[1],"tags":[],"class_list":["post-36392","post","type-post","status-publish","format-standard","has-post-thumbnail","hentry","category-curso-de-copy"],"_links":{"self":[{"href":"https:\/\/wiy.com.br\/noticias\/wp-json\/wp\/v2\/posts\/36392","targetHints":{"allow":["GET"]}}],"collection":[{"href":"https:\/\/wiy.com.br\/noticias\/wp-json\/wp\/v2\/posts"}],"about":[{"href":"https:\/\/wiy.com.br\/noticias\/wp-json\/wp\/v2\/types\/post"}],"author":[{"embeddable":true,"href":"https:\/\/wiy.com.br\/noticias\/wp-json\/wp\/v2\/users\/1"}],"replies":[{"embeddable":true,"href":"https:\/\/wiy.com.br\/noticias\/wp-json\/wp\/v2\/comments?post=36392"}],"version-history":[{"count":0,"href":"https:\/\/wiy.com.br\/noticias\/wp-json\/wp\/v2\/posts\/36392\/revisions"}],"wp:featuredmedia":[{"embeddable":true,"href":"https:\/\/wiy.com.br\/noticias\/wp-json\/wp\/v2\/media\/36393"}],"wp:attachment":[{"href":"https:\/\/wiy.com.br\/noticias\/wp-json\/wp\/v2\/media?parent=36392"}],"wp:term":[{"taxonomy":"category","embeddable":true,"href":"https:\/\/wiy.com.br\/noticias\/wp-json\/wp\/v2\/categories?post=36392"},{"taxonomy":"post_tag","embeddable":true,"href":"https:\/\/wiy.com.br\/noticias\/wp-json\/wp\/v2\/tags?post=36392"}],"curies":[{"name":"wp","href":"https:\/\/api.w.org\/{rel}","templated":true}]}}