{"id":36350,"date":"2023-02-26T15:43:48","date_gmt":"2023-02-26T18:43:48","guid":{"rendered":"https:\/\/wiy.com.br\/noticias\/por-que-fachin-negou-prender-dilma-na-lava-jato\/"},"modified":"2019-11-06T10:20:18","modified_gmt":"2019-11-06T12:20:18","slug":"por-que-fachin-negou-prender-dilma-na-lava-jato","status":"publish","type":"post","link":"https:\/\/wiy.com.br\/noticias\/por-que-fachin-negou-prender-dilma-na-lava-jato\/","title":{"rendered":"Por que Fachin negou prender Dilma na Lava Jato?"},"content":{"rendered":"<p> <br \/>\n<\/p>\n<p>A ex-presidente <strong><a href=\"https:\/\/exame.abril.com.br\/noticias-sobre\/dilma-rousseff\/\">Dilma Rousseff<\/a> <\/strong>(PT) foi alvo de pedido de pris\u00e3o tempor\u00e1ria (cinco dias) feita pela Pol\u00edcia Federal ao ministro Edson Fachin, do Supremo Tribunal Federal. A solicita\u00e7\u00e3o corre em inqu\u00e9rito que apura o pagamento de propinas milion\u00e1rias do grupo J&amp;F, de Joesley Batista, a senadores do MDB em troca de apoio \u00e0 candidatura da petista.<\/p>\n<p>Dilma n\u00e3o \u00e9 investigada no inqu\u00e9rito. Os alvos s\u00e3o os senadores Eduardo Braga (MDB-AM), Renan Calheiros (MDB-AL) e Jader Barbalho (MDB-PA), o ministro Vital do R\u00eago Filho, do Tribunal de Contas da Uni\u00e3o (TCU) e os ex-senadores Valdir Raupp (MDB-RO) e Eun\u00edcio Oliveira (MDB-CE).<\/p>\n<p>Segundo os policiais, a pris\u00e3o de Dilma era &#8220;indispens\u00e1vel&#8221; para a identifica\u00e7\u00e3o de fontes, autoria e materialidade dos crimes investigados. O pedido, no entanto, foi negado por Fachin por se tratar de uma &#8220;medida extrema&#8221;, visto que a ex-presidente n\u00e3o apresentas &#8220;concretas condutas atentat\u00f3rias \u00e0s apura\u00e7\u00f5es&#8221; do caso.<\/p>\n<p>&#8220;No caso, nada obstante, como j\u00e1 afirmado, esteja satisfatoriamente demonstrada a plausibilidade das hip\u00f3teses investigativas levadas a efeito pela autoridade policial, a pretens\u00e3o de restri\u00e7\u00e3o da liberdade de locomo\u00e7\u00e3o dos investigados n\u00e3o se encontra provida da indica\u00e7\u00e3o de concretas condutas atentat\u00f3rias \u00e0s apura\u00e7\u00f5es que evidenciem a necessidade da medida extrema&#8221;, observou Fachin em sua decis\u00e3o, que autorizou a opera\u00e7\u00e3o realizada na ter\u00e7a-feira, 5, para cumprimento de buscas e apreens\u00f5es.<\/p>\n<p>Em decis\u00e3o proferida em 21 de outubro, Fachin dispensa o pedido de pris\u00e3o contra a ex-presidente seguindo manifesta\u00e7\u00e3o apresentada pela Procuradoria-Geral da Rep\u00fablica (PGR), atualmente comandada por Augusto Aras.<\/p>\n<p>&#8220;Nesse sentido, poss\u00edvel se fazer refer\u00eancia \u00e0 manifesta\u00e7\u00e3o da Procuradoria-Geral da Rep\u00fablica, pontuando que &#8216;n\u00e3o h\u00e1 evid\u00eancias de que, em liberdade, os investigados possam atrapalhar a execu\u00e7\u00e3o das medida de busca e apreens\u00e3o&#8217;. Com essas considera\u00e7\u00f5es, indefiro as pris\u00f5es tempor\u00e1rias requeridas&#8221; concluiu o relator da Lava Jato.<\/p>\n<h3>Com a palavra, Dilma Rousseff<\/h3>\n<p>&#8220;\u00c9 estarrecedora a not\u00edcia de que a Pol\u00edcia Federal pediu a pris\u00e3o da ex-presidenta num processo no qual ela n\u00e3o \u00e9 investigada e nunca foi chamada a prestar qualquer esclarecimento.<\/p>\n<p>A ex-presidenta sempre colaborou com investiga\u00e7\u00f5es e jamais se negou a prestar testemunho perante a Justi\u00e7a Federal, nos casos em que foi instada a se manifestar.<\/p>\n<p>Hoje, 5 de novembro, ela foi convidada a prestar esclarecimentos \u00e0 Justi\u00e7a, recebendo a notifica\u00e7\u00e3o das m\u00e3os civilizadas e educadas de um delegado federal. No final da tarde, soube pela imprensa do pedido de pris\u00e3o.<\/p>\n<p>O pedido de pris\u00e3o \u00e9 um absurdo diante do fato de n\u00e3o ser ela mesma investigada no inqu\u00e9rito em quest\u00e3o. E autoriza suposi\u00e7\u00f5es v\u00e1rias, entre elas que se trata de uma oportuna cortina de fuma\u00e7a. E tamb\u00e9m revela o esfor\u00e7o inconsequente do ministro da Justi\u00e7a, S\u00e9rgio Moro no af\u00e3 de perseguir advers\u00e1rios pol\u00edticos. Sobretudo, torna vis\u00edvel e palp\u00e1vel o abuso de autoridade.<\/p>\n<p>Ainda bem que prevaleceu o bom senso e a responsabilidade do ministro respons\u00e1vel pelo caso no STF, assim como do pr\u00f3prio Minist\u00e9rio P\u00fablico Federal.&#8221;<\/p>\n<p><br \/>\n<br \/><a href=\"https:\/\/exame.abril.com.br\/brasil\/por-que-fachin-negou-prender-dilma-na-lava-jato\/\">Fonte do artigo <\/a><br \/>\nTags:<br \/>\n#politica #political #negocios #business #marketingdigital #empreendedorismo #marketing #emprendedores #empreender #sucesso #empresas #emprendimiento #emprendedor #empreendedor #emprender #dinheiro #dinero #empresario #vendas #liderazgo #motivacion #foco #motivacao #negocio #brasil<\/p>\n","protected":false},"excerpt":{"rendered":"<p>A ex-presidente Dilma Rousseff (PT) foi alvo de pedido de pris\u00e3o tempor\u00e1ria (cinco dias) feita pela Pol\u00edcia Federal ao ministro Edson Fachin, do Supremo Tribunal Federal. A solicita\u00e7\u00e3o corre em inqu\u00e9rito que apura o pagamento de propinas milion\u00e1rias do grupo J&amp;F, de Joesley Batista, a senadores do MDB em troca de apoio \u00e0 candidatura da [&hellip;]<\/p>\n","protected":false},"author":1,"featured_media":36351,"comment_status":"open","ping_status":"open","sticky":false,"template":"","format":"standard","meta":{"footnotes":""},"categories":[1],"tags":[],"class_list":["post-36350","post","type-post","status-publish","format-standard","has-post-thumbnail","hentry","category-curso-de-copy"],"_links":{"self":[{"href":"https:\/\/wiy.com.br\/noticias\/wp-json\/wp\/v2\/posts\/36350","targetHints":{"allow":["GET"]}}],"collection":[{"href":"https:\/\/wiy.com.br\/noticias\/wp-json\/wp\/v2\/posts"}],"about":[{"href":"https:\/\/wiy.com.br\/noticias\/wp-json\/wp\/v2\/types\/post"}],"author":[{"embeddable":true,"href":"https:\/\/wiy.com.br\/noticias\/wp-json\/wp\/v2\/users\/1"}],"replies":[{"embeddable":true,"href":"https:\/\/wiy.com.br\/noticias\/wp-json\/wp\/v2\/comments?post=36350"}],"version-history":[{"count":0,"href":"https:\/\/wiy.com.br\/noticias\/wp-json\/wp\/v2\/posts\/36350\/revisions"}],"wp:featuredmedia":[{"embeddable":true,"href":"https:\/\/wiy.com.br\/noticias\/wp-json\/wp\/v2\/media\/36351"}],"wp:attachment":[{"href":"https:\/\/wiy.com.br\/noticias\/wp-json\/wp\/v2\/media?parent=36350"}],"wp:term":[{"taxonomy":"category","embeddable":true,"href":"https:\/\/wiy.com.br\/noticias\/wp-json\/wp\/v2\/categories?post=36350"},{"taxonomy":"post_tag","embeddable":true,"href":"https:\/\/wiy.com.br\/noticias\/wp-json\/wp\/v2\/tags?post=36350"}],"curies":[{"name":"wp","href":"https:\/\/api.w.org\/{rel}","templated":true}]}}