{"id":36297,"date":"2023-02-26T15:42:56","date_gmt":"2023-02-26T18:42:56","guid":{"rendered":"https:\/\/wiy.com.br\/noticias\/crivella-sanciona-lei-que-aprova-encampacao-da-linha-amarela-pouco-apos-votacao-na-camara\/"},"modified":"2019-11-05T19:57:38","modified_gmt":"2019-11-05T21:57:38","slug":"crivella-sanciona-lei-que-aprova-encampacao-da-linha-amarela-pouco-apos-votacao-na-camara","status":"publish","type":"post","link":"https:\/\/wiy.com.br\/noticias\/crivella-sanciona-lei-que-aprova-encampacao-da-linha-amarela-pouco-apos-votacao-na-camara\/","title":{"rendered":"Crivella sanciona lei que aprova encampa\u00e7\u00e3o da Linha Amarela, pouco ap\u00f3s vota\u00e7\u00e3o na C\u00e2mara"},"content":{"rendered":"<p> <br \/>\n<\/p>\n<div property=\"na:ArticleBody\">\n<p>Pouco ap\u00f3s a<a href=\"https:\/\/oglobo.globo.com\/rio\/vereadores-aprovam-encampacao-da-linha-amarela-mas-decisao-da-justica-impede-fim-do-contrato-entenda-crise-24062947\" target=\"_blank\" rel=\"noopener noreferrer\"> aprova\u00e7\u00e3o na C\u00e2mara Municipal por 47 votos a 0 da lei que aprova a encampa\u00e7\u00e3o da Linha Amarela<\/a>, o prefeito Marcelo Crivella sancionou o texto no in\u00edcio da noite desta ter\u00e7a-feira em edi\u00e7\u00e3o extra do Di\u00e1rio Oficial do Munic\u00edpio on-line. <\/p>\n<p>O texto prev\u00ea a opera\u00e7\u00e3o e a manuten\u00e7\u00e3o da via por parte do munic\u00edpio e prev\u00ea tamb\u00e9m que a prefeitura defina os par\u00e2metros para a explora\u00e7\u00e3o da tarifa do ped\u00e1gio. Fica definido, tamb\u00e9m, que o Poder Executivo municipal poder\u00e1 tamb\u00e9m instituir cau\u00e7\u00e3o para prevenir a necessidade de amortiza\u00e7\u00e3o em favor da concession\u00e1ria.<\/p>\n<p>Nas redes sociais, pouco ap\u00f3s a vota\u00e7\u00e3o na C\u00e2mara do Rio, Crivella parabenizou vereadores:<\/p>\n<h2>Erro de reda\u00e7\u00e3o pode fazer texto ser republicado<\/h2>\n<p>\u00c9 poss\u00edvel, no entanto, que o texto precise ser republicado. O motivo \u00e9 que o n\u00famero da lei saiu com a numera\u00e7\u00e3o do of\u00edcio enviado pela C\u00e2mara ao prefeito, o que \u00e9 um erro material. Segundo fontes ouvidas pelo GLOBO, tal equ\u00edvoco necessita de corre\u00e7\u00e3o. <\/p>\n<p>Mais cedo, em nota, a Lamsa disse que a decis\u00e3o do Poder Legislativo n\u00e3o se sobrep\u00f5e \u00e0 liminar da ju\u00edza Regina L\u00facia Chuquer de Almeida de Castro Lima, da 6\u00aa Vara da Fazenda P\u00fablica, que garante a ela o pleno exerc\u00edcio da concess\u00e3o at\u00e9 que o poder concedente cumpra o que determina a Lei n\u00ba 8.987\/1995, a Lei das Concess\u00f5es. \u201cNesse sentido, a Lamsa, uma empresa do grupo Invepar, manter\u00e1 a opera\u00e7\u00e3o e manuten\u00e7\u00e3o da via, reconhecidas pelos bons servi\u00e7os prestados \u00e0 popula\u00e7\u00e3o, bem como os investimentos previstos em contrato. A decis\u00e3o da C\u00e2mara n\u00e3o mudar\u00e1 a posi\u00e7\u00e3o da concession\u00e1ria, sempre pautada pelo respeito \u00e0 ordem jur\u00eddica e aberta ao di\u00e1logo construtivo com os \u00f3rg\u00e3os p\u00fablicos visando a manuten\u00e7\u00e3o de um servi\u00e7o fundamental para o desenvolvimento do munic\u00edpio\u201d.<\/p>\n<h2 align=\"justify\">Liminar na Justi\u00e7a<\/h2>\n<p align=\"justify\">A ju\u00edza Regina L\u00facia Chuquer de Almeida de Castro Lima concedeu, na semana passada, uma liminar determinando que a prefeitura se abstenha de encampar a Linha Amarela sem a realiza\u00e7\u00e3o de um processo administrativo em que seja assegurado o direito da concession\u00e1ria \u00e0 ampla defesa, bem como o pagamento de pr\u00e9via indeniza\u00e7\u00e3o pelo encerramento do contrato. Caso a liminar n\u00e3o seja cumprida, o prefeito Marcello Crivella est\u00e1 sujeito a multa di\u00e1ria de R$ 100 mil. Em sua decis\u00e3o, a magistrada lembra que estes ritos est\u00e3o previstos no artigo 37 da Lei Federal 8987\/95, que disciplina as concess\u00f5es em todo o Brasil.<\/p>\n<p align=\"justify\">A decis\u00e3o atende a uma a\u00e7\u00e3o movida pela pr\u00f3pria Lamsa. O processo come\u00e7ou a tramitar na quinta-feira. No texto inicial, a empresa informa que n\u00e3o pretende impedir que a C\u00e2mara do Rio decida se haver\u00e1 ou n\u00e3o a encampa\u00e7\u00e3o. Mas que sejam respeitadas as regras previstas na legisla\u00e7\u00e3o para esses casos. Procurada, a prefeitura ainda n\u00e3o se manifestou.<\/p>\n<p align=\"justify\">No dia 27 de outubro, equipes da prefeitura retiraram cancelas das cabines de cobran\u00e7a de ped\u00e1gio da Linha Amarela por volta das 22h30m. Representantes da RioLuz tamb\u00e9m foram ao local para cortar o fornecimento de energia das cabines e agentes da Comlurb realizaram a retirada de cones para liberar a passagem de ve\u00edculos. <a href=\"https:\/\/oglobo.globo.com\/rio\/com-retroescavadeiras-prefeitura-retira-cancelas-da-linha-amarela-libera-pedagio-1-24045822\" target=\"_blank\" rel=\"noopener noreferrer\">\u00c0s 23h, os dois sentidos estavam com passagem liberada<\/a> . A opera\u00e7\u00e3o teve apoio retroescavadeiras, usadas para demolir as cabines por volta das 00h30. Por volta das 3h20, o prefeito Marcelo Crivella esteve no local, gravou um v\u00eddeo institucional e saiu logo em seguida. As demoli\u00e7\u00f5es foram suspensas por volta de uma hora da manh\u00e3. Funcion\u00e1rios da Comlurb continuaram atuando para a retirada de entulho das cabines quebradas at\u00e9 o come\u00e7o da manh\u00e3.<\/p>\n<p align=\"justify\">De acordo com a prefeitura, houve o \u201crompimento unilateral do contrato de concess\u00e3o da Linha Amarela \u00e0 Lamsa, que administra a via Expressa\u201d. A decis\u00e3o de retirar as cancelas foi tomada com base em dados verificados por uma auditoria da pr\u00f3pria prefeitura que constatou <a href=\"https:\/\/oglobo.globo.com\/rio\/crivella-anuncia-que-vai-cancelar-concessao-da-linha-amarela-para-lamsa-24041760\" target=\"_blank\" rel=\"noopener noreferrer\">preju\u00edzo de R$ 1,6 bilh\u00e3o<\/a> no contrato do munic\u00edpio com a concession\u00e1ria. Pelas contas da prefeitura, desde o in\u00edcio da cobran\u00e7a de ped\u00e1gio, em 1998, at\u00e9 o fim de 2018, passaram pela via 151.282.630 ve\u00edculos a mais do que havia sido projetado na modelagem financeira da concess\u00e3o. Segundo os auditores, os ganhos da concession\u00e1ria com a Linha Amarela foram suficientes para que a concess\u00e3o v\u00e1lida at\u00e9 2037 tivesse sido encerrada em 2015.<\/p>\n<h2 align=\"justify\">Im\u00f3veis como garantia<\/h2>\n<p align=\"justify\">O vereador Marcos Paulo (Psol) entrou com um <a href=\"https:\/\/oglobo.globo.com\/rio\/linha-amarela-vereadores-votam-projeto-de-encampacao-da-prefeitura-24062476\" target=\"_blank\" rel=\"noopener noreferrer\">projeto de lei para responsabilizar pessoalmente Crivella caso a Justi\u00e7a determine indeniza\u00e7\u00e3o \u00e0 Lamsa<\/a> pela destrui\u00e7\u00e3o da Pra\u00e7a de Ped\u00e1gio da Linha Amarela. Ele defendeu o PDL em plen\u00e1rio, durante a sess\u00e3o extraordin\u00e1ria da Linha Amarela, e o projeto recebeu apoio da Teresa Berger (PSDB), Tarc\u00edsio, Renato Cinco (Psol), Reimont (PT), Luciana Novaes (PT) e Paulo Pinheiro (Psol).<\/p>\n<p align=\"justify\">Nesta segunda-feira, oito dias ap\u00f3s ter determinado a destrui\u00e7\u00e3o das cabines da pra\u00e7a do ped\u00e1gio da Linha Amarela, a prefeitura criou uma comiss\u00e3o para concluir, em 20 dias, um plano com as a\u00e7\u00f5es necess\u00e1rias para assumir a gest\u00e3o da via expressa. Independentemente de onde vir\u00e3o os recursos, a prefeitura ter\u00e1 ainda que apresentar um projeto de lei para incluir essa despesa no or\u00e7amento de 2020. Presidente da Comiss\u00e3o de Or\u00e7amento, a vereadora Rosa Fernandes (MDB) tem d\u00favidas se, neste caso, o patrim\u00f4nio p\u00fablico pode ser dado em garantia pela prefeitura. Ela \u00e9 contra a solu\u00e7\u00e3o apresentada por Jairinho:<\/p>\n<p align=\"justify\">\u2014 N\u00e3o resta d\u00favida de que essa quest\u00e3o da Linha Amarela precisa se resolver. A prefeitura tem dificuldades financeiras. Mas n\u00e3o acho que a solu\u00e7\u00e3o seja oferecer patrim\u00f4nio p\u00fablico como garantia \u2014 disse Rosa.<\/p>\n<div id=\"selo-em-artigo\" class=\"facebook\">\n<figure><a href=\"https:\/\/www.facebook.com\/jornalextra\" rel=\"nofollow noopener noreferrer\" target=\"_blank\"> <img title = \"[Tags]\"decoding=\"async\" src=\"http:\/\/extra.globo.com\/img\/6b9\/2014\/11\/5\/9\/xSelo-Facebook-448pxWeb.jpg.pagespeed.ic.sbRF35PtrK.jpg\"alt = \"xSelo-Facebook-448pxWeb.jpg.pagespeed.ic.sbRF35PtrK Crivella sanciona lei que aprova encampa\u00e7\u00e3o da Linha Amarela, pouco ap\u00f3s vota\u00e7\u00e3o na C\u00e2mara\"\/><\/a> <\/figure>\n<\/div><\/div>\n<p><script>\n\t\t\t$(document).ready(function() {\n\t\t\t\t$.ajaxSetup({ cache: true });\n\t\t\t\t$.getScript('\/\/connect.facebook.net\/pt_BR\/sdk.js', function(){\n\t\t\t\t\tFB.init({\n\t\t\t\t\t\txfbml      : true,\n\t\t\t\t\t\tversion    : 'v2.5'\n\t\t\t\t\t});\n\t\t\t\t});\n\t\t\t});\n\t\t<\/script><br \/>\n<br \/><br \/>\n<br \/><a href=\"https:\/\/extra.globo.com\/noticias\/rio\/crivella-sanciona-lei-que-aprova-encampacao-da-linha-amarela-pouco-apos-votacao-na-camara-24063686.html\">Fonte do Artigo <\/a><br \/>\nTags:<\/p>\n<p><a href=\"https:\/\/wiy.com.br\/noticias\/categoria\/noticias\/\">#noticia<\/a> <a href=\"https:\/\/wiy.com.br\/noticias\/categoria\/noticias\/\">#novidades<\/a> <a href=\"https:\/\/wiy.com.br\/noticias\/categoria\/noticias\/\">#noticias<\/a> <a href=\"https:\/\/wiy.com.br\/noticias\/categoria\/noticias\/\">#venezuela<\/a> <a href=\"https:\/\/wiy.com.br\/noticias\/categoria\/noticias\/\">#seo<\/a> <a href=\"https:\/\/wiy.com.br\/noticias\/categoria\/noticias\/\">#instagram<\/a> <a href=\"https:\/\/wiy.com.br\/noticias\/categoria\/noticias\/\">#cicpc<\/a> <a href=\"https:\/\/wiy.com.br\/noticias\/categoria\/noticias\/\">#policia<\/a> <a href=\"https:\/\/wiy.com.br\/noticias\/categoria\/noticias\/\">#ultimahora<\/a> <a href=\"https:\/\/wiy.com.br\/noticias\/categoria\/noticias\/\">#seguridade<\/a> <a href=\"https:\/\/wiy.com.br\/noticias\/categoria\/noticias\/\">#informacao<\/a> <a href=\"https:\/\/wiy.com.br\/noticias\/categoria\/noticias\/\">#paz<\/a> <a href=\"https:\/\/wiy.com.br\/noticias\/categoria\/noticias\/\">#urgente<\/a> <a href=\"https:\/\/wiy.com.br\/noticias\/categoria\/noticias\/\">#policiacientifica<\/a> <a href=\"https:\/\/wiy.com.br\/noticias\/categoria\/noticias\/\">#criminalisticcicpc<\/a> <a href=\"https:\/\/wiy.com.br\/noticias\/categoria\/noticias\/\">#crimes<\/a> <a href=\"https:\/\/wiy.com.br\/noticias\/categoria\/noticias\/\">#extra<\/a> <a href=\"https:\/\/wiy.com.br\/noticias\/categoria\/noticias\/\">#ultimahoranoticia<\/a> <a href=\"https:\/\/wiy.com.br\/noticias\/categoria\/noticias\/\">#brazil247<\/a> <a href=\"https:\/\/wiy.com.br\/noticias\/categoria\/noticias\/\">#governo<\/a> <a href=\"https:\/\/wiy.com.br\/noticias\/categoria\/noticias\/\">#brasil247<\/a> <a href=\"https:\/\/wiy.com.br\/noticias\/categoria\/noticias\/\">#bolsonaro<\/a> <a href=\"https:\/\/wiy.com.br\/noticias\/categoria\/noticias\/\">#jornalismo<\/a> <a href=\"https:\/\/wiy.com.br\/noticias\/categoria\/noticias\/\">#informacoes<\/a> <a href=\"https:\/\/wiy.com.br\/noticias\/categoria\/noticias\/\">#news<\/a> <a href=\"https:\/\/wiy.com.br\/noticias\/categoria\/noticias\/\">#jornal<\/a> <a href=\"https:\/\/wiy.com.br\/noticias\/categoria\/noticias\/\">#tiktok<\/a> <a href=\"https:\/\/wiy.com.br\/noticias\/categoria\/noticias\/\">#fgts<\/a> <a href=\"https:\/\/wiy.com.br\/noticias\/categoria\/noticias\/\">#pis<\/a> <a href=\"https:\/\/wiy.com.br\/noticias\/categoria\/noticias\/\">#caixa<\/a> <a href=\"https:\/\/wiy.com.br\/noticias\/categoria\/noticias\/\">#loterias<\/a> <a href=\"https:\/\/wiy.com.br\/noticias\/categoria\/noticias\/\">#megasena<\/a> <a href=\"https:\/\/wiy.com.br\/noticias\/categoria\/noticias\/\">#lotofacil<\/a> <a href=\"https:\/\/wiy.com.br\/noticias\/categoria\/noticias\/\">#megamania<\/a> <a href=\"https:\/\/wiy.com.br\/noticias\/categoria\/noticias\/\">#sus<\/a> <a href=\"https:\/\/wiy.com.br\/noticias\/categoria\/noticias\/\">#ibge<\/a><\/p>\n","protected":false},"excerpt":{"rendered":"<p>Pouco ap\u00f3s a aprova\u00e7\u00e3o na C\u00e2mara Municipal por 47 votos a 0 da lei que aprova a encampa\u00e7\u00e3o da Linha Amarela, o prefeito Marcelo Crivella sancionou o texto no in\u00edcio da noite desta ter\u00e7a-feira em edi\u00e7\u00e3o extra do Di\u00e1rio Oficial do Munic\u00edpio on-line. O texto prev\u00ea a opera\u00e7\u00e3o e a manuten\u00e7\u00e3o da via por parte [&hellip;]<\/p>\n","protected":false},"author":1,"featured_media":32354,"comment_status":"open","ping_status":"open","sticky":false,"template":"","format":"standard","meta":{"footnotes":""},"categories":[337],"tags":[],"class_list":["post-36297","post","type-post","status-publish","format-standard","has-post-thumbnail","hentry","category-noticias"],"_links":{"self":[{"href":"https:\/\/wiy.com.br\/noticias\/wp-json\/wp\/v2\/posts\/36297","targetHints":{"allow":["GET"]}}],"collection":[{"href":"https:\/\/wiy.com.br\/noticias\/wp-json\/wp\/v2\/posts"}],"about":[{"href":"https:\/\/wiy.com.br\/noticias\/wp-json\/wp\/v2\/types\/post"}],"author":[{"embeddable":true,"href":"https:\/\/wiy.com.br\/noticias\/wp-json\/wp\/v2\/users\/1"}],"replies":[{"embeddable":true,"href":"https:\/\/wiy.com.br\/noticias\/wp-json\/wp\/v2\/comments?post=36297"}],"version-history":[{"count":0,"href":"https:\/\/wiy.com.br\/noticias\/wp-json\/wp\/v2\/posts\/36297\/revisions"}],"wp:featuredmedia":[{"embeddable":true,"href":"https:\/\/wiy.com.br\/noticias\/wp-json\/wp\/v2\/media\/32354"}],"wp:attachment":[{"href":"https:\/\/wiy.com.br\/noticias\/wp-json\/wp\/v2\/media?parent=36297"}],"wp:term":[{"taxonomy":"category","embeddable":true,"href":"https:\/\/wiy.com.br\/noticias\/wp-json\/wp\/v2\/categories?post=36297"},{"taxonomy":"post_tag","embeddable":true,"href":"https:\/\/wiy.com.br\/noticias\/wp-json\/wp\/v2\/tags?post=36297"}],"curies":[{"name":"wp","href":"https:\/\/api.w.org\/{rel}","templated":true}]}}