{"id":36258,"date":"2023-02-26T15:12:33","date_gmt":"2023-02-26T18:12:33","guid":{"rendered":"https:\/\/wiy.com.br\/noticias\/mapa-da-desigualdade-2019-mostra-aumento-de-feminicidios-em-sp\/"},"modified":"2019-11-05T14:02:32","modified_gmt":"2019-11-05T16:02:32","slug":"mapa-da-desigualdade-2019-mostra-aumento-de-feminicidios-em-sp","status":"publish","type":"post","link":"https:\/\/wiy.com.br\/noticias\/mapa-da-desigualdade-2019-mostra-aumento-de-feminicidios-em-sp\/","title":{"rendered":"Mapa da Desigualdade 2019 mostra aumento de feminic\u00eddios em SP"},"content":{"rendered":"<p> <br \/>\n<\/p>\n<p>A <strong>viol\u00eancia contra a mulher cresceu na capital paulista<\/strong>. \u00c9 o que mostra o <strong>Mapa da Desigualdade Social 2019<\/strong>, publicado nesta ter\u00e7a-feira (5) pela <strong>Rede Nossa S\u00e3o Paulo<\/strong>. De acordo com o levantamento, feito com dados de 2018, os <strong>feminic\u00eddios <\/strong>aumentaram 167% em toda a cidade, e as ocorr\u00eancias de viol\u00eancia, 51%. Os distritos da S\u00e9 e Barra Funda concentram as maiores taxas de ocorr\u00eancia nos dois indicadores.<\/p>\n<p>Al\u00e9m disso, um dos principais destaques \u00e9 a m\u00e9dia de idade com que as pessoas morreram em 2018. Enquanto em Moema esse valor \u00e9 de 80,57, em Cidade Tiradentes, \u00e9 de 57,31, contabilizando mais de vinte anos de diferen\u00e7a entre os dois distritos. Os dados de dez diferentes \u00e1reas e 53 indicadores mostram a realidade dos distritos da capital paulista atrav\u00e9s do &#8220;desigualt\u00f4metro&#8221;, que evidencia a diferen\u00e7a entre a melhor e a pior regi\u00e3o.<\/p>\n<p>Pela primeira vez, o estudo traz dados sobre viol\u00eancia, com comparativo de agress\u00f5es contra a mulher, incluindo o feminic\u00eddio, viol\u00eancia homof\u00f3bica, transf\u00f3bica, viol\u00eancia de racismo e inj\u00faria racial. Os n\u00fameros foram levantados junto \u00e0 Secretaria da Seguran\u00e7a P\u00fablica do Estado de S\u00e3o Paulo (SSP) e ao Minist\u00e9rio P\u00fablico do Estado de S\u00e3o Paulo (MPSP) e s\u00e3o referentes aos locais onde as v\u00edtimas sofreram as ocorr\u00eancias.<\/p>\n<p>O Mapa mostra que a S\u00e9 lidera os casos de viol\u00eancia contra a mulher na capital paulista. Foram registradas 8,4 ocorr\u00eancias de feminic\u00eddio para cada 10 000 mulheres na faixa de 20 a 59 anos na regi\u00e3o, n\u00famero 56 vezes maior que em outros vinte distritos da cidade. A viol\u00eancia contra a mulher tamb\u00e9m \u00e9 maior nesse mesmo distrito, com 803,9 registros.<\/p>\n<p>Dados sobre educa\u00e7\u00e3o, sa\u00fade, cultura, habita\u00e7\u00e3o e idade m\u00e9dia ao morrer em cada um dos distritos da cidade tamb\u00e9m fazem parte do levantamento. Desde 2012, a Rede Nossa S\u00e3o Paulo elabora e divulga anualmente o Mapa da Desigualdade da cidade. <a href=\"https:\/\/www.nossasaopaulo.org.br\/wp-content\/uploads\/2019\/11\/Mapa_Desigualdade_2019_tabelas.pdf\">Veja aqui as tabelas completas.<\/a><\/p>\n<div class=\"widget-news widget-box no-margin no-border\"><span class=\"widget-news-title content-box-title\">Veja tamb\u00e9m<\/span><\/p>\n<ul class=\"widget-news-list\">\n<li class=\"widget-news-item without-thumb with-border\">\n<div class=\"widget-news-info\"><a href=\"http:\/\/vejasp.abril.com.br\/cidades\">Cidades<\/a><span class=\"widget-news-item-title\"><a href=\"https:\/\/vejasp.abril.com.br\/cidades\/incendio-pico-do-jaragua\/\">Bombeiros controlam fogo no Pico do Jaragu\u00e1; Grande SP tem 1.032 focos<\/a><\/span><span class=\"widget-news-item-date\">5 nov 2019 &#8211; 09h11<\/span><\/div>\n<\/li>\n<li class=\"widget-news-item without-thumb with-border\">\n<div class=\"widget-news-info\"><a href=\"http:\/\/vejasp.abril.com.br\/cidades\">Cidades<\/a><span class=\"widget-news-item-title\"><a href=\"https:\/\/vejasp.abril.com.br\/cidades\/semana-chuva-sao-paulo\/\">Chuva forte deve atingir SP nesta ter\u00e7a (5); calor diminui<\/a><\/span><span class=\"widget-news-item-date\">5 nov 2019 &#8211; 10h11<\/span><\/div>\n<\/li>\n<\/ul>\n<\/div>\n<p><br \/>\n<br \/><a href=\"https:\/\/vejasp.abril.com.br\/cidades\/mapa-desigualdade-2019\/\">Fonte do Artigo <\/a><br \/>\nTags:<br \/>\n#loterias #loteriascaixa #megasena #resultadoapostas#noticias #noticiario  #noticia #brasil #noticiascolombia #mundo #esporte #colombia #noticiadeld #ltimasnoticias  #noticiario #noticiasregionales #noticiasdepartamentales #noticiashoy #esportes #noticiaahora #elinformantenoticias #noticiasdeboyac  #esporteinterativo #esportivo #diariodosesportes  #noticiero  #jogodefutebol #jogos #loto #apostas<\/p>\n","protected":false},"excerpt":{"rendered":"<p>A viol\u00eancia contra a mulher cresceu na capital paulista. \u00c9 o que mostra o Mapa da Desigualdade Social 2019, publicado nesta ter\u00e7a-feira (5) pela Rede Nossa S\u00e3o Paulo. De acordo com o levantamento, feito com dados de 2018, os feminic\u00eddios aumentaram 167% em toda a cidade, e as ocorr\u00eancias de viol\u00eancia, 51%. Os distritos da [&hellip;]<\/p>\n","protected":false},"author":1,"featured_media":18749,"comment_status":"open","ping_status":"open","sticky":false,"template":"","format":"standard","meta":{"footnotes":""},"categories":[1],"tags":[],"class_list":["post-36258","post","type-post","status-publish","format-standard","has-post-thumbnail","hentry","category-curso-de-copy"],"_links":{"self":[{"href":"https:\/\/wiy.com.br\/noticias\/wp-json\/wp\/v2\/posts\/36258","targetHints":{"allow":["GET"]}}],"collection":[{"href":"https:\/\/wiy.com.br\/noticias\/wp-json\/wp\/v2\/posts"}],"about":[{"href":"https:\/\/wiy.com.br\/noticias\/wp-json\/wp\/v2\/types\/post"}],"author":[{"embeddable":true,"href":"https:\/\/wiy.com.br\/noticias\/wp-json\/wp\/v2\/users\/1"}],"replies":[{"embeddable":true,"href":"https:\/\/wiy.com.br\/noticias\/wp-json\/wp\/v2\/comments?post=36258"}],"version-history":[{"count":0,"href":"https:\/\/wiy.com.br\/noticias\/wp-json\/wp\/v2\/posts\/36258\/revisions"}],"wp:featuredmedia":[{"embeddable":true,"href":"https:\/\/wiy.com.br\/noticias\/wp-json\/wp\/v2\/media\/18749"}],"wp:attachment":[{"href":"https:\/\/wiy.com.br\/noticias\/wp-json\/wp\/v2\/media?parent=36258"}],"wp:term":[{"taxonomy":"category","embeddable":true,"href":"https:\/\/wiy.com.br\/noticias\/wp-json\/wp\/v2\/categories?post=36258"},{"taxonomy":"post_tag","embeddable":true,"href":"https:\/\/wiy.com.br\/noticias\/wp-json\/wp\/v2\/tags?post=36258"}],"curies":[{"name":"wp","href":"https:\/\/api.w.org\/{rel}","templated":true}]}}