{"id":36218,"date":"2023-02-26T15:51:49","date_gmt":"2023-02-26T18:51:49","guid":{"rendered":"https:\/\/wiy.com.br\/noticias\/ai-5-oposicao-dever-formalizar-pedido-de-cassacao-de-eduardo\/"},"modified":"2019-11-05T07:53:36","modified_gmt":"2019-11-05T09:53:36","slug":"ai-5-oposicao-dever-formalizar-pedido-de-cassacao-de-eduardo","status":"publish","type":"post","link":"https:\/\/wiy.com.br\/noticias\/ai-5-oposicao-dever-formalizar-pedido-de-cassacao-de-eduardo\/","title":{"rendered":"AI-5: oposi\u00e7\u00e3o dever formalizar pedido de cassa\u00e7\u00e3o de Eduardo"},"content":{"rendered":"<p> <br \/>\n<\/p>\n<p><span>S\u00e3o Paulo \u2014 No mesmo dia em que o <a href=\"https:\/\/exame.abril.com.br\/noticias-sobre\/ministerio-da-economia\/\"><strong>ministro da Economia<\/strong><\/a>, Paulo Guedes, detalha um super pacote econ\u00f4mico com o objetivo de reformar o Estado, o governo se ver\u00e1 \u00e0s voltas, nesta ter\u00e7a-feira, com um ru\u00eddos dos grandes.\u00a0<\/span><\/p>\n<p><span>Dias ap\u00f3s ter defendido \u201cum novo AI-5 caso a esquerda radicalize\u201d, o l\u00edder do PSL na c\u00e2mara dos deputados, Eduardo Bolsonaro, deve ser alvo de um pedido de de cassa\u00e7\u00e3o de mandato. Os partidos de oposi\u00e7\u00e3o PSOL, PT, <\/span><span>PCdoB, PSB e PDT afirmaram que ir\u00e3o formalizar nesta ter\u00e7a-feira 5 uma peti\u00e7\u00e3o no Conselho de \u00c9tica da C\u00e2mara para que Eduardo seja destitu\u00eddo do cargo ap\u00f3s a fala que atentou contra o pr\u00f3prio Congresso.\u00a0<\/span><\/p>\n<p><span>Para que o processo de cassa\u00e7\u00e3o seja levado adiante, o pedido da oposi\u00e7\u00e3o precisa ser aprovado pela maioria simples dos 21 deputados que comp\u00f5em o Conselho de \u00c9tica da Casa. Embora seja o l\u00edder de seu partido na c\u00e2mara, Eduardo n\u00e3o tem maioria garantida no conselho que ser\u00e1 respons\u00e1vel por analisar sua poss\u00edvel cassa\u00e7\u00e3o.\u00a0<\/span><\/p>\n<p><span>Das 21 cadeiras do conselho, os partidos que est\u00e3o protocolando o pedido possuem seis. J\u00e1 o PSL, partido de Eduardo, possui dois representantes: Delegado Waldir (GO) e F\u00e1bio Schiochet (SC). Ambos os nomes, no entanto, s\u00e3o aliados do presidente do partido, deputado Luciano Bivar (PE), que por sua vez \u00e9 desafeto do presidente Jair Bolsonaro.\u00a0<\/span><\/p>\n<div class=\"widget-news widget-box no-margin no-border\"><span class=\"widget-news-title content-box-title\">Veja tamb\u00e9m<\/span><\/p>\n<ul class=\"widget-news-list\">\n<li class=\"widget-news-item without-thumb with-border\">\n<div class=\"widget-news-info\"><a href=\"http:\/\/exame.abril.com.br\/economia\">ECONOMIA<\/a><span class=\"widget-news-item-title\"><a href=\"https:\/\/exame.abril.com.br\/economia\/reforma-no-rh-do-brasil-estabilidade-do-servidor-e-falso-dilema\/\">Na reforma do RH do Brasil, &#8220;estabilidade do servidor \u00e9 falso dilema&#8221;<\/a><\/span><span class=\"widget-news-item-date\">4 nov 2019 &#8211; 16h11<\/span><\/div>\n<\/li>\n<\/ul>\n<\/div>\n<p><span>Eduardo ter\u00e1 que recorrer aos 12 demais representantes que comp\u00f5em o Conselho, todos do centr\u00e3o, cujo voto \u00e9 uma inc\u00f3gnita. Caso o pedido de cassa\u00e7\u00e3o seja aceito, o caso vai para vota\u00e7\u00e3o no plen\u00e1rio da C\u00e2mara, que d\u00e1 a palavra final. Na semana passada, o presidente do Conselho de \u00c9tica da casa, Juscelino Filho (DEM-AM), que tamb\u00e9m vota, criticou a fala de Eduardo e disse que \u201cimunidade parlamentar tem limites\u201d.\u00a0<\/span><\/p>\n<p><span>Ao anunciar o pedido de cassa\u00e7\u00e3o, o deputado do PSOL-RJ, Marcelo Freixo, disse que \u201cao fazer apologia ao AI-5, Eduardo est\u00e1 defendendo a ruptura do Estado Democr\u00e1tico de Direito, que significa o fechamento do Congresso Nacional, o fim da liberdade de express\u00e3o e a persegui\u00e7\u00e3o a opositores do governo\u201d.\u00a0<\/span><span>Instaurado em 13 de dezembro de 1968, o Ato Institucional n\u00famero 5 fechou o Congresso nacional e suspendeu garantias constitucionais como o direito ao habeas corpus. <\/span><\/p>\n<p><span>Essa n\u00e3o foi a primeira vez que o per\u00edodo foi exaltado por um membro da fam\u00edlia Bolsonaro. A \u00e9 se dessa vez haver\u00e1 puni\u00e7\u00e3o. Outra d\u00favida \u00e9 a capacidade do governo de levar adiante as medidas econ\u00f4micas de Guedes quando um de seus principais articuladores cava seus pr\u00f3prios buracos.\u00a0<\/span><\/p>\n<p><br \/>\n<br \/><a href=\"https:\/\/exame.abril.com.br\/brasil\/ai-5-oposicao-dever-formalizar-pedido-de-cassacao-de-eduardo\/\">Fonte do artigo <\/a><br \/>\nTags:<br \/>\n#politica #political #negocios #business #marketingdigital #empreendedorismo #marketing #emprendedores #empreender #sucesso #empresas #emprendimiento #emprendedor #empreendedor #emprender #dinheiro #dinero #empresario #vendas #liderazgo #motivacion #foco #motivacao #negocio #brasil<\/p>\n","protected":false},"excerpt":{"rendered":"<p>S\u00e3o Paulo \u2014 No mesmo dia em que o ministro da Economia, Paulo Guedes, detalha um super pacote econ\u00f4mico com o objetivo de reformar o Estado, o governo se ver\u00e1 \u00e0s voltas, nesta ter\u00e7a-feira, com um ru\u00eddos dos grandes.\u00a0 Dias ap\u00f3s ter defendido \u201cum novo AI-5 caso a esquerda radicalize\u201d, o l\u00edder do PSL na [&hellip;]<\/p>\n","protected":false},"author":1,"featured_media":36219,"comment_status":"open","ping_status":"open","sticky":false,"template":"","format":"standard","meta":{"footnotes":""},"categories":[1],"tags":[],"class_list":["post-36218","post","type-post","status-publish","format-standard","has-post-thumbnail","hentry","category-curso-de-copy"],"_links":{"self":[{"href":"https:\/\/wiy.com.br\/noticias\/wp-json\/wp\/v2\/posts\/36218","targetHints":{"allow":["GET"]}}],"collection":[{"href":"https:\/\/wiy.com.br\/noticias\/wp-json\/wp\/v2\/posts"}],"about":[{"href":"https:\/\/wiy.com.br\/noticias\/wp-json\/wp\/v2\/types\/post"}],"author":[{"embeddable":true,"href":"https:\/\/wiy.com.br\/noticias\/wp-json\/wp\/v2\/users\/1"}],"replies":[{"embeddable":true,"href":"https:\/\/wiy.com.br\/noticias\/wp-json\/wp\/v2\/comments?post=36218"}],"version-history":[{"count":0,"href":"https:\/\/wiy.com.br\/noticias\/wp-json\/wp\/v2\/posts\/36218\/revisions"}],"wp:featuredmedia":[{"embeddable":true,"href":"https:\/\/wiy.com.br\/noticias\/wp-json\/wp\/v2\/media\/36219"}],"wp:attachment":[{"href":"https:\/\/wiy.com.br\/noticias\/wp-json\/wp\/v2\/media?parent=36218"}],"wp:term":[{"taxonomy":"category","embeddable":true,"href":"https:\/\/wiy.com.br\/noticias\/wp-json\/wp\/v2\/categories?post=36218"},{"taxonomy":"post_tag","embeddable":true,"href":"https:\/\/wiy.com.br\/noticias\/wp-json\/wp\/v2\/tags?post=36218"}],"curies":[{"name":"wp","href":"https:\/\/api.w.org\/{rel}","templated":true}]}}