{"id":36210,"date":"2023-02-26T15:39:54","date_gmt":"2023-02-26T18:39:54","guid":{"rendered":"https:\/\/wiy.com.br\/noticias\/policia-investiga-morte-de-mulher-torturada-por-tres-dias-pelo-companheiro-na-baixada\/"},"modified":"2019-11-05T05:42:32","modified_gmt":"2019-11-05T07:42:32","slug":"policia-investiga-morte-de-mulher-torturada-por-tres-dias-pelo-companheiro-na-baixada","status":"publish","type":"post","link":"https:\/\/wiy.com.br\/noticias\/policia-investiga-morte-de-mulher-torturada-por-tres-dias-pelo-companheiro-na-baixada\/","title":{"rendered":"Pol\u00edcia investiga morte de mulher torturada por tr\u00eas dias pelo companheiro na Baixada"},"content":{"rendered":"<p> <br \/>\n<\/p>\n<div property=\"na:ArticleBody\">\n<p>A delegada M\u00f4nica Areal, da Delegacia de Atendimento \u00e0 Mulher (Deam) de Nova Igua\u00e7u, vai pedir nesta ter\u00e7a-feira, que a Justi\u00e7a converta em preventiva a pris\u00e3o tempor\u00e1ria de Douglas da Silva Arnauld, de 32 anos.<\/p>\n<p><figure><img title = \"[Tags]\"decoding=\"async\" class=\"inline\" src=\"https:\/\/extra.globo.com\/incoming\/24061424-ae8-e69\/w448\/xvanessa.jpg.pagespeed.ic.TBwb8uXq8X.jpg\"alt = \"xvanessa.jpg.pagespeed.ic.TBwb8uXq8X Pol\u00edcia investiga morte de mulher torturada por tr\u00eas dias pelo companheiro na Baixada\"\/><figcaption>Vanessa foi espancada e teve traumatismo craniano Foto: Reprodu\u00e7\u00e3o redes sociais<\/figcaption><\/figure>\n<\/p>\n<p>Detido no \u00faltimo s\u00e1bado por agentes da Deam, quando estava em casa, em Nova Igua\u00e7u, Douglas foi indiciado por espancar, torturar e manter em c\u00e1rcere privado por tr\u00eas dias, Vanessa Silva do Nascimento Chaves, de 23, com que tinha um relacionamento h\u00e1 tr\u00eas anos. <\/p>\n<p><figure><img title = \"[Tags]\"decoding=\"async\" class=\"inline\" src=\"https:\/\/extra.globo.com\/incoming\/24061431-c57-540\/w448\/xdouglas-silva2.jpg.pagespeed.ic.E2FLrtW3zl.jpg\"alt = \"xvanessa.jpg.pagespeed.ic.TBwb8uXq8X Pol\u00edcia investiga morte de mulher torturada por tr\u00eas dias pelo companheiro na Baixada\"\/><figcaption>Douglas \u00e9 investigado pela morte de Vanessa Foto: Reprodu\u00e7\u00e3o redes sociais<\/figcaption><\/figure>\n<\/p>\n<p>Vanessa chegou a ser medicada na Unidade de Pronto Atendimento (UPA)de Austin e no Hospital Ad\u00e3o Pereira Nunes, em Saracuruna. Ela n\u00e3o resistiu aos ferimentos e morreu por conta de um traumatismo craniano. <\/p>\n<p>As agress\u00f5es ocorreram na frente do filho da v\u00edtima, de apenas seis anos. <\/p>\n<p>Nesta segunda-feira, Vanessa foi sepultada no Cemit\u00e9rio de Olinda, em Nil\u00f3polis.<\/p>\n<p>\u2014 Estou enterrado minha filha no dia do meu anivers\u00e1rio. Quando eu a vi com vida pela \u00faltima vez estava com hematomas nos bra\u00e7os nas pernas e com o olho roxo. Era uma menina doce que n\u00e3o merecia isso \u2014 disse Valdir Chaves, pai de Vanessa,de 58 anos.<\/p>\n<p>A pol\u00edcia investiga a informa\u00e7\u00e3o de que Vanessa chegou a ficar tr\u00eas dias em c\u00e1rcere privado, na casa onde morava com Douglas.<\/p>\n<p>Ela s\u00f3 procurou a pol\u00edcia no dia 22 de outubro, quando foi libertada do c\u00e1rcere por uma pessoa ainda n\u00e3o identificada.<\/p>\n<p>Depois de ser medicada na UPA de Austin, Vanessa passou mal e foi levada para o hospital de Saracuruna, onde morreu, na \u00faltima sexta-feira.<\/p>\n<p>Para a delegada M\u00f4nica Areal n\u00e3o h\u00e1 duvida que Douglas est\u00e1 envolvido na morte de Vanessa.<\/p>\n<p>\u2014N\u00e3o tenho d\u00favida nenhuma de que o Douglas \u00e9 culpado pelo espancamento e morte da Vanessa. Ele vai responder por c\u00e1rcere privado e tortura seguida de morte. Tamb\u00e9m vamos ouvir o filha da v\u00edtima. Ap\u00f3s ser preso, o Douglas foi ouvido. Ele negou o crime e disse apenas que deu um tapa na Vanessa \u2014 disse a delegada.<\/p>\n<\/p><\/div>\n<p><script>\n\t\t\t$(document).ready(function() {\n\t\t\t\t$.ajaxSetup({ cache: true });\n\t\t\t\t$.getScript('\/\/connect.facebook.net\/pt_BR\/sdk.js', function(){\n\t\t\t\t\tFB.init({\n\t\t\t\t\t\txfbml      : true,\n\t\t\t\t\t\tversion    : 'v2.5'\n\t\t\t\t\t});\n\t\t\t\t});\n\t\t\t});\n\t\t<\/script><br \/>\n<br \/><br \/>\n<br \/><a href=\"https:\/\/extra.globo.com\/casos-de-policia\/policia-investiga-morte-de-mulher-torturada-por-tres-dias-pelo-companheiro-na-baixada-24061353.html\">Fonte do Artigo <\/a><br \/>\nTags:<\/p>\n<p><a href=\"https:\/\/wiy.com.br\/noticias\/categoria\/noticias\/\">#noticia<\/a> <a href=\"https:\/\/wiy.com.br\/noticias\/categoria\/noticias\/\">#novidades<\/a> <a href=\"https:\/\/wiy.com.br\/noticias\/categoria\/noticias\/\">#noticias<\/a> <a href=\"https:\/\/wiy.com.br\/noticias\/categoria\/noticias\/\">#venezuela<\/a> <a href=\"https:\/\/wiy.com.br\/noticias\/categoria\/noticias\/\">#seo<\/a> <a href=\"https:\/\/wiy.com.br\/noticias\/categoria\/noticias\/\">#instagram<\/a> <a href=\"https:\/\/wiy.com.br\/noticias\/categoria\/noticias\/\">#cicpc<\/a> <a href=\"https:\/\/wiy.com.br\/noticias\/categoria\/noticias\/\">#policia<\/a> <a href=\"https:\/\/wiy.com.br\/noticias\/categoria\/noticias\/\">#ultimahora<\/a> <a href=\"https:\/\/wiy.com.br\/noticias\/categoria\/noticias\/\">#seguridade<\/a> <a href=\"https:\/\/wiy.com.br\/noticias\/categoria\/noticias\/\">#informacao<\/a> <a href=\"https:\/\/wiy.com.br\/noticias\/categoria\/noticias\/\">#paz<\/a> <a href=\"https:\/\/wiy.com.br\/noticias\/categoria\/noticias\/\">#urgente<\/a> <a href=\"https:\/\/wiy.com.br\/noticias\/categoria\/noticias\/\">#policiacientifica<\/a> <a href=\"https:\/\/wiy.com.br\/noticias\/categoria\/noticias\/\">#criminalisticcicpc<\/a> <a href=\"https:\/\/wiy.com.br\/noticias\/categoria\/noticias\/\">#crimes<\/a> <a href=\"https:\/\/wiy.com.br\/noticias\/categoria\/noticias\/\">#extra<\/a> <a href=\"https:\/\/wiy.com.br\/noticias\/categoria\/noticias\/\">#ultimahoranoticia<\/a> <a href=\"https:\/\/wiy.com.br\/noticias\/categoria\/noticias\/\">#brazil247<\/a> <a href=\"https:\/\/wiy.com.br\/noticias\/categoria\/noticias\/\">#governo<\/a> <a href=\"https:\/\/wiy.com.br\/noticias\/categoria\/noticias\/\">#brasil247<\/a> <a href=\"https:\/\/wiy.com.br\/noticias\/categoria\/noticias\/\">#bolsonaro<\/a> <a href=\"https:\/\/wiy.com.br\/noticias\/categoria\/noticias\/\">#jornalismo<\/a> <a href=\"https:\/\/wiy.com.br\/noticias\/categoria\/noticias\/\">#informacoes<\/a> <a href=\"https:\/\/wiy.com.br\/noticias\/categoria\/noticias\/\">#news<\/a> <a href=\"https:\/\/wiy.com.br\/noticias\/categoria\/noticias\/\">#jornal<\/a> <a href=\"https:\/\/wiy.com.br\/noticias\/categoria\/noticias\/\">#tiktok<\/a> <a href=\"https:\/\/wiy.com.br\/noticias\/categoria\/noticias\/\">#fgts<\/a> <a href=\"https:\/\/wiy.com.br\/noticias\/categoria\/noticias\/\">#pis<\/a> <a href=\"https:\/\/wiy.com.br\/noticias\/categoria\/noticias\/\">#caixa<\/a> <a href=\"https:\/\/wiy.com.br\/noticias\/categoria\/noticias\/\">#loterias<\/a> <a href=\"https:\/\/wiy.com.br\/noticias\/categoria\/noticias\/\">#megasena<\/a> <a href=\"https:\/\/wiy.com.br\/noticias\/categoria\/noticias\/\">#lotofacil<\/a> <a href=\"https:\/\/wiy.com.br\/noticias\/categoria\/noticias\/\">#megamania<\/a> <a href=\"https:\/\/wiy.com.br\/noticias\/categoria\/noticias\/\">#sus<\/a> <a href=\"https:\/\/wiy.com.br\/noticias\/categoria\/noticias\/\">#ibge<\/a><\/p>\n","protected":false},"excerpt":{"rendered":"<p>A delegada M\u00f4nica Areal, da Delegacia de Atendimento \u00e0 Mulher (Deam) de Nova Igua\u00e7u, vai pedir nesta ter\u00e7a-feira, que a Justi\u00e7a converta em preventiva a pris\u00e3o tempor\u00e1ria de Douglas da Silva Arnauld, de 32 anos. Vanessa foi espancada e teve traumatismo craniano Foto: Reprodu\u00e7\u00e3o redes sociais Detido no \u00faltimo s\u00e1bado por agentes da Deam, quando [&hellip;]<\/p>\n","protected":false},"author":1,"featured_media":36211,"comment_status":"open","ping_status":"open","sticky":false,"template":"","format":"standard","meta":{"footnotes":""},"categories":[337],"tags":[],"class_list":["post-36210","post","type-post","status-publish","format-standard","has-post-thumbnail","hentry","category-noticias"],"_links":{"self":[{"href":"https:\/\/wiy.com.br\/noticias\/wp-json\/wp\/v2\/posts\/36210","targetHints":{"allow":["GET"]}}],"collection":[{"href":"https:\/\/wiy.com.br\/noticias\/wp-json\/wp\/v2\/posts"}],"about":[{"href":"https:\/\/wiy.com.br\/noticias\/wp-json\/wp\/v2\/types\/post"}],"author":[{"embeddable":true,"href":"https:\/\/wiy.com.br\/noticias\/wp-json\/wp\/v2\/users\/1"}],"replies":[{"embeddable":true,"href":"https:\/\/wiy.com.br\/noticias\/wp-json\/wp\/v2\/comments?post=36210"}],"version-history":[{"count":0,"href":"https:\/\/wiy.com.br\/noticias\/wp-json\/wp\/v2\/posts\/36210\/revisions"}],"wp:featuredmedia":[{"embeddable":true,"href":"https:\/\/wiy.com.br\/noticias\/wp-json\/wp\/v2\/media\/36211"}],"wp:attachment":[{"href":"https:\/\/wiy.com.br\/noticias\/wp-json\/wp\/v2\/media?parent=36210"}],"wp:term":[{"taxonomy":"category","embeddable":true,"href":"https:\/\/wiy.com.br\/noticias\/wp-json\/wp\/v2\/categories?post=36210"},{"taxonomy":"post_tag","embeddable":true,"href":"https:\/\/wiy.com.br\/noticias\/wp-json\/wp\/v2\/tags?post=36210"}],"curies":[{"name":"wp","href":"https:\/\/api.w.org\/{rel}","templated":true}]}}