{"id":36204,"date":"2023-02-26T15:02:07","date_gmt":"2023-02-26T18:02:07","guid":{"rendered":"https:\/\/wiy.com.br\/noticias\/agentes-do-degase-fazem-greve-e-rebeliao-ocorre-em-cense-da-ilha\/"},"modified":"2019-11-05T03:40:06","modified_gmt":"2019-11-05T05:40:06","slug":"agentes-do-degase-fazem-greve-e-rebeliao-ocorre-em-cense-da-ilha","status":"publish","type":"post","link":"https:\/\/wiy.com.br\/noticias\/agentes-do-degase-fazem-greve-e-rebeliao-ocorre-em-cense-da-ilha\/","title":{"rendered":"Agentes do Degase fazem greve e rebeli\u00e3o ocorre em Cense da Ilha"},"content":{"rendered":"<p> <br \/>\n<\/p>\n<div property=\"na:ArticleBody\">\n<p>Agentes do Departamento Geral de A\u00e7\u00f5es Socioducativas do Estado do Rio de Janeiro (Degase) entraram em <strong>greve \u00e0s 0h desta ter\u00e7a-feira<\/strong>. Diante da situa\u00e7\u00e3o, uma <strong>rebeli\u00e3o<\/strong> ocorreu no Centro de Socioeduca\u00e7\u00e3o Gelso de Carvalho Amaral <strong>(Cense-GCA)<\/strong>, na Ilha do Governador, na Zona Norte do Rio, no come\u00e7o da madrugada desta ter\u00e7a. <\/p>\n<p><strong>LEIA:<\/strong> <a href=\"https:\/\/extra.globo.com\/casos-de-policia\/no-rio-22-dos-menores-infratores-liberados-por-liminar-do-stf-voltaram-cometer-crimes-24059935.html\">No Rio, 22% dos menores infratores liberados por liminar do STF voltaram a cometer crimes<\/a><\/p>\n<p>De acordo com Jo\u00e3o Rodrigues, representante indicato dos Servidores da Carreira Socieducativa do Estado do Rio, <strong>Sind-Degase<\/strong>, a rebeli\u00e3o j\u00e1 foi contida. <\/p>\n<p>\u2014 Tivemos uma rebeli\u00e3o agora no Cense Ilha (Interna\u00e7\u00e3o Provis\u00f3ria), mas acabou de ser controlada pelo Grupamento de A\u00e7\u00f5es R\u00e1pidas (GAR). O jovens conseguiram estourar as portas e chegar \u00e0 galeria, mas as coisas foram controladas em tempo de n\u00e3o haver fuga \u2014 afirmou Jo\u00e3o.<\/p>\n<p>O <strong>Sind-Degase, decidiu manter a greve <\/strong>mesmo com o avan\u00e7o de duas das quatro reivindica\u00e7\u00f5es da categoria. Conforme informou a <a href=\"https:\/\/extra.globo.com\/emprego\/servidor-publico\/para-enfraquecer-greve-dos-agentes-do-degase-governo-publica-na-segunda-feira-porte-de-armas-ras-24056055.html\">mat\u00e9ria do EXTRA<\/a>, o governador <strong>Wilson Witzel<\/strong> publicou, no Di\u00e1rio Oficial do Estado desta segunda-feira, o decreto que libera o porte de armas e o que regulamenta o <a href=\"https:\/\/extra.globo.com\/emprego\/servidor-publico\/governo-do-rio-institui-programa-de-horas-extras-ras-para-agentes-do-degase-24060222.html\">pagamento das horas extras<\/a> (RAS) para os agentes. As duas medidas j\u00e1 eram leis estaduais, mas faltava o Executivo estadual implementar.<\/p>\n<p>No entanto, o Sind-Degase alega que um dos principais pleitos \u00e9 a progress\u00e3o funcional, que \u00e9 autom\u00e1tica e prevista na lei dos cargos dos agentes. &#8220;A greve n\u00e3o para porque \u00e9 uma das coisas que a gente reivindicou. Por enquanto, a greve permanece&#8221;, afirmou a entidade em nota. Outra demanda da categoria \u00e9 o consurso p\u00fablico para preeenchimento dos cargos vagos.<\/p>\n<p><figure><img title = \"[Tags]\"decoding=\"async\" class=\"inline\" src=\"https:\/\/extra.globo.com\/incoming\/24062101-26b-a2c\/w448\/whatsapp-image-2019-11-05-at-02.19.58.jpeg.jpg\"alt = \"whatsapp-image-2019-11-05-at-02.19.58.jpeg Agentes do Degase fazem greve e rebeli\u00e3o ocorre em Cense da Ilha\"\/><figcaption>Agentes do Degase entraram em greve \u00e0s 0h desta ter\u00e7a-feira Foto: Let\u00edcia Gasparini \/ Ag\u00eancia O Globo<\/figcaption><\/figure>\n<\/p>\n<p align=\"left\">O diretor-geral do Degase, M\u00e1rcio Rocha, explicou ao EXTRA no \u00faltimo dia 1\u00ba que o concurso j\u00e1 tinha autoriza\u00e7\u00e3o da Casa Civil. J\u00e1 a efetiva\u00e7\u00e3o das progress\u00f5es foi o ponto que n\u00e3o avan\u00e7ou. Segundo Rocha, o Degase precisa apresentar a compensa\u00e7\u00e3o financeira para a despesa referente \u00e0 promo\u00e7\u00e3o dos agentes, por isso, precisa de mais tempo e de uma an\u00e1lise jur\u00eddica.<\/p>\n<h2 align=\"left\">Porte de arma<\/h2>\n<p align=\"left\">A arma ser\u00e1 de propriedade particular e, para ter direito ao porte, o agente tem que trabalhar no regime de dedica\u00e7\u00e3o exclusiva. Al\u00e9m disso, todos os servidores v\u00e3o ter que comprovar capacidade t\u00e9cnica, aptid\u00e3o psicol\u00f3gica e ser\u00e3o fiscalizados.<\/p>\n<p align=\"left\">Essas comprova\u00e7\u00f5es \u2014 de capacidade t\u00e9cnica e psicol\u00f3gica \u2014 ser\u00e3o certificadas por instrutor credenciado pela Pol\u00edcia Federal, ou, ainda, por profissional integrante dos quadros de outra institui\u00e7\u00e3o, mediante a celebra\u00e7\u00e3o de conv\u00eanio com o Degase. Em caso de inaptid\u00e3o psicol\u00f3gica, o agente poder\u00e1 fazer um novo teste ap\u00f3s 90 dias do resultado do primeiro exame.<\/p>\n<p align=\"left\"><strong>VEJA:<\/strong> <a href=\"https:\/\/extra.globo.com\/casos-de-policia\/jovens-infratores-fazem-rebeliao-em-unidade-do-degase-ameacam-funcionarios-rv1-1-24046373.html\">Jovens infratores fazem rebeli\u00e3o em unidade do Degase e amea\u00e7am funcion\u00e1rios<\/a><\/p>\n<p align=\"left\">As unidades do Degase dever\u00e3o ter local espec\u00edfico e seguro para os agentes em servi\u00e7o guardarem as suas armas. Segundo a assessoria do departamento, ser\u00e1 utilizada uma sala na portaria de cada unidade com arm\u00e1rio, que ser\u00e1 utilizado para fazer a cautela das armas, nos moldes das j\u00e1 existentes nos f\u00f3runs e casas de show.<\/p>\n<p align=\"left\">Para solicitar a autoriza\u00e7\u00e3o, o servidor dever\u00e1 apresentar os seguintes documentos: ficha de identifica\u00e7\u00e3o, foto 3&#215;4 recente (tirada nos \u00faltimos 12 meses), protocolo de registro no Degase da declara\u00e7\u00e3o da submiss\u00e3o ao regime de dedica\u00e7\u00e3o exclusiva, laudo de capacidade t\u00e9cnica, laudo de aptid\u00e3o psicol\u00f3gica, original e c\u00f3pia do certificado de registro de arma de fogo, nota fiscal ou documento que comprove a aquisi\u00e7\u00e3o de arma.<\/p>\n<p align=\"left\">O diretor-geral do Degase vai editar ato espec\u00edfico para detalhar os procedimentos e estabelecer os modelos dos documentos necess\u00e1rios para a medida.<\/p>\n<\/p><\/div>\n<p><script>\n\t\t\t$(document).ready(function() {\n\t\t\t\t$.ajaxSetup({ cache: true });\n\t\t\t\t$.getScript('\/\/connect.facebook.net\/pt_BR\/sdk.js', function(){\n\t\t\t\t\tFB.init({\n\t\t\t\t\t\txfbml      : true,\n\t\t\t\t\t\tversion    : 'v2.5'\n\t\t\t\t\t});\n\t\t\t\t});\n\t\t\t});\n\t\t<\/script><br \/>\n<br \/><br \/>\n<br \/><a href=\"https:\/\/extra.globo.com\/casos-de-policia\/agentes-do-degase-fazem-greve-rebeliao-ocorre-em-cense-da-ilha-24062099.html\">Fonte do Artigo <\/a><br \/>\nTags:<\/p>\n<p><a href=\"https:\/\/wiy.com.br\/noticias\/categoria\/noticias\/\">#noticia<\/a> <a href=\"https:\/\/wiy.com.br\/noticias\/categoria\/noticias\/\">#novidades<\/a> <a href=\"https:\/\/wiy.com.br\/noticias\/categoria\/noticias\/\">#noticias<\/a> <a href=\"https:\/\/wiy.com.br\/noticias\/categoria\/noticias\/\">#venezuela<\/a> <a href=\"https:\/\/wiy.com.br\/noticias\/categoria\/noticias\/\">#seo<\/a> <a href=\"https:\/\/wiy.com.br\/noticias\/categoria\/noticias\/\">#instagram<\/a> <a href=\"https:\/\/wiy.com.br\/noticias\/categoria\/noticias\/\">#cicpc<\/a> <a href=\"https:\/\/wiy.com.br\/noticias\/categoria\/noticias\/\">#policia<\/a> <a href=\"https:\/\/wiy.com.br\/noticias\/categoria\/noticias\/\">#ultimahora<\/a> <a href=\"https:\/\/wiy.com.br\/noticias\/categoria\/noticias\/\">#seguridade<\/a> <a href=\"https:\/\/wiy.com.br\/noticias\/categoria\/noticias\/\">#informacao<\/a> <a href=\"https:\/\/wiy.com.br\/noticias\/categoria\/noticias\/\">#paz<\/a> <a href=\"https:\/\/wiy.com.br\/noticias\/categoria\/noticias\/\">#urgente<\/a> <a href=\"https:\/\/wiy.com.br\/noticias\/categoria\/noticias\/\">#policiacientifica<\/a> <a href=\"https:\/\/wiy.com.br\/noticias\/categoria\/noticias\/\">#criminalisticcicpc<\/a> <a href=\"https:\/\/wiy.com.br\/noticias\/categoria\/noticias\/\">#crimes<\/a> <a href=\"https:\/\/wiy.com.br\/noticias\/categoria\/noticias\/\">#extra<\/a> <a href=\"https:\/\/wiy.com.br\/noticias\/categoria\/noticias\/\">#ultimahoranoticia<\/a> <a href=\"https:\/\/wiy.com.br\/noticias\/categoria\/noticias\/\">#brazil247<\/a> <a href=\"https:\/\/wiy.com.br\/noticias\/categoria\/noticias\/\">#governo<\/a> <a href=\"https:\/\/wiy.com.br\/noticias\/categoria\/noticias\/\">#brasil247<\/a> <a href=\"https:\/\/wiy.com.br\/noticias\/categoria\/noticias\/\">#bolsonaro<\/a> <a href=\"https:\/\/wiy.com.br\/noticias\/categoria\/noticias\/\">#jornalismo<\/a> <a href=\"https:\/\/wiy.com.br\/noticias\/categoria\/noticias\/\">#informacoes<\/a> <a href=\"https:\/\/wiy.com.br\/noticias\/categoria\/noticias\/\">#news<\/a> <a href=\"https:\/\/wiy.com.br\/noticias\/categoria\/noticias\/\">#jornal<\/a> <a href=\"https:\/\/wiy.com.br\/noticias\/categoria\/noticias\/\">#tiktok<\/a> <a href=\"https:\/\/wiy.com.br\/noticias\/categoria\/noticias\/\">#fgts<\/a> <a href=\"https:\/\/wiy.com.br\/noticias\/categoria\/noticias\/\">#pis<\/a> <a href=\"https:\/\/wiy.com.br\/noticias\/categoria\/noticias\/\">#caixa<\/a> <a href=\"https:\/\/wiy.com.br\/noticias\/categoria\/noticias\/\">#loterias<\/a> <a href=\"https:\/\/wiy.com.br\/noticias\/categoria\/noticias\/\">#megasena<\/a> <a href=\"https:\/\/wiy.com.br\/noticias\/categoria\/noticias\/\">#lotofacil<\/a> <a href=\"https:\/\/wiy.com.br\/noticias\/categoria\/noticias\/\">#megamania<\/a> <a href=\"https:\/\/wiy.com.br\/noticias\/categoria\/noticias\/\">#sus<\/a> <a href=\"https:\/\/wiy.com.br\/noticias\/categoria\/noticias\/\">#ibge<\/a><\/p>\n","protected":false},"excerpt":{"rendered":"<p>Agentes do Departamento Geral de A\u00e7\u00f5es Socioducativas do Estado do Rio de Janeiro (Degase) entraram em greve \u00e0s 0h desta ter\u00e7a-feira. Diante da situa\u00e7\u00e3o, uma rebeli\u00e3o ocorreu no Centro de Socioeduca\u00e7\u00e3o Gelso de Carvalho Amaral (Cense-GCA), na Ilha do Governador, na Zona Norte do Rio, no come\u00e7o da madrugada desta ter\u00e7a. LEIA: No Rio, 22% [&hellip;]<\/p>\n","protected":false},"author":1,"featured_media":36205,"comment_status":"open","ping_status":"open","sticky":false,"template":"","format":"standard","meta":{"footnotes":""},"categories":[337],"tags":[],"class_list":["post-36204","post","type-post","status-publish","format-standard","has-post-thumbnail","hentry","category-noticias"],"_links":{"self":[{"href":"https:\/\/wiy.com.br\/noticias\/wp-json\/wp\/v2\/posts\/36204","targetHints":{"allow":["GET"]}}],"collection":[{"href":"https:\/\/wiy.com.br\/noticias\/wp-json\/wp\/v2\/posts"}],"about":[{"href":"https:\/\/wiy.com.br\/noticias\/wp-json\/wp\/v2\/types\/post"}],"author":[{"embeddable":true,"href":"https:\/\/wiy.com.br\/noticias\/wp-json\/wp\/v2\/users\/1"}],"replies":[{"embeddable":true,"href":"https:\/\/wiy.com.br\/noticias\/wp-json\/wp\/v2\/comments?post=36204"}],"version-history":[{"count":0,"href":"https:\/\/wiy.com.br\/noticias\/wp-json\/wp\/v2\/posts\/36204\/revisions"}],"wp:featuredmedia":[{"embeddable":true,"href":"https:\/\/wiy.com.br\/noticias\/wp-json\/wp\/v2\/media\/36205"}],"wp:attachment":[{"href":"https:\/\/wiy.com.br\/noticias\/wp-json\/wp\/v2\/media?parent=36204"}],"wp:term":[{"taxonomy":"category","embeddable":true,"href":"https:\/\/wiy.com.br\/noticias\/wp-json\/wp\/v2\/categories?post=36204"},{"taxonomy":"post_tag","embeddable":true,"href":"https:\/\/wiy.com.br\/noticias\/wp-json\/wp\/v2\/tags?post=36204"}],"curies":[{"name":"wp","href":"https:\/\/api.w.org\/{rel}","templated":true}]}}