{"id":36179,"date":"2023-02-26T15:40:58","date_gmt":"2023-02-26T18:40:58","guid":{"rendered":"https:\/\/wiy.com.br\/noticias\/general-santa-rosa-pede-demissao-da-secretaria-de-assuntos-estrategicos\/"},"modified":"2019-11-04T21:43:07","modified_gmt":"2019-11-04T23:43:07","slug":"general-santa-rosa-pede-demissao-da-secretaria-de-assuntos-estrategicos","status":"publish","type":"post","link":"https:\/\/wiy.com.br\/noticias\/general-santa-rosa-pede-demissao-da-secretaria-de-assuntos-estrategicos\/","title":{"rendered":"General Santa Rosa pede demiss\u00e3o da Secretaria de Assuntos Estrat\u00e9gicos"},"content":{"rendered":"<p> <br \/>\n<\/p>\n<p>S\u00e3o Paulo &#8211; <span>O general<\/span><span>\u00a0Maynard Marques de Santa Rosa<\/span><span> pediu demiss\u00e3o nesta segunda-feira (04) da chefia da Secretaria de Assuntos Estrat\u00e9gicos do <strong><a href=\"https:\/\/exame.abril.com.br\/noticias-sobre\/governo-bolsonaro\/\">governo Bolsonaro<\/a><\/strong>. <\/span><\/p>\n<p>A informa\u00e7\u00e3o foi confirmada pela assessoria da pasta. Ao menos outros cinco militares, entre generais e coron\u00e9is do Ex\u00e9rcito, que trabalham na equipe de Santa Rosa devem deixar a SAE.<\/p>\n<p>A SAE \u00e9 subordinada \u00e0 Secretaria-Geral da Presid\u00eancia, atualmente sob comando do ministro Jorge Ant\u00f4nio de Oliveira. Segundo apurou a reportagem, a sa\u00edda do secret\u00e1rio foi motivada por descontentamentos na rela\u00e7\u00e3o com Oliveira. Logo que assumiu o cargo, em junho, Oliveira afastou a secret\u00e1ria de Moderniza\u00e7\u00e3o do Estado, M\u00e1rcia Amorim, tamb\u00e9m nomeada por Bebianno.<\/p>\n<p>Nas palavras de auxiliares, Oliveira deixou Santa Rosa na &#8220;geladeira&#8221;, sinalizando que n\u00e3o o queria mais no cargo. Depois de pedir demiss\u00e3o, o general conversou com Bebianno.<\/p>\n<p>Santa Rosa havia sido indicado para o cargo no in\u00edcio do ano por Gustavo Bebianno, que coordenou a campanha de Bolsonaro e foi o primeiro ministro a deixar o governo, ainda em fevereiro, ap\u00f3s uma crise com Carlos Bolsonaro.<\/p>\n<h3>Segunda exonera\u00e7\u00e3o<\/h3>\n<p>Esta n\u00e3o \u00e9 a primeira vez que o general \u00e9 demitido de cargos do governo. Em 2010, o ent\u00e3o presidente Luiz In\u00e1cio Lula da Silva tamb\u00e9m exonerou Santa Rosa. Na ocasi\u00e3o o general ocupava o cargo de chefe do Departamento Geral de Pessoal do Ex\u00e9rcito. O general havia criticado, em carta publicada na internet, a Comiss\u00e3o da Verdade, criada pelo governo para investigar crimes de viola\u00e7\u00e3o aos direitos humanos durante o regime militar.<\/p>\n<p>O porta-voz do governo, Ot\u00e1vio Santana do Rego Barros, confirmou que Santa Rosa pediu demiss\u00e3o da SAE da Presid\u00eancia. O porta-voz no entanto, n\u00e3o comentou as raz\u00f5es da sa\u00edda do general. Afirmou apenas que foi uma decis\u00e3o &#8220;da lavra do pr\u00f3prio general&#8221;.<\/p>\n<p>Santa Rosa \u00e9 general reformado, graduado pela Academia Militar das Agulhas Negras (Resende\/RJ), e serviu em 24 unidades militares durante seus 49 anos na ativa.<\/p>\n<p>Possui mestrado pela Escola de Aperfei\u00e7oamento de Oficiais do Rio e doutorado em Ci\u00eancias Militares, al\u00e9m de p\u00f3s-doutorado em Pol\u00edtica e Estrat\u00e9gia, pelo U.S. Army War College.<\/p>\n<p>(Com Estad\u00e3o Conte\u00fado)<\/p>\n<p><br \/>\n<br \/><a href=\"https:\/\/exame.abril.com.br\/brasil\/general-santa-rosa-pede-demissao-da-secretaria-de-assuntos-estrategicos\/\">Fonte do artigo <\/a><br \/>\nTags:<br \/>\n#politica #political #negocios #business #marketingdigital #empreendedorismo #marketing #emprendedores #empreender #sucesso #empresas #emprendimiento #emprendedor #empreendedor #emprender #dinheiro #dinero #empresario #vendas #liderazgo #motivacion #foco #motivacao #negocio #brasil<\/p>\n","protected":false},"excerpt":{"rendered":"<p>S\u00e3o Paulo &#8211; O general\u00a0Maynard Marques de Santa Rosa pediu demiss\u00e3o nesta segunda-feira (04) da chefia da Secretaria de Assuntos Estrat\u00e9gicos do governo Bolsonaro. A informa\u00e7\u00e3o foi confirmada pela assessoria da pasta. Ao menos outros cinco militares, entre generais e coron\u00e9is do Ex\u00e9rcito, que trabalham na equipe de Santa Rosa devem deixar a SAE. A [&hellip;]<\/p>\n","protected":false},"author":1,"featured_media":36180,"comment_status":"open","ping_status":"open","sticky":false,"template":"","format":"standard","meta":{"footnotes":""},"categories":[1],"tags":[],"class_list":["post-36179","post","type-post","status-publish","format-standard","has-post-thumbnail","hentry","category-curso-de-copy"],"_links":{"self":[{"href":"https:\/\/wiy.com.br\/noticias\/wp-json\/wp\/v2\/posts\/36179","targetHints":{"allow":["GET"]}}],"collection":[{"href":"https:\/\/wiy.com.br\/noticias\/wp-json\/wp\/v2\/posts"}],"about":[{"href":"https:\/\/wiy.com.br\/noticias\/wp-json\/wp\/v2\/types\/post"}],"author":[{"embeddable":true,"href":"https:\/\/wiy.com.br\/noticias\/wp-json\/wp\/v2\/users\/1"}],"replies":[{"embeddable":true,"href":"https:\/\/wiy.com.br\/noticias\/wp-json\/wp\/v2\/comments?post=36179"}],"version-history":[{"count":0,"href":"https:\/\/wiy.com.br\/noticias\/wp-json\/wp\/v2\/posts\/36179\/revisions"}],"wp:featuredmedia":[{"embeddable":true,"href":"https:\/\/wiy.com.br\/noticias\/wp-json\/wp\/v2\/media\/36180"}],"wp:attachment":[{"href":"https:\/\/wiy.com.br\/noticias\/wp-json\/wp\/v2\/media?parent=36179"}],"wp:term":[{"taxonomy":"category","embeddable":true,"href":"https:\/\/wiy.com.br\/noticias\/wp-json\/wp\/v2\/categories?post=36179"},{"taxonomy":"post_tag","embeddable":true,"href":"https:\/\/wiy.com.br\/noticias\/wp-json\/wp\/v2\/tags?post=36179"}],"curies":[{"name":"wp","href":"https:\/\/api.w.org\/{rel}","templated":true}]}}