{"id":3605,"date":"2023-02-26T15:32:25","date_gmt":"2023-02-26T18:32:25","guid":{"rendered":"https:\/\/wiy.com.br\/noticias\/rio-entrou-em-estagio-de-crise-em-fevereiro-de-2018\/"},"modified":"2019-02-06T23:37:39","modified_gmt":"2019-02-07T01:37:39","slug":"rio-entrou-em-estagio-de-crise-em-fevereiro-de-2018","status":"publish","type":"post","link":"https:\/\/wiy.com.br\/noticias\/rio-entrou-em-estagio-de-crise-em-fevereiro-de-2018\/","title":{"rendered":"Rio entrou em est\u00e1gio de crise em fevereiro de 2018"},"content":{"rendered":"<p> <br \/>\n<br \/>Esta n\u00e3o \u00e9 a primeira vez que o munic\u00edpio entra em est\u00e1gio de Crise \u2014 nesta quarta-feira, por conta do temporal, a prefeitura orientou que a popula\u00e7\u00e3o evitasse deslocamentos pela cidade. Em fevereiro, outro temporal em fevereiro do ano passado&#8230;<br \/>\n<br \/><br \/>\n<br \/><a href=\"https:\/\/oglobo.globo.com\/rio\/rio-entrou-em-estagio-de-crise-em-fevereiro-de-2018-23434124\">Source link <\/a><\/p>\n","protected":false},"excerpt":{"rendered":"<p>Esta n\u00e3o \u00e9 a primeira vez que o munic\u00edpio entra em est\u00e1gio de Crise \u2014 nesta quarta-feira, por conta do temporal, a prefeitura orientou que a popula\u00e7\u00e3o evitasse deslocamentos pela cidade. Em fevereiro, outro temporal em fevereiro do ano passado&#8230; Source link<\/p>\n","protected":false},"author":1,"featured_media":0,"comment_status":"open","ping_status":"open","sticky":false,"template":"","format":"standard","meta":{"footnotes":""},"categories":[339],"tags":[],"class_list":["post-3605","post","type-post","status-publish","format-standard","hentry","category-negocios"],"_links":{"self":[{"href":"https:\/\/wiy.com.br\/noticias\/wp-json\/wp\/v2\/posts\/3605","targetHints":{"allow":["GET"]}}],"collection":[{"href":"https:\/\/wiy.com.br\/noticias\/wp-json\/wp\/v2\/posts"}],"about":[{"href":"https:\/\/wiy.com.br\/noticias\/wp-json\/wp\/v2\/types\/post"}],"author":[{"embeddable":true,"href":"https:\/\/wiy.com.br\/noticias\/wp-json\/wp\/v2\/users\/1"}],"replies":[{"embeddable":true,"href":"https:\/\/wiy.com.br\/noticias\/wp-json\/wp\/v2\/comments?post=3605"}],"version-history":[{"count":0,"href":"https:\/\/wiy.com.br\/noticias\/wp-json\/wp\/v2\/posts\/3605\/revisions"}],"wp:attachment":[{"href":"https:\/\/wiy.com.br\/noticias\/wp-json\/wp\/v2\/media?parent=3605"}],"wp:term":[{"taxonomy":"category","embeddable":true,"href":"https:\/\/wiy.com.br\/noticias\/wp-json\/wp\/v2\/categories?post=3605"},{"taxonomy":"post_tag","embeddable":true,"href":"https:\/\/wiy.com.br\/noticias\/wp-json\/wp\/v2\/tags?post=3605"}],"curies":[{"name":"wp","href":"https:\/\/api.w.org\/{rel}","templated":true}]}}