{"id":36024,"date":"2023-02-26T15:27:39","date_gmt":"2023-02-26T18:27:39","guid":{"rendered":"https:\/\/wiy.com.br\/noticias\/witzel-pede-a-policia-para-investigar-video-em-que-e-acusado-de-perseguir-bolsonaro\/"},"modified":"2019-11-02T19:45:10","modified_gmt":"2019-11-02T22:45:10","slug":"witzel-pede-a-policia-para-investigar-video-em-que-e-acusado-de-perseguir-bolsonaro","status":"publish","type":"post","link":"https:\/\/wiy.com.br\/noticias\/witzel-pede-a-policia-para-investigar-video-em-que-e-acusado-de-perseguir-bolsonaro\/","title":{"rendered":"Witzel pede \u00e0 pol\u00edcia para investigar v\u00eddeo em que \u00e9 acusado de perseguir Bolsonaro"},"content":{"rendered":"<p> <br \/>\n<\/p>\n<div property=\"na:ArticleBody\">\n<p>O governador do Rio <strong>Wilson Witzel <\/strong>(PSC) pediu para a <strong>Pol\u00edcia Civil<\/strong> investigar a origem de um v\u00eddeo, que circula em redes sociais, no qual o governador \u00e9 acusado de perseguir o presidente <strong>Jair Bolsonaro<\/strong>. A informa\u00e7\u00e3o foi publicada pelo jornal &#8220;Folha de S\u00e3o Paulo&#8221;, e confirmada pelo GLOBO com o Pal\u00e1cio Guanabara. O inqu\u00e9rito j\u00e1 foi aberto e corre em sigilo.<\/p>\n<p align=\"justify\">A montagem ap\u00f3crifa, que circula tamb\u00e9m no WhatsApp, foi feita a partir de cenas de um filme da franquia &#8220;Velozes e Furiosos&#8221;. Uma dublagem diferente do \u00e1udio original apresenta um di\u00e1logo em que os personagens afirmam que a equipe de Witzel estaria tentando espalhar conte\u00fados contr\u00e1rios ao presidente.<\/p>\n<p align=\"justify\">Neste s\u00e1bado, ap\u00f3s deixar o Pal\u00e1cio do Alvorada para <a href=\"https:\/\/oglobo.globo.com\/brasil\/no-lugar-de-eduardo-diria-que-deveriamos-mudar-lei-antiterrorismo-diz-bolsonaro-sobre-declaracao-de-ai-5-24058218\" target=\"_blank\" rel=\"noopener noreferrer\">buscar uma motocicleta<\/a> em Bras\u00edlia, Bolsonaro <a href=\"https:\/\/oglobo.globo.com\/brasil\/bolsonaro-afirma-que-pegou-audios-das-ligacoes-gravadas-pela-portaria-do-condominio-24058328\" target=\"_blank\" rel=\"noopener noreferrer\">voltou a acusar o governador Wilson Witzel<\/a> de \u201cmanipular\u201d a investiga\u00e7\u00e3o do assassinato da vereadora Marielle Franco e do motorista Anderson Gomes. O presidente disse ter \u201cconvic\u00e7\u00e3o\u201d de que Witzel agiu para incluir seu nome no processo.<\/p>\n<p align=\"justify\"><strong>LEIA TAMB\u00c9M: <\/strong><a href=\"http:\/\/extra.globo.com\/noticias\/brasil\/promotora-se-afasta-do-caso-marielle-apos-repercussao-de-postagens-em-apoio-bolsonaro-24056750.html\" target=\"_blank\" rel=\"noopener noreferrer\">Promotora se afasta do caso Marielle ap\u00f3s repercuss\u00e3o de postagens em apoio a Bolsonaro<\/a><a href=\"https:\/\/oglobo.globo.com\/brasil\/pai-mae-de-marielle-lamentam-afastamento-de-promotora-no-caso-24057906\" target=\"_blank\"\/ rel=\"noopener noreferrer\"><\/p>\n<p>Em depoimento divulgado pelo &#8220;Jornal Nacional&#8221; na \u00faltima terla, o porteiro do condom\u00ednio Vivendas da Barra, onde morava o presidente Bolsonaro, disse que <strong>&#8220;Seu Jair&#8221;<\/strong> liberou a entrada de \u00c9lcio Queiroz, um dos principais suspeitos do assassinato de Marielle, na tarde do dia 14 de mar\u00e7o de 2018, horas antes do crime.<\/p>\n<p>No dia seguinte \u00e0 exibi\u00e7\u00e3o da reportagem, o <strong>Minist\u00e9rio P\u00fablico<\/strong> informou que grava\u00e7\u00f5es em \u00e1udio das liga\u00e7\u00f5es feitas entre a portaria e as casas do condom\u00ednio contradiziam o depoimento do porteiro. Segundo o MP-RJ, o \u00e1udio aponta que \u00c9lcio pediu para acessar a casa de outro suspeito pela morte de Marielle, o ex-policial Ronnie Lessa. Ainda de acordo com o MP-RJ, seria a voz de Lessa que autoriza a entrada de \u00c9lcio no condom\u00ednio.<\/p>\n<p><strong>LEIA TAMB\u00c9M:<\/strong> <a href=\"http:\/\/extra.globo.com\/noticias\/brasil\/policia-civil-do-rio-rebate-bolsonaro-diz-que-witzel-nao-interfere-na-apuracao-do-caso-marielle-24050910.html\" target=\"_blank\" rel=\"noopener noreferrer\">Pol\u00edcia Civil do Rio rebate Bolsonaro e diz que Witzel &#8216;n\u00e3o interfere na apura\u00e7\u00e3o&#8217; do caso Marielle<\/a><\/p>\n<p>Neste s\u00e1bado, Bolsonaro declarou que <a href=\"https:\/\/oglobo.globo.com\/brasil\/bolsonaro-afirma-que-pegou-audios-das-ligacoes-gravadas-pela-portaria-do-condominio-24058328\" target=\"_blank\" rel=\"noopener noreferrer\">pegou os \u00e1udios das liga\u00e7\u00f5es<\/a> antes que, segundo ele, as grava\u00e7\u00f5es fossem adulteradas. Bolsonaro n\u00e3o especificou a data em que retirou os arquivos.<\/p>\n<p>\u2014 N\u00f3s pegamos (os \u00e1udios) antes que fosse adulterado, pegamos l\u00e1 toda a mem\u00f3ria da secret\u00e1ria eletr\u00f4nica. A voz n\u00e3o \u00e9 minha, n\u00e3o \u00e9 o \u201cseu Jair\u201d \u2014 afirmou.<\/p>\n<\/p><\/div>\n<p><script>\n\t\t\t$(document).ready(function() {\n\t\t\t\t$.ajaxSetup({ cache: true });\n\t\t\t\t$.getScript('\/\/connect.facebook.net\/pt_BR\/sdk.js', function(){\n\t\t\t\t\tFB.init({\n\t\t\t\t\t\txfbml      : true,\n\t\t\t\t\t\tversion    : 'v2.5'\n\t\t\t\t\t});\n\t\t\t\t});\n\t\t\t});\n\t\t<\/script><br \/>\n<br \/><br \/>\n<br \/><a href=\"https:\/\/extra.globo.com\/noticias\/rio\/witzel-pede-policia-para-investigar-video-em-que-acusado-de-perseguir-bolsonaro-24058637.html\">Fonte do Artigo <\/a><br \/>\nTags:<\/p>\n<p><a href=\"https:\/\/wiy.com.br\/noticias\/categoria\/noticias\/\">#noticia<\/a> <a href=\"https:\/\/wiy.com.br\/noticias\/categoria\/noticias\/\">#novidades<\/a> <a href=\"https:\/\/wiy.com.br\/noticias\/categoria\/noticias\/\">#noticias<\/a> <a href=\"https:\/\/wiy.com.br\/noticias\/categoria\/noticias\/\">#venezuela<\/a> <a href=\"https:\/\/wiy.com.br\/noticias\/categoria\/noticias\/\">#seo<\/a> <a href=\"https:\/\/wiy.com.br\/noticias\/categoria\/noticias\/\">#instagram<\/a> <a href=\"https:\/\/wiy.com.br\/noticias\/categoria\/noticias\/\">#cicpc<\/a> <a href=\"https:\/\/wiy.com.br\/noticias\/categoria\/noticias\/\">#policia<\/a> <a href=\"https:\/\/wiy.com.br\/noticias\/categoria\/noticias\/\">#ultimahora<\/a> <a href=\"https:\/\/wiy.com.br\/noticias\/categoria\/noticias\/\">#seguridade<\/a> <a href=\"https:\/\/wiy.com.br\/noticias\/categoria\/noticias\/\">#informacao<\/a> <a href=\"https:\/\/wiy.com.br\/noticias\/categoria\/noticias\/\">#paz<\/a> <a href=\"https:\/\/wiy.com.br\/noticias\/categoria\/noticias\/\">#urgente<\/a> <a href=\"https:\/\/wiy.com.br\/noticias\/categoria\/noticias\/\">#policiacientifica<\/a> <a href=\"https:\/\/wiy.com.br\/noticias\/categoria\/noticias\/\">#criminalisticcicpc<\/a> <a href=\"https:\/\/wiy.com.br\/noticias\/categoria\/noticias\/\">#crimes<\/a> <a href=\"https:\/\/wiy.com.br\/noticias\/categoria\/noticias\/\">#extra<\/a> <a href=\"https:\/\/wiy.com.br\/noticias\/categoria\/noticias\/\">#ultimahoranoticia<\/a> <a href=\"https:\/\/wiy.com.br\/noticias\/categoria\/noticias\/\">#brazil247<\/a> <a href=\"https:\/\/wiy.com.br\/noticias\/categoria\/noticias\/\">#governo<\/a> <a href=\"https:\/\/wiy.com.br\/noticias\/categoria\/noticias\/\">#brasil247<\/a> <a href=\"https:\/\/wiy.com.br\/noticias\/categoria\/noticias\/\">#bolsonaro<\/a> <a href=\"https:\/\/wiy.com.br\/noticias\/categoria\/noticias\/\">#jornalismo<\/a> <a href=\"https:\/\/wiy.com.br\/noticias\/categoria\/noticias\/\">#informacoes<\/a> <a href=\"https:\/\/wiy.com.br\/noticias\/categoria\/noticias\/\">#news<\/a> <a href=\"https:\/\/wiy.com.br\/noticias\/categoria\/noticias\/\">#jornal<\/a> <a href=\"https:\/\/wiy.com.br\/noticias\/categoria\/noticias\/\">#tiktok<\/a> <a href=\"https:\/\/wiy.com.br\/noticias\/categoria\/noticias\/\">#fgts<\/a> <a href=\"https:\/\/wiy.com.br\/noticias\/categoria\/noticias\/\">#pis<\/a> <a href=\"https:\/\/wiy.com.br\/noticias\/categoria\/noticias\/\">#caixa<\/a> <a href=\"https:\/\/wiy.com.br\/noticias\/categoria\/noticias\/\">#loterias<\/a> <a href=\"https:\/\/wiy.com.br\/noticias\/categoria\/noticias\/\">#megasena<\/a> <a href=\"https:\/\/wiy.com.br\/noticias\/categoria\/noticias\/\">#lotofacil<\/a> <a href=\"https:\/\/wiy.com.br\/noticias\/categoria\/noticias\/\">#megamania<\/a> <a href=\"https:\/\/wiy.com.br\/noticias\/categoria\/noticias\/\">#sus<\/a> <a href=\"https:\/\/wiy.com.br\/noticias\/categoria\/noticias\/\">#ibge<\/a><\/p>\n","protected":false},"excerpt":{"rendered":"<p>O governador do Rio Wilson Witzel (PSC) pediu para a Pol\u00edcia Civil investigar a origem de um v\u00eddeo, que circula em redes sociais, no qual o governador \u00e9 acusado de perseguir o presidente Jair Bolsonaro. A informa\u00e7\u00e3o foi publicada pelo jornal &#8220;Folha de S\u00e3o Paulo&#8221;, e confirmada pelo GLOBO com o Pal\u00e1cio Guanabara. O inqu\u00e9rito [&hellip;]<\/p>\n","protected":false},"author":1,"featured_media":0,"comment_status":"open","ping_status":"open","sticky":false,"template":"","format":"standard","meta":{"footnotes":""},"categories":[337],"tags":[],"class_list":["post-36024","post","type-post","status-publish","format-standard","hentry","category-noticias"],"_links":{"self":[{"href":"https:\/\/wiy.com.br\/noticias\/wp-json\/wp\/v2\/posts\/36024","targetHints":{"allow":["GET"]}}],"collection":[{"href":"https:\/\/wiy.com.br\/noticias\/wp-json\/wp\/v2\/posts"}],"about":[{"href":"https:\/\/wiy.com.br\/noticias\/wp-json\/wp\/v2\/types\/post"}],"author":[{"embeddable":true,"href":"https:\/\/wiy.com.br\/noticias\/wp-json\/wp\/v2\/users\/1"}],"replies":[{"embeddable":true,"href":"https:\/\/wiy.com.br\/noticias\/wp-json\/wp\/v2\/comments?post=36024"}],"version-history":[{"count":0,"href":"https:\/\/wiy.com.br\/noticias\/wp-json\/wp\/v2\/posts\/36024\/revisions"}],"wp:attachment":[{"href":"https:\/\/wiy.com.br\/noticias\/wp-json\/wp\/v2\/media?parent=36024"}],"wp:term":[{"taxonomy":"category","embeddable":true,"href":"https:\/\/wiy.com.br\/noticias\/wp-json\/wp\/v2\/categories?post=36024"},{"taxonomy":"post_tag","embeddable":true,"href":"https:\/\/wiy.com.br\/noticias\/wp-json\/wp\/v2\/tags?post=36024"}],"curies":[{"name":"wp","href":"https:\/\/api.w.org\/{rel}","templated":true}]}}