{"id":3599,"date":"2023-02-26T15:16:14","date_gmt":"2023-02-26T18:16:14","guid":{"rendered":"https:\/\/wiy.com.br\/noticias\/carnaval-de-rua-de-sao-paulo-consegue-patrocinio\/"},"modified":"2019-02-06T22:46:01","modified_gmt":"2019-02-07T00:46:01","slug":"carnaval-de-rua-de-sao-paulo-consegue-patrocinio","status":"publish","type":"post","link":"https:\/\/wiy.com.br\/noticias\/carnaval-de-rua-de-sao-paulo-consegue-patrocinio\/","title":{"rendered":"Carnaval de rua de S\u00e3o Paulo consegue patroc\u00ednio"},"content":{"rendered":"<p> <br \/>\n<\/p>\n<p><span>O Carnaval de rua de S\u00e3o Paulo ser\u00e1 patrocinado por uma subsidi\u00e1ria da Ambev. A Arosuco Aromas e Sucos foi a empresa vencedora da disputa, com proposta de 16,1 milh\u00f5es de reais &#8211; o lance m\u00ednimo era de 15 milh\u00f5es de reais.<\/span><\/p>\n<p><span>A abertura de envelopes ocorreu na manh\u00e3 desta quarta-feira, 6. No primeiro certame, lan\u00e7ado em 9 de janeiro, nenhuma empresa havia apresentado proposta. A concorr\u00eancia aberta pela Prefeitura de S\u00e3o Paulo anteriormente previa que a vencedora deveria investir ao menos 19 milh\u00f5es de reais. J\u00e1 no Carnaval de 2018, o edital definia 15 milh\u00f5es de reais para investimento.\u00a0<\/span><\/p>\n<p><span>Este ano, a Secretaria Municipal de Prefeituras Regionais recebeu a inscri\u00e7\u00e3o de 624 blocos e a previs\u00e3o de p\u00fablico \u00e9 de 5 milh\u00f5es de pessoas entre o pr\u00e9-Carnaval (nos dias 23 e 24 de fevereiro), Carnaval (de 2 a 5 de mar\u00e7o) e o p\u00f3s-Carnaval (nos dias 9 e 10 de mar\u00e7o).<\/span><\/p>\n<p><br \/>\n<br \/><a href=\"https:\/\/vejasp.abril.com.br\/cultura-lazer\/carnaval-rua-sp-2019-patrocinio\/\">Source link <\/a><\/p>\n","protected":false},"excerpt":{"rendered":"<p>O Carnaval de rua de S\u00e3o Paulo ser\u00e1 patrocinado por uma subsidi\u00e1ria da Ambev. A Arosuco Aromas e Sucos foi a empresa vencedora da disputa, com proposta de 16,1 milh\u00f5es de reais &#8211; o lance m\u00ednimo era de 15 milh\u00f5es de reais. A abertura de envelopes ocorreu na manh\u00e3 desta quarta-feira, 6. No primeiro certame, [&hellip;]<\/p>\n","protected":false},"author":1,"featured_media":3600,"comment_status":"open","ping_status":"open","sticky":false,"template":"","format":"standard","meta":{"footnotes":""},"categories":[7],"tags":[],"class_list":["post-3599","post","type-post","status-publish","format-standard","has-post-thumbnail","hentry","category-economia"],"_links":{"self":[{"href":"https:\/\/wiy.com.br\/noticias\/wp-json\/wp\/v2\/posts\/3599","targetHints":{"allow":["GET"]}}],"collection":[{"href":"https:\/\/wiy.com.br\/noticias\/wp-json\/wp\/v2\/posts"}],"about":[{"href":"https:\/\/wiy.com.br\/noticias\/wp-json\/wp\/v2\/types\/post"}],"author":[{"embeddable":true,"href":"https:\/\/wiy.com.br\/noticias\/wp-json\/wp\/v2\/users\/1"}],"replies":[{"embeddable":true,"href":"https:\/\/wiy.com.br\/noticias\/wp-json\/wp\/v2\/comments?post=3599"}],"version-history":[{"count":0,"href":"https:\/\/wiy.com.br\/noticias\/wp-json\/wp\/v2\/posts\/3599\/revisions"}],"wp:featuredmedia":[{"embeddable":true,"href":"https:\/\/wiy.com.br\/noticias\/wp-json\/wp\/v2\/media\/3600"}],"wp:attachment":[{"href":"https:\/\/wiy.com.br\/noticias\/wp-json\/wp\/v2\/media?parent=3599"}],"wp:term":[{"taxonomy":"category","embeddable":true,"href":"https:\/\/wiy.com.br\/noticias\/wp-json\/wp\/v2\/categories?post=3599"},{"taxonomy":"post_tag","embeddable":true,"href":"https:\/\/wiy.com.br\/noticias\/wp-json\/wp\/v2\/tags?post=3599"}],"curies":[{"name":"wp","href":"https:\/\/api.w.org\/{rel}","templated":true}]}}