{"id":35987,"date":"2023-02-26T15:32:16","date_gmt":"2023-02-26T18:32:16","guid":{"rendered":"https:\/\/wiy.com.br\/noticias\/confira-a-programacao-nos-cemiterios-no-dia-de-finados\/"},"modified":"2019-11-02T09:33:12","modified_gmt":"2019-11-02T12:33:12","slug":"confira-a-programacao-nos-cemiterios-no-dia-de-finados","status":"publish","type":"post","link":"https:\/\/wiy.com.br\/noticias\/confira-a-programacao-nos-cemiterios-no-dia-de-finados\/","title":{"rendered":"Confira a programa\u00e7\u00e3o nos cemit\u00e9rios no Dia de Finados"},"content":{"rendered":"<p> <br \/>\n<\/p>\n<div property=\"na:ArticleBody\">\n<p>Al\u00e9m de missas e cultos, os cemit\u00e9rios do Rio programaram apresenta\u00e7\u00f5es musicais e inaugura\u00e7\u00f5es de novos espa\u00e7os para este Dia de Finados. O arcebispo do Rio de Janeiro, Cardeal Orani Jo\u00e3o Tempesta, participa de duas missas, no Caju e Jardim Sulacap. Confira a programa\u00e7\u00e3o:<\/p>\n<h3><strong>Cemit\u00e9rio do Caju<\/strong><\/h3>\n<ul>\n<li>Das 8h \u00e0s 16h: missas acontecer\u00e3o de hora em hora.<\/li>\n<li>9h: ser\u00e1 inaugurado o Vel\u00e1rio Novo Caju e o tamb\u00e9m o Painel de Homenagens, onde familiares poder\u00e3o deixar mensagens para parentes enterrados no cemit\u00e9rio.<\/li>\n<li>10h e 14h30: no jardim do Cremat\u00f3rio Novo Caju, Orquestra Mar\u00e9 do Manh\u00e3.<\/li>\n<li>11h30: Dom Orani Tempesta far\u00e1 celebra\u00e7\u00e3o com ben\u00e7\u00e3o especial. <\/li>\n<li>16h: missa com padre Marcio Luiz. <\/li>\n<\/ul>\n<h3>S\u00e3o Jo\u00e3o Batista (Botafogo)<\/h3>\n<ul>\n<li>Das 8h \u00e0s 17h: missas de hora em hora na capela. A do meio-dia ser\u00e1 presidida por Dom Antonio Augusto Dias Duarte, bispo-auxiliar na Arquidiocese do Rio.<\/li>\n<li>Das 10h \u00e0s 16h: m\u00fasica instrumental com o saxofonista Glauco Cerejo e o violonista Moabe Vettore.<\/li>\n<li>Outras a\u00e7\u00f5es: culto afro-brasileiro, servi\u00e7os sociais e a presen\u00e7a da igreja evang\u00e9lica<\/li>\n<\/ul>\n<h3><strong>Jardim da Saudade Sulacap<\/strong><\/h3>\n<ul>\n<li>8:40: inaugura\u00e7\u00e3o de Monumento ao Cristo Redentor.<\/li>\n<li>9h: missa Solene celebrada por Dom Orani Tempesta pelos falecidos e em inten\u00e7\u00e3o do Rio de Janeiro.<\/li>\n<li>De 10 h \u00e0s 12h: apresenta\u00e7\u00e3o da Orquestra Sinf\u00f4nica Jovem do Rio de Janeiro e do Coral Infanto- Juvenil Gramachinhos.<\/li>\n<\/ul>\n<h3>J<strong>ardim da Saudade de Paci\u00eancia<\/strong><\/h3>\n<ul>\n<li>10h: concerto \u2013 Manifesto \u201c Amor pelo Rio de Janeiro\u201d com os m\u00fasicos do Teatro Municipal<\/li>\n<li>11h: missa cat\u00f3lica<\/li>\n<\/ul>\n<h3>Cemit\u00e9rio de Inha\u00fama<\/h3>\n<ul>\n<li>Das 8h \u00e0s 16h: missas de hora em hora. A das 9h ser\u00e1 presidida por Dom Juarez Delorto Secco.<\/li>\n<\/ul>\n<h3>Cemit\u00e9rio do Pechincha (Jacarepagu\u00e1)<\/h3>\n<ul>\n<li>Missas \u00e0s 9h, 10h30, 11h, 12h, 13h, 14h e 15h. A celebra\u00e7\u00e3o das 10h30 ser\u00e1 com Dom Roque Costa Souza.<\/li>\n<\/ul>\n<h3>Cemit\u00e9rio de Iraj\u00e1<\/h3>\n<ul>\n<li>Das 8h \u00e0s 17h: missas de hora em hora. A das 15h ser\u00e1 celebrada por Dom Juarez Delorto Secco.<\/li>\n<\/ul>\n<h3>Cemit\u00e9rio do Cacuia (Ilha)<\/h3>\n<ul>\n<li>Missas \u00e0s 8h, 9h, 10h, 11h, 15h e 17h.<\/li>\n<\/ul>\n<h3>Cemit\u00e9rio do Murundu (Padre Miguel)<\/h3>\n<ul>\n<li>Missas \u00e0s 8h, 10h, 14h e 16h.<\/li>\n<\/ul>\n<\/div>\n<p><script>\n\t\t\t$(document).ready(function() {\n\t\t\t\t$.ajaxSetup({ cache: true });\n\t\t\t\t$.getScript('\/\/connect.facebook.net\/pt_BR\/sdk.js', function(){\n\t\t\t\t\tFB.init({\n\t\t\t\t\t\txfbml      : true,\n\t\t\t\t\t\tversion    : 'v2.5'\n\t\t\t\t\t});\n\t\t\t\t});\n\t\t\t});\n\t\t<\/script><br \/>\n<br \/><br \/>\n<br \/><a href=\"https:\/\/extra.globo.com\/noticias\/rio\/confira-programacao-nos-cemiterios-no-dia-de-finados-24058130.html\">Fonte do Artigo <\/a><br \/>\nTags:<\/p>\n<p><a href=\"https:\/\/wiy.com.br\/noticias\/categoria\/noticias\/\">#noticia<\/a> <a href=\"https:\/\/wiy.com.br\/noticias\/categoria\/noticias\/\">#novidades<\/a> <a href=\"https:\/\/wiy.com.br\/noticias\/categoria\/noticias\/\">#noticias<\/a> <a href=\"https:\/\/wiy.com.br\/noticias\/categoria\/noticias\/\">#venezuela<\/a> <a href=\"https:\/\/wiy.com.br\/noticias\/categoria\/noticias\/\">#seo<\/a> <a href=\"https:\/\/wiy.com.br\/noticias\/categoria\/noticias\/\">#instagram<\/a> <a href=\"https:\/\/wiy.com.br\/noticias\/categoria\/noticias\/\">#cicpc<\/a> <a href=\"https:\/\/wiy.com.br\/noticias\/categoria\/noticias\/\">#policia<\/a> <a href=\"https:\/\/wiy.com.br\/noticias\/categoria\/noticias\/\">#ultimahora<\/a> <a href=\"https:\/\/wiy.com.br\/noticias\/categoria\/noticias\/\">#seguridade<\/a> <a href=\"https:\/\/wiy.com.br\/noticias\/categoria\/noticias\/\">#informacao<\/a> <a href=\"https:\/\/wiy.com.br\/noticias\/categoria\/noticias\/\">#paz<\/a> <a href=\"https:\/\/wiy.com.br\/noticias\/categoria\/noticias\/\">#urgente<\/a> <a href=\"https:\/\/wiy.com.br\/noticias\/categoria\/noticias\/\">#policiacientifica<\/a> <a href=\"https:\/\/wiy.com.br\/noticias\/categoria\/noticias\/\">#criminalisticcicpc<\/a> <a href=\"https:\/\/wiy.com.br\/noticias\/categoria\/noticias\/\">#crimes<\/a> <a href=\"https:\/\/wiy.com.br\/noticias\/categoria\/noticias\/\">#extra<\/a> <a href=\"https:\/\/wiy.com.br\/noticias\/categoria\/noticias\/\">#ultimahoranoticia<\/a> <a href=\"https:\/\/wiy.com.br\/noticias\/categoria\/noticias\/\">#brazil247<\/a> <a href=\"https:\/\/wiy.com.br\/noticias\/categoria\/noticias\/\">#governo<\/a> <a href=\"https:\/\/wiy.com.br\/noticias\/categoria\/noticias\/\">#brasil247<\/a> <a href=\"https:\/\/wiy.com.br\/noticias\/categoria\/noticias\/\">#bolsonaro<\/a> <a href=\"https:\/\/wiy.com.br\/noticias\/categoria\/noticias\/\">#jornalismo<\/a> <a href=\"https:\/\/wiy.com.br\/noticias\/categoria\/noticias\/\">#informacoes<\/a> <a href=\"https:\/\/wiy.com.br\/noticias\/categoria\/noticias\/\">#news<\/a> <a href=\"https:\/\/wiy.com.br\/noticias\/categoria\/noticias\/\">#jornal<\/a> <a href=\"https:\/\/wiy.com.br\/noticias\/categoria\/noticias\/\">#tiktok<\/a> <a href=\"https:\/\/wiy.com.br\/noticias\/categoria\/noticias\/\">#fgts<\/a> <a href=\"https:\/\/wiy.com.br\/noticias\/categoria\/noticias\/\">#pis<\/a> <a href=\"https:\/\/wiy.com.br\/noticias\/categoria\/noticias\/\">#caixa<\/a> <a href=\"https:\/\/wiy.com.br\/noticias\/categoria\/noticias\/\">#loterias<\/a> <a href=\"https:\/\/wiy.com.br\/noticias\/categoria\/noticias\/\">#megasena<\/a> <a href=\"https:\/\/wiy.com.br\/noticias\/categoria\/noticias\/\">#lotofacil<\/a> <a href=\"https:\/\/wiy.com.br\/noticias\/categoria\/noticias\/\">#megamania<\/a> <a href=\"https:\/\/wiy.com.br\/noticias\/categoria\/noticias\/\">#sus<\/a> <a href=\"https:\/\/wiy.com.br\/noticias\/categoria\/noticias\/\">#ibge<\/a><\/p>\n","protected":false},"excerpt":{"rendered":"<p>Al\u00e9m de missas e cultos, os cemit\u00e9rios do Rio programaram apresenta\u00e7\u00f5es musicais e inaugura\u00e7\u00f5es de novos espa\u00e7os para este Dia de Finados. O arcebispo do Rio de Janeiro, Cardeal Orani Jo\u00e3o Tempesta, participa de duas missas, no Caju e Jardim Sulacap. Confira a programa\u00e7\u00e3o: Cemit\u00e9rio do Caju Das 8h \u00e0s 16h: missas acontecer\u00e3o de hora [&hellip;]<\/p>\n","protected":false},"author":1,"featured_media":0,"comment_status":"open","ping_status":"open","sticky":false,"template":"","format":"standard","meta":{"footnotes":""},"categories":[337],"tags":[],"class_list":["post-35987","post","type-post","status-publish","format-standard","hentry","category-noticias"],"_links":{"self":[{"href":"https:\/\/wiy.com.br\/noticias\/wp-json\/wp\/v2\/posts\/35987","targetHints":{"allow":["GET"]}}],"collection":[{"href":"https:\/\/wiy.com.br\/noticias\/wp-json\/wp\/v2\/posts"}],"about":[{"href":"https:\/\/wiy.com.br\/noticias\/wp-json\/wp\/v2\/types\/post"}],"author":[{"embeddable":true,"href":"https:\/\/wiy.com.br\/noticias\/wp-json\/wp\/v2\/users\/1"}],"replies":[{"embeddable":true,"href":"https:\/\/wiy.com.br\/noticias\/wp-json\/wp\/v2\/comments?post=35987"}],"version-history":[{"count":0,"href":"https:\/\/wiy.com.br\/noticias\/wp-json\/wp\/v2\/posts\/35987\/revisions"}],"wp:attachment":[{"href":"https:\/\/wiy.com.br\/noticias\/wp-json\/wp\/v2\/media?parent=35987"}],"wp:term":[{"taxonomy":"category","embeddable":true,"href":"https:\/\/wiy.com.br\/noticias\/wp-json\/wp\/v2\/categories?post=35987"},{"taxonomy":"post_tag","embeddable":true,"href":"https:\/\/wiy.com.br\/noticias\/wp-json\/wp\/v2\/tags?post=35987"}],"curies":[{"name":"wp","href":"https:\/\/api.w.org\/{rel}","templated":true}]}}