{"id":3596,"date":"2023-02-26T15:16:02","date_gmt":"2023-02-26T18:16:02","guid":{"rendered":"https:\/\/wiy.com.br\/noticias\/e-tudo-para-ler-antes-da-bolsa-abrir\/"},"modified":"2019-02-06T22:01:21","modified_gmt":"2019-02-07T00:01:21","slug":"e-tudo-para-ler-antes-da-bolsa-abrir","status":"publish","type":"post","link":"https:\/\/wiy.com.br\/noticias\/e-tudo-para-ler-antes-da-bolsa-abrir\/","title":{"rendered":"e tudo para ler antes da Bolsa abrir"},"content":{"rendered":"<p> <br \/>\n<\/p>\n<p>S\u00e3o Paulo &#8211; Leia as principais not\u00edcias desta quinta-feira (7) para come\u00e7ar o dia bem informado:<\/p>\n<h3>As quentes do dia<\/h3>\n<p>&nbsp;<\/p>\n<h3>Pol\u00edtica e mundo<\/h3>\n<p><strong>Vale sabia de problemas em sensores de barragem 2 dias antes de rompimento<\/strong><br \/>\n<a href=\"https:\/\/exame.abril.com.br\/brasil\/vale-sabia-de-problemas-em-sensores-de-barragem-2-dias-antes-de-rompimento\/\" target=\"_blank\" rel=\"noopener\">Informa\u00e7\u00f5es constam do depoimento do engenheiro Makoto Namba, coordenador de projetos da empresa T\u00fcv S\u00fcd, \u00e0 Pol\u00edcia Federal.<\/a><\/p>\n<p><strong>TJ libera R$ 13 milh\u00f5es para Vale ressarcir gastos do governo mineiro<\/strong><br \/>\n<a href=\"https:\/\/exame.abril.com.br\/brasil\/tj-libera-r-13-milhoes-para-vale-ressarcir-gastos-do-governo-mineiro\/\" target=\"_blank\" rel=\"noopener\">Valor pode ser retirado dos R$1 bilh\u00e3o que foram bloqueados judicialmente em a\u00e7\u00e3o movida pelo estado de Minas Gerais contra a mineradora.<\/a><\/p>\n<p><strong>Senado elege Mesa Diretora e Fl\u00e1vio Bolsonaro fica com a 3\u00aa secretaria<\/strong><br \/>\n<a href=\"https:\/\/exame.abril.com.br\/brasil\/senado-elege-mesa-diretora-e-flavio-bolsonaro-fica-com-a-3a-secretaria\/\" target=\"_blank\" rel=\"noopener\">Chapa \u00fanica foi aprovada com 72 votos favor\u00e1veis, 2 contr\u00e1rios e 3 absten\u00e7\u00f5es; Anastasia ficou com a vice-presid\u00eancia.<\/a><\/p>\n<p><strong>Defesa de Lula recorrer\u00e1 da condena\u00e7\u00e3o; veja nota na \u00edntegra<\/strong><br \/>\n<a href=\"https:\/\/exame.abril.com.br\/brasil\/defesa-de-lula-recorrera-da-condenacao-veja-nota-na-integra\/\" target=\"_blank\" rel=\"noopener\">O ex-presidente foi condenado por corrup\u00e7\u00e3o passiva e lavagem de dinheiro no caso do s\u00edtio de Atibaia.<\/a><\/p>\n<p><strong>Moro diz esperar sugest\u00f5es da sociedade para aprimorar leis anticrimes<\/strong><br \/>\n<a href=\"https:\/\/exame.abril.com.br\/brasil\/moro-diz-esperar-sugestoes-da-sociedade-para-aprimorar-leis-anticrimes\/\" target=\"_blank\" rel=\"noopener\">Projeto prop\u00f5e mudan\u00e7as em leis para tentar reduzir crimes violentos, corrup\u00e7\u00e3o e criminalidade organizada; proposta foi criticada por muitos especialistas.<\/a><\/p>\n<p><strong>Brumadinho: Moradores denunciam que atestado de \u00f3bito omite trag\u00e9dia<\/strong><br \/>\n<a href=\"https:\/\/exame.abril.com.br\/brasil\/brumadinho-moradores-denunciam-que-atestado-de-obito-omite-tragedia\/\" target=\"_blank\" rel=\"noopener\">Documento que confirma a morte de v\u00edtimas do rompimento da barragem registra local da morte como &#8220;evento em Brumadinho&#8221;.<\/a><\/p>\n<p><strong>Bolsonaro diz que fun\u00e7\u00f5es fisiol\u00f3gicas est\u00e3o em plena evolu\u00e7\u00e3o<\/strong><br \/>\n<a href=\"https:\/\/exame.abril.com.br\/brasil\/bolsonaro-diz-que-funcoes-fisiologicas-estao-em-plena-evolucao\/\" target=\"_blank\" rel=\"noopener\">Boletim m\u00e9dico do hospital Albert Einstein atesta que quadro cl\u00ednico do presidente \u00e9 est\u00e1vel.<\/a><\/p>\n<p><strong>EUA oferecem suspens\u00e3o de san\u00e7\u00f5es a militares que abandonarem Maduro<\/strong><br \/>\n<a href=\"https:\/\/exame.abril.com.br\/mundo\/eua-oferecem-suspensao-de-sancoes-a-militares-que-abandonarem-maduro\/\" target=\"_blank\" rel=\"noopener\">Governo norte-americano est\u00e1 h\u00e1 mais de uma semana pedindo que militares venezuelanos rompam com Maduro e apoiem Guaid\u00f3.<\/a><\/p>\n<p><strong>Cristina Kirchner \u00e9 convocada a depor pela 2\u00aa vez em caso de corrup\u00e7\u00e3o<\/strong><br \/>\n<a href=\"https:\/\/exame.abril.com.br\/mundo\/cristina-kirchner-e-convocada-a-depor-pela-2a-vez-em-caso-de-corrupcao\/\" target=\"_blank\" rel=\"noopener\">Ex-presidente da Argentina \u00e9 acusada de liderar quadrilha para receber dinheiro de empres\u00e1rios em troca de favores pol\u00edticos.<\/a><\/p>\n<h3><\/h3>\n<h3>Enquanto voc\u00ea desligou&#8230;<\/h3>\n<p><strong>Copom mant\u00e9m juros inalterados em 6,5% pela s\u00e9tima vez seguida<\/strong><br \/>\n<a href=\"https:\/\/exame.abril.com.br\/economia\/copom-mantem-juros-inalterados-em-65-pela-setima-vez-seguida\/\" target=\"_blank\" rel=\"noopener\">A decis\u00e3o foi por unanimidade e veio de acordo com o esperado pelo mercado, de acordo com o \u00faltimo Boletim Focus.<\/a><\/p>\n<p><strong>Mesmo sem cortar Selic, Brasil cai de novo em ranking de juros reais<\/strong><br \/>\n<a href=\"https:\/\/exame.abril.com.br\/economia\/mesmo-sem-cortar-selic-brasil-cai-de-novo-em-ranking-de-juros-reais\/\" target=\"_blank\" rel=\"noopener\">O Brasil, que j\u00e1 chegou a ser l\u00edder absoluto em juros reais, hoje est\u00e1 atr\u00e1s de seis pa\u00edses: Turquia, Argentina, M\u00e9xico, R\u00fassia, Indon\u00e9sia e \u00cdndia.<\/a><\/p>\n<p><strong>Suspens\u00e3o e queda de quase 5%: mais um dia dif\u00edcil para a Vale na Bolsa<\/strong><br \/>\n<a href=\"https:\/\/exame.abril.com.br\/mercados\/suspensao-e-queda-de-quase-5-mais-um-dia-dificil-para-a-vale-na-bolsa\/\" target=\"_blank\" rel=\"noopener\">Mineradora foi impedida de operar a mina de Laranjeiras, em mais uma consequ\u00eancia do estouro da barragem em Brumadinho.<\/a><\/p>\n<p><strong>Tabela do frete elevou infla\u00e7\u00e3o e reduziu PIB em R$ 7 bilh\u00f5es, diz CNI<\/strong><br \/>\n<a href=\"https:\/\/exame.abril.com.br\/economia\/tabela-do-frete-elevou-inflacao-e-reduziu-pib-em-r-7-bilhoes-diz-cni\/\" target=\"_blank\" rel=\"noopener\">Tabele do frete rodovi\u00e1rio foi criada pelo governo federal para atender reivindica\u00e7\u00e3o dos caminhoneiros durante a greve que ocorreu no ano passado.<\/a><\/p>\n<p><strong>Danone e DPA, da Nestl\u00e9, podem entrar na lista do trabalho escravo<\/strong><br \/>\n<a href=\"https:\/\/exame.abril.com.br\/negocios\/danone-e-dpa-da-nestle-podem-entrar-na-lista-do-trabalho-escravo\/\" target=\"_blank\" rel=\"noopener\">Organiza\u00e7\u00f5es que aparecem na lista s\u00e3o proibidas de acessar linhas de cr\u00e9dito de bancos estatais e outras formas de financiamento p\u00fablico.<\/a><\/p>\n<p><strong>Brasileiros gastam R$ 661 a cada 3 meses com compras online<\/strong><br \/>\n<a href=\"https:\/\/exame.abril.com.br\/marketing\/brasileiros-gastam-r-661-a-cada-3-meses-com-compras-online\/\" target=\"_blank\" rel=\"noopener\">Consumidores com acesso a sites de compras online costumam se dividir entre os conscientes e os empolgados.<\/a><\/p>\n<p><strong>Empresa de cannabis aposta em maconha feita de cana-de-a\u00e7\u00facar<\/strong><br \/>\n<a href=\"https:\/\/exame.abril.com.br\/negocios\/empresa-de-cannabis-aposta-em-maconha-feita-de-cana-de-acucar\/\" target=\"_blank\" rel=\"noopener\">Um acordo de US$ 255 milh\u00f5es para converter a\u00e7\u00facar em produtos qu\u00edmicos de cannabis est\u00e1 abrindo as portas para uma era de maconha sem plantas.<\/a><\/p>\n<h3>Agenda<\/h3>\n<p>Nesta quinta-feira (7), ser\u00e3o divulgados nos EUA os pedidos por seguro-desemprego e os discursos de membros do FOMC. Na Zona do Euro, os destaques ser\u00e3o o relat\u00f3ria mensal do BCE e as proje\u00e7\u00f5es econ\u00f4micas da UE.<\/p>\n<p><br \/>\n<br \/><a href=\"https:\/\/exame.abril.com.br\/mercados\/e-tudo-para-ler-antes-da-bolsa-abrir\/\">Source link <\/a><\/p>\n","protected":false},"excerpt":{"rendered":"<p>S\u00e3o Paulo &#8211; Leia as principais not\u00edcias desta quinta-feira (7) para come\u00e7ar o dia bem informado: As quentes do dia &nbsp; Pol\u00edtica e mundo Vale sabia de problemas em sensores de barragem 2 dias antes de rompimento Informa\u00e7\u00f5es constam do depoimento do engenheiro Makoto Namba, coordenador de projetos da empresa T\u00fcv S\u00fcd, \u00e0 Pol\u00edcia Federal. [&hellip;]<\/p>\n","protected":false},"author":1,"featured_media":3008,"comment_status":"open","ping_status":"open","sticky":false,"template":"","format":"standard","meta":{"footnotes":""},"categories":[337],"tags":[],"class_list":["post-3596","post","type-post","status-publish","format-standard","has-post-thumbnail","hentry","category-noticias"],"_links":{"self":[{"href":"https:\/\/wiy.com.br\/noticias\/wp-json\/wp\/v2\/posts\/3596","targetHints":{"allow":["GET"]}}],"collection":[{"href":"https:\/\/wiy.com.br\/noticias\/wp-json\/wp\/v2\/posts"}],"about":[{"href":"https:\/\/wiy.com.br\/noticias\/wp-json\/wp\/v2\/types\/post"}],"author":[{"embeddable":true,"href":"https:\/\/wiy.com.br\/noticias\/wp-json\/wp\/v2\/users\/1"}],"replies":[{"embeddable":true,"href":"https:\/\/wiy.com.br\/noticias\/wp-json\/wp\/v2\/comments?post=3596"}],"version-history":[{"count":0,"href":"https:\/\/wiy.com.br\/noticias\/wp-json\/wp\/v2\/posts\/3596\/revisions"}],"wp:featuredmedia":[{"embeddable":true,"href":"https:\/\/wiy.com.br\/noticias\/wp-json\/wp\/v2\/media\/3008"}],"wp:attachment":[{"href":"https:\/\/wiy.com.br\/noticias\/wp-json\/wp\/v2\/media?parent=3596"}],"wp:term":[{"taxonomy":"category","embeddable":true,"href":"https:\/\/wiy.com.br\/noticias\/wp-json\/wp\/v2\/categories?post=3596"},{"taxonomy":"post_tag","embeddable":true,"href":"https:\/\/wiy.com.br\/noticias\/wp-json\/wp\/v2\/tags?post=3596"}],"curies":[{"name":"wp","href":"https:\/\/api.w.org\/{rel}","templated":true}]}}