{"id":35787,"date":"2023-02-26T14:54:14","date_gmt":"2023-02-26T17:54:14","guid":{"rendered":"https:\/\/wiy.com.br\/noticias\/bolsonaro-quer-acelerar-reforma-administrativa-com-emendas-em-projetos-do-congresso\/"},"modified":"2019-10-31T19:56:08","modified_gmt":"2019-10-31T22:56:08","slug":"bolsonaro-quer-acelerar-reforma-administrativa-com-emendas-em-projetos-do-congresso","status":"publish","type":"post","link":"https:\/\/wiy.com.br\/noticias\/bolsonaro-quer-acelerar-reforma-administrativa-com-emendas-em-projetos-do-congresso\/","title":{"rendered":"Bolsonaro quer acelerar reforma administrativa com emendas em projetos do Congresso"},"content":{"rendered":"<p> <br \/>\n<\/p>\n<div property=\"na:ArticleBody\">\n<p>BRAS\u00cdLIA \u2014 O presidente Jair <strong>Bolsonaro<\/strong> defendeu nesta quinta-feira aproveitar projetos que j\u00e1 est\u00e3o na <strong>C\u00e2mara <\/strong>para acelerar a tramita\u00e7\u00e3o da <strong>reforma administrativa<\/strong> . Segundo Bolsonaro, a ideia \u00e9 que parlamentares aliados ao governos apresentem emendas a propostas que j\u00e1 est\u00e3o tramitando. O presidente disse ainda que dever\u00e1 tratar do assunto com o ministro da Economia, <strong>Paulo Guedes<\/strong>, na segunda-feira.<\/p>\n<p>\u2014 Tem, tem reforma tramitando na C\u00e2mara, tem a nossa, que vai ficar pronta, devo despachar com o Paulo Guedes, com toda a certeza, na segunda-feira. Na minha opini\u00e3o, vamos aproveitar a que est\u00e1 andando, na minha opini\u00e3o, e buscar via parlamentares ligados a n\u00f3s emendar. No meu entender, a tramita\u00e7\u00e3o \u00e9 mais r\u00e1pida \u2014 disse Bolsonaro, na sa\u00edda do Pal\u00e1cio da Alvorada, ao ser questionado sobre o envio da proposta.<\/p>\n<p>Bolsonaro recebeu nesta quinta-feira o presidente do Senado, Davi Alcolumbre (DEM-AP), e o l\u00edder do governo no Senado, Fernando Bezerra Coelho (MDB-PE). De acordo com ele, foram discutidas as reformas administrativa e tribut\u00e1ria, entre outros assuntos.<\/p>\n<p>O presidente afirmou ainda que deve apresentar na semana que vem o projeto de pacto federativo, que prev\u00ea medidas para compartilhar recursos com estados e munic\u00edpios e a\u00e7\u00f5es para reduzir despesas obrigat\u00f3rias. Ele respondeu \u00e0 pergunta de uma pessoa que se identificou como prefeita, mas sem dizer da onde, e queria saber se a proposta ser\u00e1 aprovada at\u00e9 ano que vem.<\/p>\n<p>\u2014 Olha, a ideia \u00e9 apresentar semana que vem, para exatamente dar uma folga or\u00e7ament\u00e1ria para voc\u00eas.<\/p>\n<p><em>Envie den\u00fancias, informa\u00e7\u00f5es, v\u00eddeos e imagens para o <a href=\"https:\/\/wa.me\/5521996441263\" target=\"_blank\" title=\"\" rel=\"noopener noreferrer\">Whatsapp do Extra<\/a> (21 99644 1263)<\/em><\/p>\n<\/p><\/div>\n<p><script>\n\t\t\t$(document).ready(function() {\n\t\t\t\t$.ajaxSetup({ cache: true });\n\t\t\t\t$.getScript('\/\/connect.facebook.net\/pt_BR\/sdk.js', function(){\n\t\t\t\t\tFB.init({\n\t\t\t\t\t\txfbml      : true,\n\t\t\t\t\t\tversion    : 'v2.5'\n\t\t\t\t\t});\n\t\t\t\t});\n\t\t\t});\n\t\t<\/script><br \/>\n<br \/><br \/>\n<br \/><a href=\"https:\/\/extra.globo.com\/noticias\/economia\/bolsonaro-quer-acelerar-reforma-administrativa-com-emendas-em-projetos-do-congresso-24054567.html\">Fonte do Artigo <\/a><br \/>\nTags:<\/p>\n<p><a href=\"https:\/\/wiy.com.br\/noticias\/categoria\/noticias\/\">#noticia<\/a> <a href=\"https:\/\/wiy.com.br\/noticias\/categoria\/noticias\/\">#novidades<\/a> <a href=\"https:\/\/wiy.com.br\/noticias\/categoria\/noticias\/\">#noticias<\/a> <a href=\"https:\/\/wiy.com.br\/noticias\/categoria\/noticias\/\">#venezuela<\/a> <a href=\"https:\/\/wiy.com.br\/noticias\/categoria\/noticias\/\">#seo<\/a> <a href=\"https:\/\/wiy.com.br\/noticias\/categoria\/noticias\/\">#instagram<\/a> <a href=\"https:\/\/wiy.com.br\/noticias\/categoria\/noticias\/\">#cicpc<\/a> <a href=\"https:\/\/wiy.com.br\/noticias\/categoria\/noticias\/\">#policia<\/a> <a href=\"https:\/\/wiy.com.br\/noticias\/categoria\/noticias\/\">#ultimahora<\/a> <a href=\"https:\/\/wiy.com.br\/noticias\/categoria\/noticias\/\">#seguridade<\/a> <a href=\"https:\/\/wiy.com.br\/noticias\/categoria\/noticias\/\">#informacao<\/a> <a href=\"https:\/\/wiy.com.br\/noticias\/categoria\/noticias\/\">#paz<\/a> <a href=\"https:\/\/wiy.com.br\/noticias\/categoria\/noticias\/\">#urgente<\/a> <a href=\"https:\/\/wiy.com.br\/noticias\/categoria\/noticias\/\">#policiacientifica<\/a> <a href=\"https:\/\/wiy.com.br\/noticias\/categoria\/noticias\/\">#criminalisticcicpc<\/a> <a href=\"https:\/\/wiy.com.br\/noticias\/categoria\/noticias\/\">#crimes<\/a> <a href=\"https:\/\/wiy.com.br\/noticias\/categoria\/noticias\/\">#extra<\/a> <a href=\"https:\/\/wiy.com.br\/noticias\/categoria\/noticias\/\">#ultimahoranoticia<\/a> <a href=\"https:\/\/wiy.com.br\/noticias\/categoria\/noticias\/\">#brazil247<\/a> <a href=\"https:\/\/wiy.com.br\/noticias\/categoria\/noticias\/\">#governo<\/a> <a href=\"https:\/\/wiy.com.br\/noticias\/categoria\/noticias\/\">#brasil247<\/a> <a href=\"https:\/\/wiy.com.br\/noticias\/categoria\/noticias\/\">#bolsonaro<\/a> <a href=\"https:\/\/wiy.com.br\/noticias\/categoria\/noticias\/\">#jornalismo<\/a> <a href=\"https:\/\/wiy.com.br\/noticias\/categoria\/noticias\/\">#informacoes<\/a> <a href=\"https:\/\/wiy.com.br\/noticias\/categoria\/noticias\/\">#news<\/a> <a href=\"https:\/\/wiy.com.br\/noticias\/categoria\/noticias\/\">#jornal<\/a> <a href=\"https:\/\/wiy.com.br\/noticias\/categoria\/noticias\/\">#tiktok<\/a> <a href=\"https:\/\/wiy.com.br\/noticias\/categoria\/noticias\/\">#fgts<\/a> <a href=\"https:\/\/wiy.com.br\/noticias\/categoria\/noticias\/\">#pis<\/a> <a href=\"https:\/\/wiy.com.br\/noticias\/categoria\/noticias\/\">#caixa<\/a> <a href=\"https:\/\/wiy.com.br\/noticias\/categoria\/noticias\/\">#loterias<\/a> <a href=\"https:\/\/wiy.com.br\/noticias\/categoria\/noticias\/\">#megasena<\/a> <a href=\"https:\/\/wiy.com.br\/noticias\/categoria\/noticias\/\">#lotofacil<\/a> <a href=\"https:\/\/wiy.com.br\/noticias\/categoria\/noticias\/\">#megamania<\/a> <a href=\"https:\/\/wiy.com.br\/noticias\/categoria\/noticias\/\">#sus<\/a> <a href=\"https:\/\/wiy.com.br\/noticias\/categoria\/noticias\/\">#ibge<\/a><\/p>\n","protected":false},"excerpt":{"rendered":"<p>BRAS\u00cdLIA \u2014 O presidente Jair Bolsonaro defendeu nesta quinta-feira aproveitar projetos que j\u00e1 est\u00e3o na C\u00e2mara para acelerar a tramita\u00e7\u00e3o da reforma administrativa . Segundo Bolsonaro, a ideia \u00e9 que parlamentares aliados ao governos apresentem emendas a propostas que j\u00e1 est\u00e3o tramitando. O presidente disse ainda que dever\u00e1 tratar do assunto com o ministro da [&hellip;]<\/p>\n","protected":false},"author":1,"featured_media":0,"comment_status":"open","ping_status":"open","sticky":false,"template":"","format":"standard","meta":{"footnotes":""},"categories":[337],"tags":[],"class_list":["post-35787","post","type-post","status-publish","format-standard","hentry","category-noticias"],"_links":{"self":[{"href":"https:\/\/wiy.com.br\/noticias\/wp-json\/wp\/v2\/posts\/35787","targetHints":{"allow":["GET"]}}],"collection":[{"href":"https:\/\/wiy.com.br\/noticias\/wp-json\/wp\/v2\/posts"}],"about":[{"href":"https:\/\/wiy.com.br\/noticias\/wp-json\/wp\/v2\/types\/post"}],"author":[{"embeddable":true,"href":"https:\/\/wiy.com.br\/noticias\/wp-json\/wp\/v2\/users\/1"}],"replies":[{"embeddable":true,"href":"https:\/\/wiy.com.br\/noticias\/wp-json\/wp\/v2\/comments?post=35787"}],"version-history":[{"count":0,"href":"https:\/\/wiy.com.br\/noticias\/wp-json\/wp\/v2\/posts\/35787\/revisions"}],"wp:attachment":[{"href":"https:\/\/wiy.com.br\/noticias\/wp-json\/wp\/v2\/media?parent=35787"}],"wp:term":[{"taxonomy":"category","embeddable":true,"href":"https:\/\/wiy.com.br\/noticias\/wp-json\/wp\/v2\/categories?post=35787"},{"taxonomy":"post_tag","embeddable":true,"href":"https:\/\/wiy.com.br\/noticias\/wp-json\/wp\/v2\/tags?post=35787"}],"curies":[{"name":"wp","href":"https:\/\/api.w.org\/{rel}","templated":true}]}}