{"id":35682,"date":"2023-02-26T15:24:31","date_gmt":"2023-02-26T18:24:31","guid":{"rendered":"https:\/\/wiy.com.br\/noticias\/vasco-leva-choque-de-realidade-e-perde-para-o-gremio-por-3-a-1-em-sao-januario\/"},"modified":"2019-10-30T23:34:19","modified_gmt":"2019-10-31T02:34:19","slug":"vasco-leva-choque-de-realidade-e-perde-para-o-gremio-por-3-a-1-em-sao-januario","status":"publish","type":"post","link":"https:\/\/wiy.com.br\/noticias\/vasco-leva-choque-de-realidade-e-perde-para-o-gremio-por-3-a-1-em-sao-januario\/","title":{"rendered":"Vasco leva choque de realidade e perde para o Gr\u00eamio por 3 a 1 em S\u00e3o Janu\u00e1rio"},"content":{"rendered":"<p> <br \/>\n<\/p>\n<div property=\"na:ArticleBody\">\n<p>Existe uma zona cinzenta entre quem briga por uma vaga na Libertadores e quem luta para n\u00e3o ser rebaixado no Campeonato Brasileiro, um limbo de objetivos, onde o que importa \u00e9 a contagem regressiva para o fim da temporada. O Vasco parece fadado a ocup\u00e1-la. Nesta quarta-eira, a equipe enfrentou o Gr\u00eamio em S\u00e3o Janu\u00e1rio. Foi dominada na maior parte do tempo e perdeu por 3 a 1, a despeito dos seis desfalques que pesaram sobre a escala\u00e7\u00e3o do rival.<\/p>\n<p>N\u00e3o \u00e9 que a equipe tenha atuado mal na Colina. \u00c9 mais uma quest\u00e3o de realidade, de que o Gr\u00eamio, mesmo t\u00e3o desfalcado, ainda \u00e9 melhor. A aplica\u00e7\u00e3o t\u00e1tica esteve l\u00e1, a entrega, tamb\u00e9m. Teve at\u00e9 sorte, quando Guar\u00edn abriu o placar numa cobran\u00e7a de falta mediana que entrou gra\u00e7as \u00e0 falha de Paulo Victor.<\/p>\n<p>Mas depois disso o time ga\u00facho foi se impondo, e impondo, at\u00e9 que os gols sa\u00edram naturalmente. Primeiro, com uma finaliza\u00e7\u00e3o de fora da \u00e1rea de Pep\u00ea. Depois, j\u00e1 no segundo tempo, com um belo gol de Everton que come\u00e7ou a ser constru\u00eddo quando Richard n\u00e3o soube o que fazer com a bola e acabou desarmado.<\/p>\n<p>O Vasco levou perigo com Guar\u00edn, outras duas vezes, com uma cabe\u00e7ada de Marrony no travess\u00e3o e duas finaliza\u00e7\u00f5es perigosas do atacante. O time n\u00e3o jogou mal como o placar passou a dizer depois que o Gr\u00eamio marcou o terceiro, em cobran\u00e7a de p\u00eanalti convertida por Luciano.<\/p>\n<p>Com o resultado, o time de Vanderlei Luxemburgo permaneceu com 38 pontos e est\u00e1 na 11\u00aa coloca\u00e7\u00e3o. O fim da rodada na quinta-feira dar\u00e1 uma no\u00e7\u00e3o melhor de qual \u00e9 a situa\u00e7\u00e3o nesta zona cinzenta do Campeonato Brasileiro. Na partida que vem, s\u00e1bado, enfrentar\u00e1 o Fluminense no Maracan\u00e3.<\/p>\n<p>&#8211; Agora \u00e9 lamber as feridas. Abrir o placar, o Gr\u00eamio correu atr\u00e1s e n\u00e3o conseguimos empatar. Sab\u00edamos que seria um jogo muito dif\u00edcil e teremos outro jogo complicado pela frente &#8211; resumiu o zagueiro Leandro Castan.<\/p>\n<div id=\"selo-em-artigo\" class=\"facebook\">\n<figure><a href=\"https:\/\/www.facebook.com\/jornalextra\" rel=\"nofollow noopener noreferrer\" target=\"_blank\"> <img title = \"[Tags]\"decoding=\"async\" src=\"http:\/\/extra.globo.com\/img\/6b9\/2014\/11\/5\/9\/xSelo-Facebook-448pxWeb.jpg.pagespeed.ic.sbRF35PtrK.jpg\"alt = \"xSelo-Facebook-448pxWeb.jpg.pagespeed.ic.sbRF35PtrK Vasco leva choque de realidade e perde para o Gr\u00eamio por 3 a 1 em S\u00e3o Janu\u00e1rio\"\/><\/a> <\/figure>\n<\/div><\/div>\n<p><script>\n\t\t\t$(document).ready(function() {\n\t\t\t\t$.ajaxSetup({ cache: true });\n\t\t\t\t$.getScript('\/\/connect.facebook.net\/pt_BR\/sdk.js', function(){\n\t\t\t\t\tFB.init({\n\t\t\t\t\t\txfbml      : true,\n\t\t\t\t\t\tversion    : 'v2.5'\n\t\t\t\t\t});\n\t\t\t\t});\n\t\t\t});\n\t\t<\/script><br \/>\n<br \/><br \/>\n<br \/><a href=\"https:\/\/extra.globo.com\/esporte\/vasco\/vasco-leva-choque-de-realidade-perde-para-gremio-por-3-1-em-sao-januario-24052637.html\">Fonte do Artigo <\/a><br \/>\nTags:<\/p>\n<p><a href=\"https:\/\/wiy.com.br\/noticias\/categoria\/noticias\/\">#noticia<\/a> <a href=\"https:\/\/wiy.com.br\/noticias\/categoria\/noticias\/\">#novidades<\/a> <a href=\"https:\/\/wiy.com.br\/noticias\/categoria\/noticias\/\">#noticias<\/a> <a href=\"https:\/\/wiy.com.br\/noticias\/categoria\/noticias\/\">#venezuela<\/a> <a href=\"https:\/\/wiy.com.br\/noticias\/categoria\/noticias\/\">#seo<\/a> <a href=\"https:\/\/wiy.com.br\/noticias\/categoria\/noticias\/\">#instagram<\/a> <a href=\"https:\/\/wiy.com.br\/noticias\/categoria\/noticias\/\">#cicpc<\/a> <a href=\"https:\/\/wiy.com.br\/noticias\/categoria\/noticias\/\">#policia<\/a> <a href=\"https:\/\/wiy.com.br\/noticias\/categoria\/noticias\/\">#ultimahora<\/a> <a href=\"https:\/\/wiy.com.br\/noticias\/categoria\/noticias\/\">#seguridade<\/a> <a href=\"https:\/\/wiy.com.br\/noticias\/categoria\/noticias\/\">#informacao<\/a> <a href=\"https:\/\/wiy.com.br\/noticias\/categoria\/noticias\/\">#paz<\/a> <a href=\"https:\/\/wiy.com.br\/noticias\/categoria\/noticias\/\">#urgente<\/a> <a href=\"https:\/\/wiy.com.br\/noticias\/categoria\/noticias\/\">#policiacientifica<\/a> <a href=\"https:\/\/wiy.com.br\/noticias\/categoria\/noticias\/\">#criminalisticcicpc<\/a> <a href=\"https:\/\/wiy.com.br\/noticias\/categoria\/noticias\/\">#crimes<\/a> <a href=\"https:\/\/wiy.com.br\/noticias\/categoria\/noticias\/\">#extra<\/a> <a href=\"https:\/\/wiy.com.br\/noticias\/categoria\/noticias\/\">#ultimahoranoticia<\/a> <a href=\"https:\/\/wiy.com.br\/noticias\/categoria\/noticias\/\">#brazil247<\/a> <a href=\"https:\/\/wiy.com.br\/noticias\/categoria\/noticias\/\">#governo<\/a> <a href=\"https:\/\/wiy.com.br\/noticias\/categoria\/noticias\/\">#brasil247<\/a> <a href=\"https:\/\/wiy.com.br\/noticias\/categoria\/noticias\/\">#bolsonaro<\/a> <a href=\"https:\/\/wiy.com.br\/noticias\/categoria\/noticias\/\">#jornalismo<\/a> <a href=\"https:\/\/wiy.com.br\/noticias\/categoria\/noticias\/\">#informacoes<\/a> <a href=\"https:\/\/wiy.com.br\/noticias\/categoria\/noticias\/\">#news<\/a> <a href=\"https:\/\/wiy.com.br\/noticias\/categoria\/noticias\/\">#jornal<\/a> <a href=\"https:\/\/wiy.com.br\/noticias\/categoria\/noticias\/\">#tiktok<\/a> <a href=\"https:\/\/wiy.com.br\/noticias\/categoria\/noticias\/\">#fgts<\/a> <a href=\"https:\/\/wiy.com.br\/noticias\/categoria\/noticias\/\">#pis<\/a> <a href=\"https:\/\/wiy.com.br\/noticias\/categoria\/noticias\/\">#caixa<\/a> <a href=\"https:\/\/wiy.com.br\/noticias\/categoria\/noticias\/\">#loterias<\/a> <a href=\"https:\/\/wiy.com.br\/noticias\/categoria\/noticias\/\">#megasena<\/a> <a href=\"https:\/\/wiy.com.br\/noticias\/categoria\/noticias\/\">#lotofacil<\/a> <a href=\"https:\/\/wiy.com.br\/noticias\/categoria\/noticias\/\">#megamania<\/a> <a href=\"https:\/\/wiy.com.br\/noticias\/categoria\/noticias\/\">#sus<\/a> <a href=\"https:\/\/wiy.com.br\/noticias\/categoria\/noticias\/\">#ibge<\/a><\/p>\n","protected":false},"excerpt":{"rendered":"<p>Existe uma zona cinzenta entre quem briga por uma vaga na Libertadores e quem luta para n\u00e3o ser rebaixado no Campeonato Brasileiro, um limbo de objetivos, onde o que importa \u00e9 a contagem regressiva para o fim da temporada. O Vasco parece fadado a ocup\u00e1-la. Nesta quarta-eira, a equipe enfrentou o Gr\u00eamio em S\u00e3o Janu\u00e1rio. [&hellip;]<\/p>\n","protected":false},"author":1,"featured_media":32354,"comment_status":"open","ping_status":"open","sticky":false,"template":"","format":"standard","meta":{"footnotes":""},"categories":[337],"tags":[],"class_list":["post-35682","post","type-post","status-publish","format-standard","has-post-thumbnail","hentry","category-noticias"],"_links":{"self":[{"href":"https:\/\/wiy.com.br\/noticias\/wp-json\/wp\/v2\/posts\/35682","targetHints":{"allow":["GET"]}}],"collection":[{"href":"https:\/\/wiy.com.br\/noticias\/wp-json\/wp\/v2\/posts"}],"about":[{"href":"https:\/\/wiy.com.br\/noticias\/wp-json\/wp\/v2\/types\/post"}],"author":[{"embeddable":true,"href":"https:\/\/wiy.com.br\/noticias\/wp-json\/wp\/v2\/users\/1"}],"replies":[{"embeddable":true,"href":"https:\/\/wiy.com.br\/noticias\/wp-json\/wp\/v2\/comments?post=35682"}],"version-history":[{"count":0,"href":"https:\/\/wiy.com.br\/noticias\/wp-json\/wp\/v2\/posts\/35682\/revisions"}],"wp:featuredmedia":[{"embeddable":true,"href":"https:\/\/wiy.com.br\/noticias\/wp-json\/wp\/v2\/media\/32354"}],"wp:attachment":[{"href":"https:\/\/wiy.com.br\/noticias\/wp-json\/wp\/v2\/media?parent=35682"}],"wp:term":[{"taxonomy":"category","embeddable":true,"href":"https:\/\/wiy.com.br\/noticias\/wp-json\/wp\/v2\/categories?post=35682"},{"taxonomy":"post_tag","embeddable":true,"href":"https:\/\/wiy.com.br\/noticias\/wp-json\/wp\/v2\/tags?post=35682"}],"curies":[{"name":"wp","href":"https:\/\/api.w.org\/{rel}","templated":true}]}}