{"id":35663,"date":"2023-02-26T15:05:16","date_gmt":"2023-02-26T18:05:16","guid":{"rendered":"https:\/\/wiy.com.br\/noticias\/pec-limita-a-dez-anos-mandato-no-stf-mas-so-apos-indicacoes-de-bolsonaro\/"},"modified":"2019-10-30T20:38:06","modified_gmt":"2019-10-30T23:38:06","slug":"pec-limita-a-dez-anos-mandato-no-stf-mas-so-apos-indicacoes-de-bolsonaro","status":"publish","type":"post","link":"https:\/\/wiy.com.br\/noticias\/pec-limita-a-dez-anos-mandato-no-stf-mas-so-apos-indicacoes-de-bolsonaro\/","title":{"rendered":"PEC limita a dez anos mandato no STF, mas s\u00f3 ap\u00f3s indica\u00e7\u00f5es de Bolsonaro"},"content":{"rendered":"<p> <br \/>\n<\/p>\n<p>O senador Antonio Anastasia (PSDB-MG) finalizou o relat\u00f3rio sobre a proposta que institui mandato para ministros do <strong><a href=\"https:\/\/exame.abril.com.br\/noticias-sobre\/stf\">Supremo Tribunal Federal<\/a><\/strong> (STF). No parecer, o parlamentar delimita o prazo de dez anos para o magistrado ocupar uma cadeira no Supremo e obriga o presidente da Rep\u00fablica a escolher o nome com base em uma lista tr\u00edplice.<\/p>\n<p>Atualmente, os ministros do STF podem ficar no cargo at\u00e9 a aposentadoria compuls\u00f3ria, aos 75 anos. A mudan\u00e7a, de acordo com o relat\u00f3rio, valeria apenas para indicados ap\u00f3s o mandato atual do presidente Jair Bolsonaro.<\/p>\n<p>Os atuais integrantes da Corte e os dois nomes a serem indicados por Bolsonaro at\u00e9 o final de sua gest\u00e3o n\u00e3o se enquadrariam nas novas regras.<\/p>\n<p>O parecer de Anastasia tamb\u00e9m mexe nos crit\u00e9rios da indica\u00e7\u00e3o. A proposta obriga o presidente da Rep\u00fablica a escolher o nome de uma lista tr\u00edplice formada por um membro do Judici\u00e1rio (indicado pelo pr\u00f3prio Supremo), outro do Minist\u00e9rio P\u00fablico (indicado pela Procuradoria-Geral da Rep\u00fablica) e um jurista (escolhido pela Ordem dos Advogados do Brasil).<\/p>\n<div class=\"widget-news widget-box no-margin no-border\"><span class=\"widget-news-title content-box-title\">Veja tamb\u00e9m<\/span><\/p>\n<ul class=\"widget-news-list\">\n<li class=\"widget-news-item without-thumb with-border\">\n<div class=\"widget-news-info\"><a href=\"http:\/\/exame.abril.com.br\/brasil\">BRASIL<\/a><span class=\"widget-news-item-title\"><a href=\"https:\/\/exame.abril.com.br\/brasil\/e-raro-decisao-do-stf-mudar-condenacao-afirma-carmen-lucia\/\">\u00c9 raro decis\u00e3o do STF mudar condena\u00e7\u00e3o, afirma Carmen L\u00facia<\/a><\/span><span class=\"widget-news-item-date\">30 out 2019 &#8211; 13h10<\/span><\/div>\n<\/li>\n<li class=\"widget-news-item without-thumb with-border\">\n<div class=\"widget-news-info\"><a href=\"http:\/\/exame.abril.com.br\/brasil\">BRASIL<\/a><span class=\"widget-news-item-title\"><a href=\"https:\/\/exame.abril.com.br\/brasil\/edson-fachin-arquiva-pedido-de-impeachment-de-ricardo-salles\/\">Edson Fachin arquiva pedido de impeachment de Ricardo Salles<\/a><\/span><span class=\"widget-news-item-date\">30 out 2019 &#8211; 11h10<\/span><\/div>\n<\/li>\n<li class=\"widget-news-item without-thumb with-border\">\n<div class=\"widget-news-info\"><a href=\"http:\/\/exame.abril.com.br\/brasil\">BRASIL<\/a><span class=\"widget-news-item-title\"><a href=\"https:\/\/exame.abril.com.br\/brasil\/apos-desculpas-de-bolsonaro-assessor-repete-comparacao-com-hienas\/\">Ap\u00f3s desculpas de Bolsonaro, assessor repete compara\u00e7\u00e3o com hienas<\/a><\/span><span class=\"widget-news-item-date\">29 out 2019 &#8211; 17h10<\/span><\/div>\n<\/li>\n<\/ul>\n<\/div>\n<p>De acordo com o texto, o indicado precisar\u00e1 ter mais de 35 e menos de 65 anos, not\u00e1vel saber jur\u00eddico, reputa\u00e7\u00e3o ilibada e pelo menos 15 anos de atividade jur\u00eddica &#8211; atualmente esse tempo de exerc\u00edcio n\u00e3o \u00e9 exigido. O presidente da Rep\u00fablica deve encaminhar a indica\u00e7\u00e3o ao Senado em at\u00e9 30 dias ap\u00f3s o recebimento da lista.<\/p>\n<p>O Senado continuaria tendo a fun\u00e7\u00e3o de aprovar o escolhido por maioria dos votos entre os parlamentares ap\u00f3s sabatina. Se o presidente n\u00e3o encaminhar a indica\u00e7\u00e3o 30 dias ap\u00f3s o envio da lista tr\u00edplice, estabelece o relat\u00f3rio, o Senado escolheria um dos nomes ap\u00f3s ouvir os indicados.<\/p>\n<p>A proposta foi apresentada pelo senador Lasier Martins (Pode-RS) e se juntou a outros textos sobre o mesmo tema no Senado. Conforme o Broadcast Pol\u00edtico revelou em setembro, a PEC passou a ser uma das bandeiras do grupo &#8220;Muda, Senado&#8221;, que comp\u00f5e defensores da Opera\u00e7\u00e3o Lava Jato na Casa.<\/p>\n<p><br \/>\n<br \/><a href=\"https:\/\/exame.abril.com.br\/brasil\/pec-limita-mandato-de-dez-anos-no-stf-mas-so-apos-indicacoes-de-bolsonaro\/\">Fonte do artigo <\/a><br \/>\nTags:<br \/>\n#politica #political #negocios #business #marketingdigital #empreendedorismo #marketing #emprendedores #empreender #sucesso #empresas #emprendimiento #emprendedor #empreendedor #emprender #dinheiro #dinero #empresario #vendas #liderazgo #motivacion #foco #motivacao #negocio #brasil<\/p>\n","protected":false},"excerpt":{"rendered":"<p>O senador Antonio Anastasia (PSDB-MG) finalizou o relat\u00f3rio sobre a proposta que institui mandato para ministros do Supremo Tribunal Federal (STF). No parecer, o parlamentar delimita o prazo de dez anos para o magistrado ocupar uma cadeira no Supremo e obriga o presidente da Rep\u00fablica a escolher o nome com base em uma lista tr\u00edplice. [&hellip;]<\/p>\n","protected":false},"author":1,"featured_media":35664,"comment_status":"open","ping_status":"open","sticky":false,"template":"","format":"standard","meta":{"footnotes":""},"categories":[1],"tags":[],"class_list":["post-35663","post","type-post","status-publish","format-standard","has-post-thumbnail","hentry","category-curso-de-copy"],"_links":{"self":[{"href":"https:\/\/wiy.com.br\/noticias\/wp-json\/wp\/v2\/posts\/35663","targetHints":{"allow":["GET"]}}],"collection":[{"href":"https:\/\/wiy.com.br\/noticias\/wp-json\/wp\/v2\/posts"}],"about":[{"href":"https:\/\/wiy.com.br\/noticias\/wp-json\/wp\/v2\/types\/post"}],"author":[{"embeddable":true,"href":"https:\/\/wiy.com.br\/noticias\/wp-json\/wp\/v2\/users\/1"}],"replies":[{"embeddable":true,"href":"https:\/\/wiy.com.br\/noticias\/wp-json\/wp\/v2\/comments?post=35663"}],"version-history":[{"count":0,"href":"https:\/\/wiy.com.br\/noticias\/wp-json\/wp\/v2\/posts\/35663\/revisions"}],"wp:featuredmedia":[{"embeddable":true,"href":"https:\/\/wiy.com.br\/noticias\/wp-json\/wp\/v2\/media\/35664"}],"wp:attachment":[{"href":"https:\/\/wiy.com.br\/noticias\/wp-json\/wp\/v2\/media?parent=35663"}],"wp:term":[{"taxonomy":"category","embeddable":true,"href":"https:\/\/wiy.com.br\/noticias\/wp-json\/wp\/v2\/categories?post=35663"},{"taxonomy":"post_tag","embeddable":true,"href":"https:\/\/wiy.com.br\/noticias\/wp-json\/wp\/v2\/tags?post=35663"}],"curies":[{"name":"wp","href":"https:\/\/api.w.org\/{rel}","templated":true}]}}