{"id":35444,"date":"2023-02-26T15:46:19","date_gmt":"2023-02-26T18:46:19","guid":{"rendered":"https:\/\/wiy.com.br\/noticias\/famosos-dao-adeus-jorge-fernando-no-rio-mae-do-diretor-chegou-ao-velorio-de-cadeira-de-rodas\/"},"modified":"2019-10-29T09:56:21","modified_gmt":"2019-10-29T12:56:21","slug":"famosos-dao-adeus-jorge-fernando-no-rio-mae-do-diretor-chegou-ao-velorio-de-cadeira-de-rodas","status":"publish","type":"post","link":"https:\/\/wiy.com.br\/noticias\/famosos-dao-adeus-jorge-fernando-no-rio-mae-do-diretor-chegou-ao-velorio-de-cadeira-de-rodas\/","title":{"rendered":"Famosos d\u00e3o adeus Jorge Fernando no Rio; m\u00e3e do diretor chegou ao vel\u00f3rio de cadeira de rodas"},"content":{"rendered":"<p> <br \/>\n<\/p>\n<div property=\"na:ArticleBody\">\n<p><strong>Marieta Severo<\/strong> foi uma das artistas presentes na manh\u00e3 desta ter\u00e7a-feira na Sala Mar\u00edlia P\u00eara, no Teatro Leblon, onde acontece o vel\u00f3rio do diretor <strong>Jorge Fernando<\/strong>, que morreu ap\u00f3s sofrer uma parada card\u00edaca no \u00faltimo domingo, aos 64 anos. <\/p>\n<p>A atriz cumprimentou a m\u00e3e de Jorge Fernando, a tamb\u00e9m atriz <strong>Hilda Rebello<\/strong>, de 95 anos. Segundo o G1, Hilda chegou na cerim\u00f4nia de cadeira de rodas.<\/p>\n<p><figure><img title = \"[Tags]\"decoding=\"async\" class=\"inline\" src=\"https:\/\/extra.globo.com\/incoming\/24048268-cd8-f58\/w448\/85423058_scrio-29-10-2019-jorge-fernandoveloriovelorio-do-ator-e-diretor-jorge-fernan.jpg\"alt = \"85423058_scrio-29-10-2019-jorge-fernandoveloriovelorio-do-ator-e-diretor-jorge-fernan Famosos d\u00e3o adeus Jorge Fernando no Rio; m\u00e3e do diretor chegou ao vel\u00f3rio de cadeira de rodas\"\/><figcaption>Vel\u00f3rio do ator e diretor Jorge Fernando na Sala Mar\u00edlia P\u00eara, no Teatro Leblon, na Zona Sul do Rio Foto: Pablo Jacob \/ Pablo Jacob<\/figcaption><\/figure>\n<p> O vel\u00f3rio do corpo do ator e diretor<a href=\"https:\/\/g1.globo.com\/rj\/rio-de-janeiro\/noticia\/2019\/10\/29\/corpo-do-diretor-jorge-fernando-e-velado-em-teatro-na-zona-sul-do-rio.ghtml\" target=\"_blank\"\/ rel=\"noopener noreferrer\"> foi aberto ao p\u00fablico \u00e0s 8h30 desta ter\u00e7a. Das 10h ao meio-dia, a despedida ser\u00e1 fechada somente para parentes e amigos pr\u00f3ximos. <\/p>\n<p>O corpo do artista ser\u00e1 cremado \u00e0s 13h desta ter\u00e7a-feira na Capela Ecum\u00eanica do Cemit\u00e9rio da Penit\u00eancia, no Caju, na Zona Portu\u00e1ria do Rio. O vel\u00f3rio tamb\u00e9m seria realizado no cemit\u00e9rio, por\u00e9m o local foi alterado na tarde de segunda-feira.<\/p>\n<\/p><\/div>\n<p><script>\n\t\t\t$(document).ready(function() {\n\t\t\t\t$.ajaxSetup({ cache: true });\n\t\t\t\t$.getScript('\/\/connect.facebook.net\/pt_BR\/sdk.js', function(){\n\t\t\t\t\tFB.init({\n\t\t\t\t\t\txfbml      : true,\n\t\t\t\t\t\tversion    : 'v2.5'\n\t\t\t\t\t});\n\t\t\t\t});\n\t\t\t});\n\t\t<\/script><br \/>\n<br \/><br \/>\n<br \/><a href=\"https:\/\/extra.globo.com\/tv-e-lazer\/famosos-dao-adeus-jorge-fernando-no-rio-mae-do-diretor-chegou-ao-velorio-de-cadeira-de-rodas-24048246.html\">Fonte do Artigo <\/a><br \/>\nTags:<\/p>\n<p><a href=\"https:\/\/wiy.com.br\/noticias\/categoria\/noticias\/\">#noticia<\/a> <a href=\"https:\/\/wiy.com.br\/noticias\/categoria\/noticias\/\">#novidades<\/a> <a href=\"https:\/\/wiy.com.br\/noticias\/categoria\/noticias\/\">#noticias<\/a> <a href=\"https:\/\/wiy.com.br\/noticias\/categoria\/noticias\/\">#venezuela<\/a> <a href=\"https:\/\/wiy.com.br\/noticias\/categoria\/noticias\/\">#seo<\/a> <a href=\"https:\/\/wiy.com.br\/noticias\/categoria\/noticias\/\">#instagram<\/a> <a href=\"https:\/\/wiy.com.br\/noticias\/categoria\/noticias\/\">#cicpc<\/a> <a href=\"https:\/\/wiy.com.br\/noticias\/categoria\/noticias\/\">#policia<\/a> <a href=\"https:\/\/wiy.com.br\/noticias\/categoria\/noticias\/\">#ultimahora<\/a> <a href=\"https:\/\/wiy.com.br\/noticias\/categoria\/noticias\/\">#seguridade<\/a> <a href=\"https:\/\/wiy.com.br\/noticias\/categoria\/noticias\/\">#informacao<\/a> <a href=\"https:\/\/wiy.com.br\/noticias\/categoria\/noticias\/\">#paz<\/a> <a href=\"https:\/\/wiy.com.br\/noticias\/categoria\/noticias\/\">#urgente<\/a> <a href=\"https:\/\/wiy.com.br\/noticias\/categoria\/noticias\/\">#policiacientifica<\/a> <a href=\"https:\/\/wiy.com.br\/noticias\/categoria\/noticias\/\">#criminalisticcicpc<\/a> <a href=\"https:\/\/wiy.com.br\/noticias\/categoria\/noticias\/\">#crimes<\/a> <a href=\"https:\/\/wiy.com.br\/noticias\/categoria\/noticias\/\">#extra<\/a> <a href=\"https:\/\/wiy.com.br\/noticias\/categoria\/noticias\/\">#ultimahoranoticia<\/a> <a href=\"https:\/\/wiy.com.br\/noticias\/categoria\/noticias\/\">#brazil247<\/a> <a href=\"https:\/\/wiy.com.br\/noticias\/categoria\/noticias\/\">#governo<\/a> <a href=\"https:\/\/wiy.com.br\/noticias\/categoria\/noticias\/\">#brasil247<\/a> <a href=\"https:\/\/wiy.com.br\/noticias\/categoria\/noticias\/\">#bolsonaro<\/a> <a href=\"https:\/\/wiy.com.br\/noticias\/categoria\/noticias\/\">#jornalismo<\/a> <a href=\"https:\/\/wiy.com.br\/noticias\/categoria\/noticias\/\">#informacoes<\/a> <a href=\"https:\/\/wiy.com.br\/noticias\/categoria\/noticias\/\">#news<\/a> <a href=\"https:\/\/wiy.com.br\/noticias\/categoria\/noticias\/\">#jornal<\/a> <a href=\"https:\/\/wiy.com.br\/noticias\/categoria\/noticias\/\">#tiktok<\/a> <a href=\"https:\/\/wiy.com.br\/noticias\/categoria\/noticias\/\">#fgts<\/a> <a href=\"https:\/\/wiy.com.br\/noticias\/categoria\/noticias\/\">#pis<\/a> <a href=\"https:\/\/wiy.com.br\/noticias\/categoria\/noticias\/\">#caixa<\/a> <a href=\"https:\/\/wiy.com.br\/noticias\/categoria\/noticias\/\">#loterias<\/a> <a href=\"https:\/\/wiy.com.br\/noticias\/categoria\/noticias\/\">#megasena<\/a> <a href=\"https:\/\/wiy.com.br\/noticias\/categoria\/noticias\/\">#lotofacil<\/a> <a href=\"https:\/\/wiy.com.br\/noticias\/categoria\/noticias\/\">#megamania<\/a> <a href=\"https:\/\/wiy.com.br\/noticias\/categoria\/noticias\/\">#sus<\/a> <a href=\"https:\/\/wiy.com.br\/noticias\/categoria\/noticias\/\">#ibge<\/a><\/p>\n","protected":false},"excerpt":{"rendered":"<p>Marieta Severo foi uma das artistas presentes na manh\u00e3 desta ter\u00e7a-feira na Sala Mar\u00edlia P\u00eara, no Teatro Leblon, onde acontece o vel\u00f3rio do diretor Jorge Fernando, que morreu ap\u00f3s sofrer uma parada card\u00edaca no \u00faltimo domingo, aos 64 anos. A atriz cumprimentou a m\u00e3e de Jorge Fernando, a tamb\u00e9m atriz Hilda Rebello, de 95 anos. [&hellip;]<\/p>\n","protected":false},"author":1,"featured_media":35445,"comment_status":"open","ping_status":"open","sticky":false,"template":"","format":"standard","meta":{"footnotes":""},"categories":[337],"tags":[],"class_list":["post-35444","post","type-post","status-publish","format-standard","has-post-thumbnail","hentry","category-noticias"],"_links":{"self":[{"href":"https:\/\/wiy.com.br\/noticias\/wp-json\/wp\/v2\/posts\/35444","targetHints":{"allow":["GET"]}}],"collection":[{"href":"https:\/\/wiy.com.br\/noticias\/wp-json\/wp\/v2\/posts"}],"about":[{"href":"https:\/\/wiy.com.br\/noticias\/wp-json\/wp\/v2\/types\/post"}],"author":[{"embeddable":true,"href":"https:\/\/wiy.com.br\/noticias\/wp-json\/wp\/v2\/users\/1"}],"replies":[{"embeddable":true,"href":"https:\/\/wiy.com.br\/noticias\/wp-json\/wp\/v2\/comments?post=35444"}],"version-history":[{"count":0,"href":"https:\/\/wiy.com.br\/noticias\/wp-json\/wp\/v2\/posts\/35444\/revisions"}],"wp:featuredmedia":[{"embeddable":true,"href":"https:\/\/wiy.com.br\/noticias\/wp-json\/wp\/v2\/media\/35445"}],"wp:attachment":[{"href":"https:\/\/wiy.com.br\/noticias\/wp-json\/wp\/v2\/media?parent=35444"}],"wp:term":[{"taxonomy":"category","embeddable":true,"href":"https:\/\/wiy.com.br\/noticias\/wp-json\/wp\/v2\/categories?post=35444"},{"taxonomy":"post_tag","embeddable":true,"href":"https:\/\/wiy.com.br\/noticias\/wp-json\/wp\/v2\/tags?post=35444"}],"curies":[{"name":"wp","href":"https:\/\/api.w.org\/{rel}","templated":true}]}}