{"id":35433,"date":"2023-02-26T15:19:00","date_gmt":"2023-02-26T18:19:00","guid":{"rendered":"https:\/\/wiy.com.br\/noticias\/bolsonaro-nao-e-monarca-presidencial-diz-celso-de-mello\/"},"modified":"2019-10-29T07:59:49","modified_gmt":"2019-10-29T10:59:49","slug":"bolsonaro-nao-e-monarca-presidencial-diz-celso-de-mello","status":"publish","type":"post","link":"https:\/\/wiy.com.br\/noticias\/bolsonaro-nao-e-monarca-presidencial-diz-celso-de-mello\/","title":{"rendered":"Bolsonaro n\u00e3o \u00e9 \u201cmonarca presidencial\u201d, diz Celso de Mello"},"content":{"rendered":"<p> <br \/>\n<\/p>\n<p>S\u00e3o Paulo \u2014 O decano do Supremo Tribunal Federal (<a href=\"https:\/\/exame.abril.com.br\/noticias-sobre\/stf\/\" target=\"_blank\" rel=\"noopener noreferrer\"><strong>STF<\/strong><\/a>), ministro Celso de Mello, disse em nota nesta segunda-feira, 28, que \u201co atrevimento presidencial parece n\u00e3o encontrar limites\u201d, ao comentar um v\u00eddeo publicado nas redes sociais de Jair Bolsonaro que <a href=\"https:\/\/exame.abril.com.br\/brasil\/conta-de-bolsonaro-posta-e-apaga-video-comparando-stf-psl-a-hienas\/\">mostra o presidente como um le\u00e3o encurralado por hienas<\/a>. Na lista das hienas que atacam o le\u00e3o Bolsonaro est\u00e3o o STF, a Organiza\u00e7\u00e3o das Na\u00e7\u00f5es Unidas (ONU), o PSL, siglas de oposi\u00e7\u00e3o como <a href=\"https:\/\/exame.abril.com.br\/noticias-sobre\/pt\/\" target=\"_blank\" rel=\"noopener noreferrer\"><strong>PT<\/strong> <\/a>e PCdoB e a imprensa.<\/p>\n<p>&#8220;\u00c9 imperioso que o senhor Presidente da Rep\u00fablica &#8211; que n\u00e3o \u00e9 um \u2018monarca presidencial\u2019, como se o nosso pa\u00eds absurdamente fosse uma selva na qual o Le\u00e3o imperasse com poderes absolutos e ilimitados &#8211; saiba que, em uma sociedade civilizada e de perfil democr\u00e1tico, jamais haver\u00e1 cidad\u00e3os livres sem um Poder Judici\u00e1rio independente, como o \u00e9 a magistratura do Brasil\u201d, diz o decano, em nota.<\/p>\n<p>O v\u00eddeo foi postado nas redes sociais de <a href=\"https:\/\/exame.abril.com.br\/noticias-sobre\/jair-bolsonaro\/\" target=\"_blank\" rel=\"noopener noreferrer\"><strong>Bolsonaro<\/strong> <\/a>e apagado depois. No filme, o rei da selva se alia a outro le\u00e3o, chamado \u201cconservador patriota\u201d, parte para o contra-ataque e vence seus inimigos. \u201cVamos apoiar o nosso presidente at\u00e9 o fim. E n\u00e3o atac\u00e1-lo. J\u00e1 tem a oposi\u00e7\u00e3o para fazer isso!\u201d, dizem os letreiros sobrepostos \u00e0s imagens da fuga.<\/p>\n<p>\u201cO atrevimento presidencial parece n\u00e3o encontrar limites na compostura que um chefe de Estado deve demonstrar no exerc\u00edcio de suas altas fun\u00e7\u00f5es, pois o v\u00eddeo que equipara, ofensivamente, o Supremo Tribunal Federal a uma \u2018hiena\u2019 culmina, de modo absurdo e grosseiro, por falsamente identificar a Suprema Corte como um de seus opositores\u201d, afirma Celso de Mello.<\/p>\n<div class=\"widget-news widget-box no-margin no-border\"><span class=\"widget-news-title content-box-title\">Veja tamb\u00e9m<\/span><\/p>\n<ul class=\"widget-news-list\">\n<li class=\"widget-news-item without-thumb with-border\">\n<div class=\"widget-news-info\"><a href=\"http:\/\/exame.abril.com.br\/brasil\">BRASIL<\/a><span class=\"widget-news-item-title\"><a href=\"https:\/\/exame.abril.com.br\/brasil\/bolsonaro-gesto-de-lula-livre-de-fernandez-afronta-democracia-do-brasil\/\">Bolsonaro: gesto de &#8220;Lula livre&#8221; de Fern\u00e1ndez afronta democracia do Brasil<\/a><\/span><span class=\"widget-news-item-date\">28 out 2019 &#8211; 11h10<\/span><\/div>\n<\/li>\n<\/ul>\n<\/div>\n<p>Nos bastidores, a autoria do v\u00eddeo foi atribu\u00edda ao vereador Carlos Bolsonaro (PSC-RJ), filho do presidente que gerencia as publica\u00e7\u00f5es do perfil do chefe do Executivo nas redes sociais.<\/p>\n<p>Desde que Bolsonaro assumiu o Pal\u00e1cio do Planalto, Celso de Mello tem se tornado o principal defensor do Supremo de ataques do governo e em defesa da liberdade de express\u00e3o.<\/p>\n<p>\u201cEsse comportamento revelado no v\u00eddeo em quest\u00e3o, al\u00e9m de caracterizar absoluta falta de &#8216;gravitas&#8217; e de apropriada estatura presidencial, tamb\u00e9m constitui a express\u00e3o odiosa (e profundamente lament\u00e1vel) de quem desconhece o dogma da separa\u00e7\u00e3o de poderes e, o que \u00e9 mais grave, de quem teme um Poder Judici\u00e1rio independente e consciente de que ningu\u00e9m, nem mesmo o Presidente da Rep\u00fablica, est\u00e1 acima da autoridade da Constitui\u00e7\u00e3o e das leis da Rep\u00fablica\u201d, diz o decano na nota.<\/p>\n<p><br \/>\n<br \/><a href=\"https:\/\/exame.abril.com.br\/brasil\/bolsonaro-nao-e-monarca-presidencial-diz-celso-de-mello\/\">Fonte do artigo <\/a><br \/>\nTags:<br \/>\n#politica #political #negocios #business #marketingdigital #empreendedorismo #marketing #emprendedores #empreender #sucesso #empresas #emprendimiento #emprendedor #empreendedor #emprender #dinheiro #dinero #empresario #vendas #liderazgo #motivacion #foco #motivacao #negocio #brasil<\/p>\n","protected":false},"excerpt":{"rendered":"<p>S\u00e3o Paulo \u2014 O decano do Supremo Tribunal Federal (STF), ministro Celso de Mello, disse em nota nesta segunda-feira, 28, que \u201co atrevimento presidencial parece n\u00e3o encontrar limites\u201d, ao comentar um v\u00eddeo publicado nas redes sociais de Jair Bolsonaro que mostra o presidente como um le\u00e3o encurralado por hienas. Na lista das hienas que atacam [&hellip;]<\/p>\n","protected":false},"author":1,"featured_media":35434,"comment_status":"open","ping_status":"open","sticky":false,"template":"","format":"standard","meta":{"footnotes":""},"categories":[1],"tags":[],"class_list":["post-35433","post","type-post","status-publish","format-standard","has-post-thumbnail","hentry","category-curso-de-copy"],"_links":{"self":[{"href":"https:\/\/wiy.com.br\/noticias\/wp-json\/wp\/v2\/posts\/35433","targetHints":{"allow":["GET"]}}],"collection":[{"href":"https:\/\/wiy.com.br\/noticias\/wp-json\/wp\/v2\/posts"}],"about":[{"href":"https:\/\/wiy.com.br\/noticias\/wp-json\/wp\/v2\/types\/post"}],"author":[{"embeddable":true,"href":"https:\/\/wiy.com.br\/noticias\/wp-json\/wp\/v2\/users\/1"}],"replies":[{"embeddable":true,"href":"https:\/\/wiy.com.br\/noticias\/wp-json\/wp\/v2\/comments?post=35433"}],"version-history":[{"count":0,"href":"https:\/\/wiy.com.br\/noticias\/wp-json\/wp\/v2\/posts\/35433\/revisions"}],"wp:featuredmedia":[{"embeddable":true,"href":"https:\/\/wiy.com.br\/noticias\/wp-json\/wp\/v2\/media\/35434"}],"wp:attachment":[{"href":"https:\/\/wiy.com.br\/noticias\/wp-json\/wp\/v2\/media?parent=35433"}],"wp:term":[{"taxonomy":"category","embeddable":true,"href":"https:\/\/wiy.com.br\/noticias\/wp-json\/wp\/v2\/categories?post=35433"},{"taxonomy":"post_tag","embeddable":true,"href":"https:\/\/wiy.com.br\/noticias\/wp-json\/wp\/v2\/tags?post=35433"}],"curies":[{"name":"wp","href":"https:\/\/api.w.org\/{rel}","templated":true}]}}