{"id":35318,"date":"2023-02-26T15:09:45","date_gmt":"2023-02-26T18:09:45","guid":{"rendered":"https:\/\/wiy.com.br\/noticias\/mercado-revisa-para-cima-projecao-de-crescimento-do-pib-em-2019\/"},"modified":"2019-10-28T10:43:21","modified_gmt":"2019-10-28T13:43:21","slug":"mercado-revisa-para-cima-projecao-de-crescimento-do-pib-em-2019","status":"publish","type":"post","link":"https:\/\/wiy.com.br\/noticias\/mercado-revisa-para-cima-projecao-de-crescimento-do-pib-em-2019\/","title":{"rendered":"Mercado revisa para cima proje\u00e7\u00e3o de crescimento do PIB em 2019"},"content":{"rendered":"<p> <br \/>\n<\/p>\n<div id=\"\">\n<h2 class=\"article-subtitle\">De acordo com o Relat\u00f3rio Focus, divulgado pelo Banco Central, a expectativa de crescimento da economia do pa\u00eds passou de 0,88% para 0,91% neste ano <\/h2>\n<div class=\"article-author\">\n<p>Por <span>Da Reda\u00e7\u00e3o<\/span><\/p>\n<p>\n      <i class=\"material-icons\">access_time<\/i><br \/>\n      <span><br \/>\n        28 out 2019, 10h39      <\/span>\n    <\/p>\n<\/p><\/div>\n<\/p><\/div>\n<div id=\"\">\n<div class=\"featured-image\">\n<div class=\"image\">\n\t\t\t\t\t\t\t\t\t\t<img title = \"[Tags]\"data-src=\"https:\/\/abrilveja.files.wordpress.com\/2016\/12\/industria-automotiva-20100615-010.jpg\" class=\"abril-image optimized lazyload\" abril-data-id=\"3266241\"  data- data-pin-nopin=\"true\"alt = \"industria-automotiva-20100615-010 Mercado revisa para cima proje\u00e7\u00e3o de crescimento do PIB em 2019\"\/><\/div>\n<p class=\"caption\">Mercado revisa proje\u00e7\u00e3o de recuo da ind\u00fastria\u00a0(.\/iStock)<\/p>\n<\/p><\/div>\n<p>O <strong>Relat\u00f3rio Focus<\/strong>, que mede a percep\u00e7\u00e3o do mercado sobre a economia brasileira, apontou a expectativa de crescimento maior do PIB do pa\u00eds em 2019, que subiu de 0,88% para 0,91%. O relat\u00f3rio foi divulgado pelo<strong> Banco Central<\/strong> (BC) na manh\u00e3 desta segunda-feira, 28. No m\u00eas passado, a proje\u00e7\u00e3o era de expans\u00e3o de 0,87% neste ano. Para 2020, o BC manteve a previs\u00e3o de crescimento de 2% \u2500 \u00edndice est\u00e1vel h\u00e1 um m\u00eas.<\/p>\n<p>A expectativa do mercado em rela\u00e7\u00e3o \u00e0 taxa b\u00e1sica de juros, a <strong>Selic<\/strong>, tamb\u00e9m foi revisada. O Focus aponta que, ao fim de 2019, a Selic atingiria nova m\u00ednima hist\u00f3rica, de 4,5%, apostando em dois cortes consecutivos pelo Comit\u00ea de Pol\u00edtica Econ\u00f4mica (Copom). Hoje, a Selic est\u00e1 em 5,5% e o <strong>Copom<\/strong> se re\u00fane na pr\u00f3xima quarta-feira, 30. De acordo com o relat\u00f3rio, o BC deve promover corte de 0,5% na al\u00edquota.<\/p>\n<p>O relat\u00f3rio tamb\u00e9m reviu suas expectativas para a infla\u00e7\u00e3o neste e no pr\u00f3ximo ano. A previs\u00e3o do \u00cdndice de Pre\u00e7os ao Consumidor Amplo (<strong>IPCA)<\/strong>, <span>de eleva\u00e7\u00e3o de 3,26% para alta de 3,29%.\u00a0<\/span><\/p>\n<p>A percep\u00e7\u00e3o da <strong>atividade industrial<\/strong> sofreu piora, de acordo com o mercado. H\u00e1 um m\u00eas, o BC apostava em uma queda de 0,65%, enquanto agora aposta-se em um recuo de 0,73%. Em 2020, por\u00e9m, a expectativa \u00e9 de que a ind\u00fastria avance 2,10% \u2500 resultado mais t\u00edmido do que previsto h\u00e1 quatro semanas, quando o Focus previa crescimento de 2,29% para o setor.<\/p>\n<p>              <!-- adiciona categoria materia --><\/p>\n<p>              <!-- adiciona categoria materia -->\n\t\t\t\t\t\t\t\t\t\t\t\t\t\t\t\t\t\t\t\t\t\t\t\t\t\t\t\t\t\t\t\t\t\t\t\t\t\t\t\t\t\t\t\t\t\t\t\t\t\t\t\t\t\t\t\t\t\t\t\t\t\t\t\t\t\t\t\t\t\t\t\t\t\t\t\t\t\t\t\t\t\t\t\t\t\t\t\t\t\t\t\t\t\t\t\t\t\t\t\t\t\t\t\t\t\t\t\t\t\t\t\t\t\t\t\t\t\t\t\t\t\t\t\t\t\t\t\t\t\t\t\t\t\t\t\t\t\t\t\t\t\t\t\t\t\t\t\t\t\t\t\t\t\t\t\t\t\t\t\t\t\t\t\t\t\t\t\t\t\t\t\t\t\t\t\t\t\t\t\t\t\t\t\t\t\t\t\t\t\t\t\t\t\t\t\t\t\t\t\t\t\t\t\t\t\t\t\t\t\t\t\t\t\t\t\t\t\t\t\t\t\t\t\t\t\t\t\t\t\t\t\t\t\t\t\t\t\t\t\t\t\t\t\t\t\t\t\t\t\t\t\t\t\t\t\t\t\t\t\t\t\t\t\t\t\t\t\t\t\t\t\t\t\t\t\t\t\t\t\t<\/div>\n<p><br \/>\n<br \/><a href=\"https:\/\/veja.abril.com.br\/economia\/mercado-revisa-para-cima-projecao-de-crescimento-do-pib-em-2019\/\">Fonte do Artigo<\/a><br \/>\nTags: <\/p>\n<p><a title=\"IBJE\" href=\"https:\/\/ibge.gov.br\/\">#IBJE<\/a> <a title=\"FGV\" href=\"https:\/\/portal.fgv.br\/\">#FGV<\/a> <a title=\"LOTOFACIL\" href=\"http:\/\/loterias.caixa.gov.br\/wps\/portal\/loterias\/landing\/lotofacil\/\">#LOTOFACIL<\/a> <a title=\"TINDER\" href=\"https:\/\/tinder.com\/?lang=pt-BR\">#TINDER<\/a> <a title=\"GMAILGOOGLE\" href=\"https:\/\/mail.google.com\">#GMAILGOOGLE<\/a> <a title=\"TIKTOK\" href=\"https:\/\/www.tiktok.com\/pt_BR\/\">#TIKTOK<\/a><\/p>\n","protected":false},"excerpt":{"rendered":"<p>De acordo com o Relat\u00f3rio Focus, divulgado pelo Banco Central, a expectativa de crescimento da economia do pa\u00eds passou de 0,88% para 0,91% neste ano Por Da Reda\u00e7\u00e3o access_time 28 out 2019, 10h39 Mercado revisa proje\u00e7\u00e3o de recuo da ind\u00fastria\u00a0(.\/iStock) O Relat\u00f3rio Focus, que mede a percep\u00e7\u00e3o do mercado sobre a economia brasileira, apontou a [&hellip;]<\/p>\n","protected":false},"author":1,"featured_media":35319,"comment_status":"open","ping_status":"open","sticky":false,"template":"","format":"standard","meta":{"footnotes":""},"categories":[7],"tags":[],"class_list":["post-35318","post","type-post","status-publish","format-standard","has-post-thumbnail","hentry","category-economia"],"_links":{"self":[{"href":"https:\/\/wiy.com.br\/noticias\/wp-json\/wp\/v2\/posts\/35318","targetHints":{"allow":["GET"]}}],"collection":[{"href":"https:\/\/wiy.com.br\/noticias\/wp-json\/wp\/v2\/posts"}],"about":[{"href":"https:\/\/wiy.com.br\/noticias\/wp-json\/wp\/v2\/types\/post"}],"author":[{"embeddable":true,"href":"https:\/\/wiy.com.br\/noticias\/wp-json\/wp\/v2\/users\/1"}],"replies":[{"embeddable":true,"href":"https:\/\/wiy.com.br\/noticias\/wp-json\/wp\/v2\/comments?post=35318"}],"version-history":[{"count":0,"href":"https:\/\/wiy.com.br\/noticias\/wp-json\/wp\/v2\/posts\/35318\/revisions"}],"wp:featuredmedia":[{"embeddable":true,"href":"https:\/\/wiy.com.br\/noticias\/wp-json\/wp\/v2\/media\/35319"}],"wp:attachment":[{"href":"https:\/\/wiy.com.br\/noticias\/wp-json\/wp\/v2\/media?parent=35318"}],"wp:term":[{"taxonomy":"category","embeddable":true,"href":"https:\/\/wiy.com.br\/noticias\/wp-json\/wp\/v2\/categories?post=35318"},{"taxonomy":"post_tag","embeddable":true,"href":"https:\/\/wiy.com.br\/noticias\/wp-json\/wp\/v2\/tags?post=35318"}],"curies":[{"name":"wp","href":"https:\/\/api.w.org\/{rel}","templated":true}]}}