{"id":35279,"date":"2023-02-26T15:37:13","date_gmt":"2023-02-26T18:37:13","guid":{"rendered":"https:\/\/wiy.com.br\/noticias\/bruno-covas-esta-com-tumor-no-trato-digestivo\/"},"modified":"2019-10-27T20:25:17","modified_gmt":"2019-10-27T23:25:17","slug":"bruno-covas-esta-com-tumor-no-trato-digestivo","status":"publish","type":"post","link":"https:\/\/wiy.com.br\/noticias\/bruno-covas-esta-com-tumor-no-trato-digestivo\/","title":{"rendered":"Bruno Covas est\u00e1 com tumor no trato digestivo"},"content":{"rendered":"<p> <br \/>\n<\/p>\n<p><span>Exames m\u00e9dicos realizados pelo prefeito de S\u00e3o Paulo, Bruno Covas, apontaram neste s\u00e1bado, 26, o surgimento de tumor no trato digestivo do tucano, de acordo com boletim m\u00e9dico publicado na noite deste domingo pelo Hospital S\u00edrio-Liban\u00eas. Outros exames tamb\u00e9m diagnosticaram tromboembolismo pulmonar, ou seja, de bloqueio de art\u00e9ria no pulm\u00e3o.<\/span><\/p>\n<p><span>Por conta do tumor, o prefeito ser\u00e1 submetido ainda esta noite de domingo a uma laparoscopia, t\u00e9cnica de cirurgia menos invasiva, com a finalidade de se aprofundar o diagn\u00f3stico. De acordo com o hospital, os pr\u00f3ximos resultados v\u00e3o demorar alguns dias.<\/span><\/p>\n<p><span>Na sexta, 25, Covas havia sido diagnosticado com trombose venosa das veias fibulares (de membro inferior). Ele est\u00e1 internado desde quarta-feira, 23, para tratar de uma erisipela, uma doen\u00e7a infecciosa da pele.<\/span><\/p>\n<p><span>Covas recebeu o diagn\u00f3stico de trombose ap\u00f3s realizar exames complementares, ainda durante a avalia\u00e7\u00e3o m\u00e9dica acerca da erisipela. Exames subsequentes diagnosticaram tromboembolismo pulmonar. Por isso, foi realizado um pet scan, que revelou o tumor.<\/span><\/p>\n<p><span>O prefeito j\u00e1 havia sido atendido no pronto-atendimento do Hospital Albert Einstein na tarde de s\u00e1bado passado. O motivo era tamb\u00e9m infec\u00e7\u00e3o de pele em um \u201cmembro inferior\u201d, segundo nota divulgada pela Prefeitura. A erisipela costuma atingir as pernas com maior frequ\u00eancia.<\/span><\/p>\n<p><span>Na ocasi\u00e3o, Covas havia recebido alta na mesma tarde, ap\u00f3s ser submetido a exames e ter antibi\u00f3ticos prescritos para o tratamento. O prefeito havia cancelado sua agenda durante o fim de semana passado para ficar em repouso.<\/span><\/p>\n<p><span>No S\u00edrio-Liban\u00eas, Covas est\u00e1 sendo acompanhado por equipes m\u00e9dicas coordenadas por David Uip, Roberto Kalil Filho, Tulio Eduardo Flesch Pfiffer, Artur Katz e Raul Cutait. David Uip foi secret\u00e1rio estadual de Sa\u00fade durante a gest\u00e3o do ex-governador tucano Geraldo Alckmin.<\/span><\/p>\n<p><br \/>\n<br \/><a href=\"https:\/\/vejasp.abril.com.br\/cidades\/bruno-covas-esta-com-tumor-no-trato-digestivo\/\">Fonte do Artigo <\/a><br \/>\nTags:<br \/>\n#loterias #loteriascaixa #megasena #resultadoapostas#noticias #noticiario  #noticia #brasil #noticiascolombia #mundo #esporte #colombia #noticiadeld #ltimasnoticias  #noticiario #noticiasregionales #noticiasdepartamentales #noticiashoy #esportes #noticiaahora #elinformantenoticias #noticiasdeboyac  #esporteinterativo #esportivo #diariodosesportes  #noticiero  #jogodefutebol #jogos #loto #apostas<\/p>\n","protected":false},"excerpt":{"rendered":"<p>Exames m\u00e9dicos realizados pelo prefeito de S\u00e3o Paulo, Bruno Covas, apontaram neste s\u00e1bado, 26, o surgimento de tumor no trato digestivo do tucano, de acordo com boletim m\u00e9dico publicado na noite deste domingo pelo Hospital S\u00edrio-Liban\u00eas. Outros exames tamb\u00e9m diagnosticaram tromboembolismo pulmonar, ou seja, de bloqueio de art\u00e9ria no pulm\u00e3o. Por conta do tumor, o [&hellip;]<\/p>\n","protected":false},"author":1,"featured_media":9528,"comment_status":"open","ping_status":"open","sticky":false,"template":"","format":"standard","meta":{"footnotes":""},"categories":[1],"tags":[],"class_list":["post-35279","post","type-post","status-publish","format-standard","has-post-thumbnail","hentry","category-curso-de-copy"],"_links":{"self":[{"href":"https:\/\/wiy.com.br\/noticias\/wp-json\/wp\/v2\/posts\/35279","targetHints":{"allow":["GET"]}}],"collection":[{"href":"https:\/\/wiy.com.br\/noticias\/wp-json\/wp\/v2\/posts"}],"about":[{"href":"https:\/\/wiy.com.br\/noticias\/wp-json\/wp\/v2\/types\/post"}],"author":[{"embeddable":true,"href":"https:\/\/wiy.com.br\/noticias\/wp-json\/wp\/v2\/users\/1"}],"replies":[{"embeddable":true,"href":"https:\/\/wiy.com.br\/noticias\/wp-json\/wp\/v2\/comments?post=35279"}],"version-history":[{"count":0,"href":"https:\/\/wiy.com.br\/noticias\/wp-json\/wp\/v2\/posts\/35279\/revisions"}],"wp:featuredmedia":[{"embeddable":true,"href":"https:\/\/wiy.com.br\/noticias\/wp-json\/wp\/v2\/media\/9528"}],"wp:attachment":[{"href":"https:\/\/wiy.com.br\/noticias\/wp-json\/wp\/v2\/media?parent=35279"}],"wp:term":[{"taxonomy":"category","embeddable":true,"href":"https:\/\/wiy.com.br\/noticias\/wp-json\/wp\/v2\/categories?post=35279"},{"taxonomy":"post_tag","embeddable":true,"href":"https:\/\/wiy.com.br\/noticias\/wp-json\/wp\/v2\/tags?post=35279"}],"curies":[{"name":"wp","href":"https:\/\/api.w.org\/{rel}","templated":true}]}}