{"id":35008,"date":"2023-02-26T15:00:32","date_gmt":"2023-02-26T18:00:32","guid":{"rendered":"https:\/\/wiy.com.br\/noticias\/numero-de-feriados-prolongados-sera-maior-em-2020\/"},"modified":"2019-10-24T17:16:06","modified_gmt":"2019-10-24T20:16:06","slug":"numero-de-feriados-prolongados-sera-maior-em-2020","status":"publish","type":"post","link":"https:\/\/wiy.com.br\/noticias\/numero-de-feriados-prolongados-sera-maior-em-2020\/","title":{"rendered":"N\u00famero de feriados prolongados ser\u00e1 maior em 2020"},"content":{"rendered":"<p> <br \/>\n<\/p>\n<p>Prepare-se: ano que vem contar\u00e1 com mais feriados prolongados. Apesar de ter <strong>doze<\/strong> folgas que caem em dias de semana, n\u00famero pouco maior que 2019, <strong>dez<\/strong> destes ser\u00e3o &#8220;emend\u00e1veis&#8221;(ou seja, ocorrem segunda, ter\u00e7a, quinta ou sexta-feira), <strong>tr\u00eas a mais que 2018<\/strong>.<\/p>\n<p>Confira abaixo a lista completa dos feriados que caem em dias de semana em 2020:<\/p>\n<p><strong>Ano Novo:<\/strong><span>\u00a0<\/span>1\u00ba de janeiro (quarta-feira)<\/p>\n<p><strong>Carnaval:<\/strong><span>\u00a0<\/span>24 de fevereiro (segunda-feira). Data facultativa<\/p>\n<p><strong>Quarta-feira de Cinzas:<\/strong> 26 de fevereiro (quarta-feira). Data facultativa<\/p>\n<p><strong>Sexta-feira Santa:<\/strong><span>\u00a0<\/span>10 de abril (sexta-feira)<\/p>\n<p><strong>Tiradentes:<\/strong><span>\u00a0<\/span>21 de abril (ter\u00e7a-feira)<\/p>\n<p><strong>Dia do Trabalho:<\/strong><span>\u00a0<\/span>1\u00ba de maio (sexta-feira)<\/p>\n<p><strong>Corpus Christi:<\/strong><span>\u00a0<\/span>11 de junho (quinta-feira)<\/p>\n<p><strong>Independ\u00eancia do Brasil:<\/strong><span>\u00a0<\/span>7 de setembro (segunda-feira)<\/p>\n<p><strong>Dia de Nossa Senhora Aparecida:<\/strong><span>\u00a0<\/span>12 de outubro (segunda-feira)<\/p>\n<p><strong>Finados:<\/strong><span>\u00a0<\/span>2 de novembro (segunda-feira)<\/p>\n<p><strong>Consci\u00eancia Negra<\/strong>: 20 de novembro (sexta-feira)<\/p>\n<p><strong>Natal:<\/strong><span>\u00a0<\/span>25 de dezembro (sexta-feira)<\/p>\n<div class=\"widget-news widget-box no-margin no-border\"><span class=\"widget-news-title content-box-title\">Veja tamb\u00e9m<\/span><\/p>\n<ul class=\"widget-news-list\">\n<li class=\"widget-news-item without-thumb with-border\">\n<div class=\"widget-news-info\"><a href=\"http:\/\/vejasp.abril.com.br\/cidades\">Cidades<\/a><span class=\"widget-news-item-title\"><a href=\"https:\/\/vejasp.abril.com.br\/cidades\/pela-segunda-vez-prefeitura-tenta-dar-uso-a-espacos-embaixo-de-viadutos\/\">Pela segunda vez, prefeitura tenta dar uso a espa\u00e7os embaixo de viadutos<\/a><\/span><span class=\"widget-news-item-date\">22 out 2019 &#8211; 12h10<\/span><\/div>\n<\/li>\n<\/ul>\n<\/div>\n<p><br \/>\n<br \/><a href=\"https:\/\/vejasp.abril.com.br\/cidades\/feriados-prolongados-2020\/\">Fonte do Artigo <\/a><br \/>\nTags:<br \/>\n#loterias #loteriascaixa #megasena #resultadoapostas#noticias #noticiario  #noticia #brasil #noticiascolombia #mundo #esporte #colombia #noticiadeld #ltimasnoticias  #noticiario #noticiasregionales #noticiasdepartamentales #noticiashoy #esportes #noticiaahora #elinformantenoticias #noticiasdeboyac  #esporteinterativo #esportivo #diariodosesportes  #noticiero  #jogodefutebol #jogos #loto #apostas<\/p>\n","protected":false},"excerpt":{"rendered":"<p>Prepare-se: ano que vem contar\u00e1 com mais feriados prolongados. Apesar de ter doze folgas que caem em dias de semana, n\u00famero pouco maior que 2019, dez destes ser\u00e3o &#8220;emend\u00e1veis&#8221;(ou seja, ocorrem segunda, ter\u00e7a, quinta ou sexta-feira), tr\u00eas a mais que 2018. Confira abaixo a lista completa dos feriados que caem em dias de semana em [&hellip;]<\/p>\n","protected":false},"author":1,"featured_media":35009,"comment_status":"open","ping_status":"open","sticky":false,"template":"","format":"standard","meta":{"footnotes":""},"categories":[1],"tags":[],"class_list":["post-35008","post","type-post","status-publish","format-standard","has-post-thumbnail","hentry","category-curso-de-copy"],"_links":{"self":[{"href":"https:\/\/wiy.com.br\/noticias\/wp-json\/wp\/v2\/posts\/35008","targetHints":{"allow":["GET"]}}],"collection":[{"href":"https:\/\/wiy.com.br\/noticias\/wp-json\/wp\/v2\/posts"}],"about":[{"href":"https:\/\/wiy.com.br\/noticias\/wp-json\/wp\/v2\/types\/post"}],"author":[{"embeddable":true,"href":"https:\/\/wiy.com.br\/noticias\/wp-json\/wp\/v2\/users\/1"}],"replies":[{"embeddable":true,"href":"https:\/\/wiy.com.br\/noticias\/wp-json\/wp\/v2\/comments?post=35008"}],"version-history":[{"count":0,"href":"https:\/\/wiy.com.br\/noticias\/wp-json\/wp\/v2\/posts\/35008\/revisions"}],"wp:featuredmedia":[{"embeddable":true,"href":"https:\/\/wiy.com.br\/noticias\/wp-json\/wp\/v2\/media\/35009"}],"wp:attachment":[{"href":"https:\/\/wiy.com.br\/noticias\/wp-json\/wp\/v2\/media?parent=35008"}],"wp:term":[{"taxonomy":"category","embeddable":true,"href":"https:\/\/wiy.com.br\/noticias\/wp-json\/wp\/v2\/categories?post=35008"},{"taxonomy":"post_tag","embeddable":true,"href":"https:\/\/wiy.com.br\/noticias\/wp-json\/wp\/v2\/tags?post=35008"}],"curies":[{"name":"wp","href":"https:\/\/api.w.org\/{rel}","templated":true}]}}