{"id":34989,"date":"2023-02-26T15:34:34","date_gmt":"2023-02-26T18:34:34","guid":{"rendered":"https:\/\/wiy.com.br\/noticias\/renata-fan-ironiza-video-que-repercutiu-na-web-falem-das-mulheres\/"},"modified":"2019-10-24T14:12:47","modified_gmt":"2019-10-24T17:12:47","slug":"renata-fan-ironiza-video-que-repercutiu-na-web-falem-das-mulheres","status":"publish","type":"post","link":"https:\/\/wiy.com.br\/noticias\/renata-fan-ironiza-video-que-repercutiu-na-web-falem-das-mulheres\/","title":{"rendered":"Renata Fan ironiza v\u00eddeo que repercutiu na web: \u201cFalem das mulheres\u201d"},"content":{"rendered":"<p> <br \/>\n<\/p>\n<p><strong>Renata Fan<\/strong> virou assunto na internet nesta quinta (24) por acertar \u2014 com bons meses de anteced\u00eancia \u2014 os times que disputariam a <strong>final da Copa Libertadores da Am\u00e9rica <\/strong>no fim de novembro, em Santiago, no Chile.<\/p>\n<p>Em uma grava\u00e7\u00e3o de maio, ela garante que o <strong>Flamengo\u00a0<\/strong>e o <strong>River Plate\u00a0<\/strong>disputar\u00e3o o grande momento do torneio. &#8220;Quando falo de futebol e tenho que palpitar, eu falo com a raz\u00e3o, n\u00e3o com o cora\u00e7\u00e3o&#8221;, decretou. Seus colegas de programa ficaram em polvorosa com o palpite. &#8220;Deixa eu falar pra voc\u00ea: Flamengo n\u00e3o aguenta o Internacional&#8221;, disse o radialista Ulisses Costa.<\/p>\n<div class=\"embed-twitter\">\n<blockquote class=\"twitter-tweet\" data-width=\"500\" data-dnt=\"true\">\n<p lang=\"pt\" dir=\"ltr\">\u201cMulher n\u00e3o pode dar palpite sobre futebol\u201d <img title = \"[Tags]\"decoding=\"async\" src=\"https:\/\/s0.wp.com\/wp-content\/mu-plugins\/wpcom-smileys\/twemoji\/2\/72x72\/1f923.png\"alt = \"1f923 Renata Fan ironiza v\u00eddeo que repercutiu na web: \u201cFalem das mulheres\u201d\" class=\"wp-smiley\" \/><img title = \"[Tags]\"decoding=\"async\" src=\"https:\/\/s0.wp.com\/wp-content\/mu-plugins\/wpcom-smileys\/twemoji\/2\/72x72\/1f923.png\"alt = \"1f923 Renata Fan ironiza v\u00eddeo que repercutiu na web: \u201cFalem das mulheres\u201d\" class=\"wp-smiley\" \/><img title = \"[Tags]\"decoding=\"async\" src=\"https:\/\/s0.wp.com\/wp-content\/mu-plugins\/wpcom-smileys\/twemoji\/2\/72x72\/1f923.png\"alt = \"1f923 Renata Fan ironiza v\u00eddeo que repercutiu na web: \u201cFalem das mulheres\u201d\" class=\"wp-smiley\" \/><img title = \"[Tags]\"decoding=\"async\" src=\"https:\/\/s0.wp.com\/wp-content\/mu-plugins\/wpcom-smileys\/twemoji\/2\/72x72\/1f923.png\"alt = \"1f923 Renata Fan ironiza v\u00eddeo que repercutiu na web: \u201cFalem das mulheres\u201d\" class=\"wp-smiley\" \/><img title = \"[Tags]\"decoding=\"async\" src=\"https:\/\/s0.wp.com\/wp-content\/mu-plugins\/wpcom-smileys\/twemoji\/2\/72x72\/1f923.png\"alt = \"1f923 Renata Fan ironiza v\u00eddeo que repercutiu na web: \u201cFalem das mulheres\u201d\" class=\"wp-smiley\" \/><img title = \"[Tags]\"decoding=\"async\" src=\"https:\/\/s0.wp.com\/wp-content\/mu-plugins\/wpcom-smileys\/twemoji\/2\/72x72\/1f923.png\"alt = \"1f923 Renata Fan ironiza v\u00eddeo que repercutiu na web: \u201cFalem das mulheres\u201d\" class=\"wp-smiley\" \/><img title = \"[Tags]\"decoding=\"async\" src=\"https:\/\/s0.wp.com\/wp-content\/mu-plugins\/wpcom-smileys\/twemoji\/2\/72x72\/1f923.png\"alt = \"1f923 Renata Fan ironiza v\u00eddeo que repercutiu na web: \u201cFalem das mulheres\u201d\" class=\"wp-smiley\" \/><img title = \"[Tags]\"decoding=\"async\" src=\"https:\/\/s0.wp.com\/wp-content\/mu-plugins\/wpcom-smileys\/twemoji\/2\/72x72\/1f923.png\"alt = \"1f923 Renata Fan ironiza v\u00eddeo que repercutiu na web: \u201cFalem das mulheres\u201d\" class=\"wp-smiley\" \/><img title = \"[Tags]\"decoding=\"async\" src=\"https:\/\/s0.wp.com\/wp-content\/mu-plugins\/wpcom-smileys\/twemoji\/2\/72x72\/1f923.png\"alt = \"1f923 Renata Fan ironiza v\u00eddeo que repercutiu na web: \u201cFalem das mulheres\u201d\" class=\"wp-smiley\" \/> <a href=\"https:\/\/t.co\/Qonr8L9vQ7\">pic.twitter.com\/Qonr8L9vQ7<\/a><\/p>\n<p>&mdash; Nero (@alexnero) <a href=\"https:\/\/twitter.com\/alexnero\/status\/1187354326471184386?ref_src=twsrc%5Etfw\">October 24, 2019<\/a><\/p>\n<\/blockquote>\n<\/div>\n<p>O caso \u00e9 um dos temas mais comentados no Twitter, onde muita gente aproveitou para elogiar o trabalho de Renata. &#8220;\u00c9 uma craque do jornalismo esportivo&#8221;, disse um. &#8220;Que del\u00edcia ver esse v\u00eddeo&#8221;, comentou outro. &#8220;Inspira\u00e7\u00e3o&#8221;, elogiou um terceiro.<\/p>\n<p>A pr\u00f3pria jornalista usou suas redes sociais para comentar o caso. &#8220;Desculpem-me pela pouca mod\u00e9stia, mas no dia 14\/05\/19 acertei os times que fariam a Final da Libertadores e foi bem antes de come\u00e7ar a fase de mata-mata! Poderosa, n\u00e9?! E deu exatamente isso!!!! Ent\u00e3o, falem das mulheres.&#8221;<\/p>\n<blockquote class=\"instagram-media\" data-instgrm-captioned data-instgrm-permalink=\"https:\/\/www.instagram.com\/p\/B4AXPSHnUK7\/?utm_source=ig_embed&amp;utm_campaign=loading\" data-instgrm-version=\"12\">\n<div> <a href=\"https:\/\/www.instagram.com\/p\/B4AXPSHnUK7\/?utm_source=ig_embed&amp;utm_campaign=loading\" target=\"_blank\" rel=\"noopener noreferrer\"> <\/p>\n<div>\n<div><\/div>\n<div>\n<div><\/div>\n<div><\/div>\n<\/div>\n<\/div>\n<div><\/div>\n<div><\/div>\n<div>\n<div> View this post on Instagram<\/div>\n<\/div>\n<div><\/div>\n<div>\n<div>\n<div><\/div>\n<div><\/div>\n<div><\/div>\n<\/div>\n<div>\n<div><\/div>\n<div><\/div>\n<\/div>\n<div>\n<div><\/div>\n<div><\/div>\n<div><\/div>\n<\/div>\n<\/div>\n<p><\/a> <\/p>\n<p> <a href=\"https:\/\/www.instagram.com\/p\/B4AXPSHnUK7\/?utm_source=ig_embed&amp;utm_campaign=loading\" target=\"_blank\" rel=\"noopener noreferrer\">Na maioria das vezes erramos mais do que acertamos no futebol! Mas, desculpem-me pela pouca mod\u00e9stia, mas no dia 14\/05\/19 acertei os times que fariam a Final da Libertadores e foi bem antes de come\u00e7ar a fase de mata-mata! Poderosa, n\u00e9?! E deu exatamente isso!!!! Ent\u00e3o, falem das mulheres <img title = \"[Tags]\"decoding=\"async\" src=\"https:\/\/s0.wp.com\/wp-content\/mu-plugins\/wpcom-smileys\/twemoji\/2\/72x72\/1f602.png\"alt = \"1f923 Renata Fan ironiza v\u00eddeo que repercutiu na web: \u201cFalem das mulheres\u201d\" class=\"wp-smiley\" \/><img title = \"[Tags]\"decoding=\"async\" src=\"https:\/\/s0.wp.com\/wp-content\/mu-plugins\/wpcom-smileys\/twemoji\/2\/72x72\/1f602.png\"alt = \"1f923 Renata Fan ironiza v\u00eddeo que repercutiu na web: \u201cFalem das mulheres\u201d\" class=\"wp-smiley\" \/> V\u00eddeo @silveira1969<\/a><\/p>\n<p>A post shared by <a href=\"https:\/\/www.instagram.com\/renatafan\/?utm_source=ig_embed&amp;utm_campaign=loading\" target=\"_blank\" rel=\"noopener noreferrer\"> Renata Fan<\/a> (@renatafan) on Oct 24, 2019 at 8:18am PDT<\/p>\n<\/div>\n<\/blockquote>\n<p>Veja a repercuss\u00e3o:<\/p>\n<div class=\"embed-twitter\">\n<blockquote class=\"twitter-tweet\" data-width=\"500\" data-dnt=\"true\">\n<p lang=\"pt\" dir=\"ltr\">Se eu fosse ela, abriria o programa todos os dias c esse v\u00eddeo<\/p>\n<p>&mdash; Renata (@renatartoledo) <a href=\"https:\/\/twitter.com\/renatartoledo\/status\/1187367117148053506?ref_src=twsrc%5Etfw\">October 24, 2019<\/a><\/p>\n<\/blockquote>\n<\/div>\n<div class=\"embed-twitter\">\n<blockquote class=\"twitter-tweet\" data-width=\"500\" data-dnt=\"true\">\n<p lang=\"pt\" dir=\"ltr\">Renata Fan, que mulher!<br \/>Ap\u00f3s o sorteio das oitavas da Libertadores ela cravou a final da Libertadores entre River Plate x Flamengo!!! <a href=\"https:\/\/t.co\/jaozIDyITb\">https:\/\/t.co\/jaozIDyITb<\/a><\/p>\n<p>&mdash; \u1d05\u1d00\u0274\u026a\u1d07\u029f <img title = \"[Tags]\"decoding=\"async\" src=\"https:\/\/s0.wp.com\/wp-content\/mu-plugins\/wpcom-smileys\/twemoji\/2\/72x72\/1f4aa-1f3fc.png\"alt = \"1f923 Renata Fan ironiza v\u00eddeo que repercutiu na web: \u201cFalem das mulheres\u201d\" class=\"wp-smiley\" \/><img title = \"[Tags]\"decoding=\"async\" src=\"https:\/\/s0.wp.com\/wp-content\/mu-plugins\/wpcom-smileys\/twemoji\/2\/72x72\/1f534.png\"alt = \"1f923 Renata Fan ironiza v\u00eddeo que repercutiu na web: \u201cFalem das mulheres\u201d\" class=\"wp-smiley\" \/><img title = \"[Tags]\"decoding=\"async\" src=\"https:\/\/s0.wp.com\/wp-content\/mu-plugins\/wpcom-smileys\/twemoji\/2\/72x72\/26ab.png\"alt = \"1f923 Renata Fan ironiza v\u00eddeo que repercutiu na web: \u201cFalem das mulheres\u201d\" class=\"wp-smiley\" \/><img title = \"[Tags]\"decoding=\"async\" src=\"https:\/\/s0.wp.com\/wp-content\/mu-plugins\/wpcom-smileys\/twemoji\/2\/72x72\/1f3c6.png\"alt = \"1f923 Renata Fan ironiza v\u00eddeo que repercutiu na web: \u201cFalem das mulheres\u201d\" class=\"wp-smiley\" \/> (@fladaniel_) <a href=\"https:\/\/twitter.com\/fladaniel_\/status\/1187326490284908544?ref_src=twsrc%5Etfw\">October 24, 2019<\/a><\/p>\n<\/blockquote>\n<\/div>\n<div class=\"embed-twitter\">\n<blockquote class=\"twitter-tweet\" data-width=\"500\" data-dnt=\"true\">\n<p lang=\"pt\" dir=\"ltr\">Renata Fan, que mulher<\/p>\n<p>me passa os n\u00fameros da mega sena tamb\u00e9m <a href=\"https:\/\/t.co\/FnUgxriXUU\">https:\/\/t.co\/FnUgxriXUU<\/a><\/p>\n<p>&mdash; let\u00edcia #tim\u00e3o109 (@clexscorp) <a href=\"https:\/\/twitter.com\/clexscorp\/status\/1187398366428385286?ref_src=twsrc%5Etfw\">October 24, 2019<\/a><\/p>\n<\/blockquote>\n<\/div>\n<p>&nbsp;<\/p>\n<p><script async src=\"http:\/\/platform.twitter.com\/widgets.js\" charset=\"utf-8\"><\/script><script async defer src=\"http:\/\/platform.instagram.com\/en_US\/embeds.js\"><\/script><br \/>\n<br \/><br \/>\n<br \/><a href=\"https:\/\/vejasp.abril.com.br\/blog\/pop\/renata-fan-acerta-previsao-video\/\">Fonte do Artigo <\/a><br \/>\nTags:<br \/>\n#loterias #loteriascaixa #megasena #resultadoapostas#noticias #noticiario  #noticia #brasil #noticiascolombia #mundo #esporte #colombia #noticiadeld #ltimasnoticias  #noticiario #noticiasregionales #noticiasdepartamentales #noticiashoy #esportes #noticiaahora #elinformantenoticias #noticiasdeboyac  #esporteinterativo #esportivo #diariodosesportes  #noticiero  #jogodefutebol #jogos #loto #apostas<\/p>\n","protected":false},"excerpt":{"rendered":"<p>Renata Fan virou assunto na internet nesta quinta (24) por acertar \u2014 com bons meses de anteced\u00eancia \u2014 os times que disputariam a final da Copa Libertadores da Am\u00e9rica no fim de novembro, em Santiago, no Chile. Em uma grava\u00e7\u00e3o de maio, ela garante que o Flamengo\u00a0e o River Plate\u00a0disputar\u00e3o o grande momento do torneio. [&hellip;]<\/p>\n","protected":false},"author":1,"featured_media":34990,"comment_status":"open","ping_status":"open","sticky":false,"template":"","format":"standard","meta":{"footnotes":""},"categories":[1],"tags":[],"class_list":["post-34989","post","type-post","status-publish","format-standard","has-post-thumbnail","hentry","category-curso-de-copy"],"_links":{"self":[{"href":"https:\/\/wiy.com.br\/noticias\/wp-json\/wp\/v2\/posts\/34989","targetHints":{"allow":["GET"]}}],"collection":[{"href":"https:\/\/wiy.com.br\/noticias\/wp-json\/wp\/v2\/posts"}],"about":[{"href":"https:\/\/wiy.com.br\/noticias\/wp-json\/wp\/v2\/types\/post"}],"author":[{"embeddable":true,"href":"https:\/\/wiy.com.br\/noticias\/wp-json\/wp\/v2\/users\/1"}],"replies":[{"embeddable":true,"href":"https:\/\/wiy.com.br\/noticias\/wp-json\/wp\/v2\/comments?post=34989"}],"version-history":[{"count":0,"href":"https:\/\/wiy.com.br\/noticias\/wp-json\/wp\/v2\/posts\/34989\/revisions"}],"wp:featuredmedia":[{"embeddable":true,"href":"https:\/\/wiy.com.br\/noticias\/wp-json\/wp\/v2\/media\/34990"}],"wp:attachment":[{"href":"https:\/\/wiy.com.br\/noticias\/wp-json\/wp\/v2\/media?parent=34989"}],"wp:term":[{"taxonomy":"category","embeddable":true,"href":"https:\/\/wiy.com.br\/noticias\/wp-json\/wp\/v2\/categories?post=34989"},{"taxonomy":"post_tag","embeddable":true,"href":"https:\/\/wiy.com.br\/noticias\/wp-json\/wp\/v2\/tags?post=34989"}],"curies":[{"name":"wp","href":"https:\/\/api.w.org\/{rel}","templated":true}]}}