{"id":3465,"date":"2023-02-26T14:52:56","date_gmt":"2023-02-26T17:52:56","guid":{"rendered":"https:\/\/wiy.com.br\/noticias\/promotor-abre-mao-de-conduzir-investigacoes-sobre-flavio-bolsonaro\/"},"modified":"2019-02-05T22:10:18","modified_gmt":"2019-02-06T00:10:18","slug":"promotor-abre-mao-de-conduzir-investigacoes-sobre-flavio-bolsonaro","status":"publish","type":"post","link":"https:\/\/wiy.com.br\/noticias\/promotor-abre-mao-de-conduzir-investigacoes-sobre-flavio-bolsonaro\/","title":{"rendered":"Promotor abre m\u00e3o de conduzir investiga\u00e7\u00f5es sobre Fl\u00e1vio Bolsonaro"},"content":{"rendered":"<p> <br \/>\n<\/p>\n<p>O promotor de Justi\u00e7a Claudio Calo, do Minist\u00e9rio P\u00fablico Estadual do Rio de Janeiro (MPRJ), n\u00e3o est\u00e1 mais \u00e0 frente das investiga\u00e7\u00f5es relativas aos relat\u00f3rios do <strong><a href=\"https:\/\/exame.abril.com.br\/noticias-sobre\/coaf\/\" target=\"_blank\" rel=\"noopener\">Conselho de Controle de Atividades Financeiras<\/a><\/strong> (Coaf) que apresentam movimenta\u00e7\u00f5es financeiras at\u00edpicas. Segundo ele, a decis\u00e3o foi tomada depois de &#8220;profunda reflex\u00e3o jur\u00eddica.&#8221;<\/p>\n<p>O promotor havia recebido ontem (4) as investiga\u00e7\u00f5es, mas em nota distribu\u00edda nesta ter\u00e7a-feira (5), declarou-se impedido.<\/p>\n<p>Em nota, o promotor informou que &#8220;juridicamente&#8221; entendeu que as investiga\u00e7\u00f5es que envolvem as movimenta\u00e7\u00f5es financeiras de funcion\u00e1rios do gabinete do senador <strong><a href=\"https:\/\/exame.abril.com.br\/noticias-sobre\/flavio-bolsonaro\" target=\"_blank\" rel=\"noopener\">Fl\u00e1vio Bolsonaro<\/a><\/strong> (PSL-RJ), que era deputado estadual na Assembleia Legislativa do Rio de Janeiro (Alerj), apontadas no relat\u00f3rio do Coaf, devem ser conduzidas pela Promotoria de Justi\u00e7a de Investiga\u00e7\u00e3o Penal Tabelar.<\/p>\n<div class=\"widget-news widget-box no-margin no-border\"><span class=\"widget-news-title content-box-title\">Veja tamb\u00e9m<\/span><\/p>\n<ul class=\"widget-news-list\">\n<li class=\"widget-news-item without-thumb with-border\">\n<div class=\"widget-news-info\"><a href=\"http:\/\/exame.abril.com.br\/brasil\">BRASIL<\/a><span class=\"widget-news-item-title\"><a href=\"https:\/\/exame.abril.com.br\/brasil\/promotor-que-apoiou-flavio-bolsonaro-nas-redes-fica-com-seu-caso-no-coaf\/\">Promotor que apoiou Fl\u00e1vio Bolsonaro nas redes fica com seu caso no Coaf<\/a><\/span><span class=\"widget-news-item-date\">5 fev 2019 &#8211; 15h02<\/span><\/div>\n<\/li>\n<\/ul>\n<\/div>\n<p>&#8220;Ap\u00f3s profunda reflex\u00e3o jur\u00eddica, em respeito \u00e0 imagem do MPRJ e \u00e0s investiga\u00e7\u00f5es relativas aos relat\u00f3rios do Conselho de Controle de Atividades Financeiras (Coaf), at\u00e9 mesmo diante da repercuss\u00e3o que o epis\u00f3dio vem tendo na m\u00eddia, juridicamente entendi ser mais oportuno que a investiga\u00e7\u00e3o sobre o senador Fl\u00e1vio Bolsonaro seja conduzida pela Promotoria de Justi\u00e7a de Investiga\u00e7\u00e3o Penal Tabelar. N\u00e3o se trata de decl\u00ednio de atribui\u00e7\u00e3o, pois a atribui\u00e7\u00e3o, como se sabe, \u00e9 da 24\u00aa PIP, mas trata-se de quest\u00e3o de cunho pessoal&#8221;, disse em nota o promotor.<\/p>\n<p>Um dia ap\u00f3s receber a investiga\u00e7\u00e3o sobreas movimenta\u00e7\u00f5es financeiras at\u00edpicas do ex-assessor do senador Fl\u00e1vio Bolsonaro (PSL-RJ), Fabr\u00edcio Queiroz, o promotor Claudio Calo declarou-se suspeito e deixou o caso. A decis\u00e3o foi anunciada nesta ter\u00e7a-feira, 5, ap\u00f3s a repercuss\u00e3o negativa de antigas publica\u00e7\u00f5es feitas pelo promotor em sua conta no Twitter, em que compartilhou postagens sobre a fam\u00edlia do presidente da Rep\u00fablica, Jair Bolsonaro, e comentou o caso Queiroz. No documento em que pede a sua suspei\u00e7\u00e3o, Calo afirma que se encontrou com Fl\u00e1vio em novembro passado.<\/p>\n<p>O promotor tamb\u00e9m alegou no pedido de suspei\u00e7\u00e3o que, apesar de n\u00e3o ser amigo ou inimigo de nenhuma pessoa mencionada nos autos, se encontrou pessoalmente com Fl\u00e1vio quando este estava na condi\u00e7\u00e3o de deputado estadual e senador eleito ainda n\u00e3o diplomado. A reuni\u00e3o teria sido antes dos fatos investigados serem publicados pela m\u00eddia, no dia 30 de novembro, e intermediado por amigos do promotor que estudaram Direito na mesma sala do parlamentar na universidade.<\/p>\n<p>O objetivo do encontro, segundo ele, era tratar &#8220;exclusivamente de quest\u00f5es relacionadas com a Seguran\u00e7a P\u00fablica, precisamente com o combate \u00e0 corrup\u00e7\u00e3o e o combate \u00e0 lavagem de capitais, assim como projetos de leis relacionados com crimes contra Administra\u00e7\u00e3o P\u00fablica e lavagem de capitais&#8221;. Ele disse que na ocasi\u00e3o sugeriu ao parlamentar, dentre v\u00e1rias outras sugest\u00f5es, o aumento das penas m\u00ednima dos crimes que causam les\u00e3o ao er\u00e1rio, assim como dificultar a progress\u00e3o de regime de cumprimento de pena.<\/p>\n<p>&#8220;Neste encontro estiveram presentes este Promotor de Justi\u00e7a, o referido parlamentar e dois amigos em comum que promoveram o contato pessoal com fins jur\u00eddicos, sendo que o contato, repise-se, ocorreu antes mesmo da divulga\u00e7\u00e3o pela m\u00eddia dos fatos ora investigados.&#8221;, disse.<\/p>\n<p>As publica\u00e7\u00f5es foram reveladas pelo jornal O Globo e confirmadas pelo Estado. As postagens repercutiram nas redes sociais por pessoas que questionaram a imparcialidade do promotor. Ao jornal <strong>O Estado de S. Paulo<\/strong>, Calo disse que deixou o caso por uma quest\u00e3o t\u00e9cnica e n\u00e3o por press\u00e3o, em raz\u00e3o do Twitter, ou por quest\u00e3o de simpatia ou antipatia pela fam\u00edlia.<\/p>\n<p>&#8220;J\u00e1 denunciei pessoas de v\u00e1rios partidos MDB, DEM, PT, PRTB dentre outros&#8221;, disse. No documento em que pede a sua suspei\u00e7\u00e3o, o promotor disse que tomou a decis\u00e3o &#8220;ap\u00f3s profunda reflex\u00e3o jur\u00eddica, em respeito \u00e0 imagem do MPRJ, \u00e0s investiga\u00e7\u00f5es e at\u00e9 mesmo diante da repercuss\u00e3o que o epis\u00f3dio vem tendo na m\u00eddia&#8221;.<\/p>\n<p>No entanto, afirmou que continuar\u00e1 na condu\u00e7\u00e3o das investiga\u00e7\u00f5es sobre os outros dez epis\u00f3dios apontados pelo Coaf envolvendo servidores da Alerj e deputados estaduais n\u00e3o reeleitos.<\/p>\n<p>Em uma das publica\u00e7\u00f5es feitas no Twitter que originaram a pol\u00eamica, Calo disse que o relat\u00f3rio do Coaf n\u00e3o necessariamente indica crime. &#8220;Tecnicamente, o crime de lavagem de capitais \u00e9 um crime parasit\u00e1rio, acess\u00f3rio, pressup\u00f5e uma infra\u00e7\u00e3o penal antecedente. O fato de haver fracionamento de dep\u00f3sitos banc\u00e1rios e em dinheiro gera suspeitas, mas, por si, n\u00e3o \u00e9 crime de lavagem, pois pode a origem do dinheiro ser l\u00edcita&#8221;, escreveu, no \u00faltimo dia 21.<\/p>\n<p>Ele tamb\u00e9m compartilhou posts feitos por Fl\u00e1vio Bolsonaro anunciando que ele iria dar entrevistas \u00e0 imprensa e um feito pelo vereador Carlos Bolsonaro (PSC), em que ele critica a abordagem dada pela imprensa \u00e0 viagem de seu pai para Davos.<\/p>\n<p>Antes de se declarar suspeito, Calo havia dito que suas manifesta\u00e7\u00f5es no Twitter&#8221;s\u00e3o de professor de direito, palestrante e articulista&#8221;. &#8220;N\u00e3o trato de casos em rede social e nem de investigados. Sequer me identifico como membro do MPRJ. Sigo v\u00e1rios parlamentares e governadores, a fim de fazer sugest\u00f5es&#8221;, argumentou.<\/p>\n<p>O promotor ressaltou que \u00e9 integrante de uma associa\u00e7\u00e3o denominada de Movimento de Combate \u00e0 Impunidade, que tem membros do MP e do Judici\u00e1rio e que suas mensagens no Twitter n\u00e3o demonstram prefer\u00eancias pol\u00edticas, &#8220;mas cr\u00edticas jur\u00eddicas, sugest\u00f5es legislativas e preocupa\u00e7\u00e3o com er\u00e1rio&#8221;. &#8220;Essa \u00e9 a pauta&#8221;, afirmou.<\/p>\n<p>Sobre o retu\u00edte de Carlos Bolsonaro, o promotor disse que a sua interpreta\u00e7\u00e3o sobre a mensagem principaldo vereador n\u00e3o foi a da cr\u00edtica a m\u00eddia, mas, &#8220;aparentemente, os poucos gastos com a viagem e menos gastos para o er\u00e1rio&#8221;. &#8220;N\u00e3o rtt (retu\u00edte) a mensagem do Carlos Bolsonaro porque criticou a imprensa, mas porque afirmou que a viagem a Davos foi pouco onerosa para o er\u00e1rio&#8221;, disse.<\/p>\n<p>A investiga\u00e7\u00e3o estava a cargo do procurador-geral de Justi\u00e7a do Minist\u00e9rio P\u00fablico do Rio de Janeiro (MP-RJ), Eduardo Gussem, mas o caso deixou de ser de sua al\u00e7ada porque Flavio Bolsonaro, que era deputado estadual no Rio de Janeiro, assumiu uma cadeira no Senado. O ex-assessor de Fl\u00e1vio foi identificado pelo Coaf em movimenta\u00e7\u00f5es financeiras at\u00edpicas de R$ 1,2 milh\u00e3o, de janeiro de 2016 a janeiro de 2017, conforme revelado pelo Estado, em dezembro do ano passado.<\/p>\n<p>Nos bastidores do MP, entre os promotores,houve um indicativo de que Calo dificilmente ficaria no caso. &#8220;N\u00e3o h\u00e1 clima para isso&#8221;, disse um integrante do \u00f3rg\u00e3o ao Estado que n\u00e3o quis se identificar. &#8220;\u00c9 muita press\u00e3o para quem de alguma forma j\u00e1 externou posi\u00e7\u00f5es sobre um dos envolvidos&#8221;, completou.<\/p>\n<p>J\u00e1 o PSOL entrou com um requerimento no MP do Rio em que pede a suspei\u00e7\u00e3o do promotor no caso.No documento, o partido alega que Claudio Calo &#8220;\u00e9 um apoiador costumaz dos pol\u00edticos Bolsonaro, do ministro S\u00e9rgio Moro e de outras figuras da direita brasileira &#8211; e faz quest\u00e3o de mostrar isso nas redes sociais&#8221;. &#8220;O caso precisa ser redistribu\u00eddo por conta da gravidade do caso e das potenciais consequ\u00eancias caso o promotor continue \u00e0 frente do processo&#8221;, alegou o partido.<\/p>\n<p>No ano passado, Claudio Calo assinou a den\u00fancia contra os ex-chefes da Pol\u00edcia Civil do Rio de Janeiro Rivaldo Barbosa e Carlos Leba, acusados de crimes contra a Lei de Licita\u00e7\u00f5es. Na ocasi\u00e3o, o Minist\u00e9rio P\u00fablico pediu o afastamento de Barbosa do cargo, o que a Justi\u00e7a acabou negando. At\u00e9 o in\u00edcio da noite desta ter\u00e7a-feira, 5, a assessoria de imprensa do MP n\u00e3o respondeu oficialmente sobre o assunto.<\/p>\n<p><br \/>\n<br \/><a href=\"https:\/\/exame.abril.com.br\/brasil\/promotor-abre-mao-de-conduzir-investigacoes-sobre-flavio-bolsonaro\/\">Source link <\/a><\/p>\n","protected":false},"excerpt":{"rendered":"<p>O promotor de Justi\u00e7a Claudio Calo, do Minist\u00e9rio P\u00fablico Estadual do Rio de Janeiro (MPRJ), n\u00e3o est\u00e1 mais \u00e0 frente das investiga\u00e7\u00f5es relativas aos relat\u00f3rios do Conselho de Controle de Atividades Financeiras (Coaf) que apresentam movimenta\u00e7\u00f5es financeiras at\u00edpicas. Segundo ele, a decis\u00e3o foi tomada depois de &#8220;profunda reflex\u00e3o jur\u00eddica.&#8221; O promotor havia recebido ontem (4) [&hellip;]<\/p>\n","protected":false},"author":1,"featured_media":3466,"comment_status":"open","ping_status":"open","sticky":false,"template":"","format":"standard","meta":{"footnotes":""},"categories":[337],"tags":[],"class_list":["post-3465","post","type-post","status-publish","format-standard","has-post-thumbnail","hentry","category-noticias"],"_links":{"self":[{"href":"https:\/\/wiy.com.br\/noticias\/wp-json\/wp\/v2\/posts\/3465","targetHints":{"allow":["GET"]}}],"collection":[{"href":"https:\/\/wiy.com.br\/noticias\/wp-json\/wp\/v2\/posts"}],"about":[{"href":"https:\/\/wiy.com.br\/noticias\/wp-json\/wp\/v2\/types\/post"}],"author":[{"embeddable":true,"href":"https:\/\/wiy.com.br\/noticias\/wp-json\/wp\/v2\/users\/1"}],"replies":[{"embeddable":true,"href":"https:\/\/wiy.com.br\/noticias\/wp-json\/wp\/v2\/comments?post=3465"}],"version-history":[{"count":0,"href":"https:\/\/wiy.com.br\/noticias\/wp-json\/wp\/v2\/posts\/3465\/revisions"}],"wp:featuredmedia":[{"embeddable":true,"href":"https:\/\/wiy.com.br\/noticias\/wp-json\/wp\/v2\/media\/3466"}],"wp:attachment":[{"href":"https:\/\/wiy.com.br\/noticias\/wp-json\/wp\/v2\/media?parent=3465"}],"wp:term":[{"taxonomy":"category","embeddable":true,"href":"https:\/\/wiy.com.br\/noticias\/wp-json\/wp\/v2\/categories?post=3465"},{"taxonomy":"post_tag","embeddable":true,"href":"https:\/\/wiy.com.br\/noticias\/wp-json\/wp\/v2\/tags?post=3465"}],"curies":[{"name":"wp","href":"https:\/\/api.w.org\/{rel}","templated":true}]}}