{"id":34641,"date":"2023-02-26T15:49:38","date_gmt":"2023-02-26T18:49:38","guid":{"rendered":"https:\/\/wiy.com.br\/noticias\/defesa-civil-vai-mandar-alertas-de-desastres-naturais-pela-tv\/"},"modified":"2019-10-21T23:17:17","modified_gmt":"2019-10-22T02:17:17","slug":"defesa-civil-vai-mandar-alertas-de-desastres-naturais-pela-tv","status":"publish","type":"post","link":"https:\/\/wiy.com.br\/noticias\/defesa-civil-vai-mandar-alertas-de-desastres-naturais-pela-tv\/","title":{"rendered":"Defesa Civil vai mandar alertas de desastres naturais pela TV"},"content":{"rendered":"<p> <br \/>\n<\/p>\n<p>A partir da pr\u00f3xima segunda-feira, dia 28, clientes de <a href=\"https:\/\/exame.abril.com.br\/noticias-sobre\/tv-paga\/\"><strong>TV por assinatura<\/strong><\/a> v\u00e3o receber mensagens de alertas de desastres naturais, como alagamentos, deslizamentos de terra e chuva de granizo da Defesa Civil do <a href=\"https:\/\/exame.abril.com.br\/noticias-sobre\/sao-paulo\/\"><strong>Estado de S\u00e3o Paulo<\/strong><\/a>.<\/p>\n<p>O alerta ser\u00e1 emitido em formato de &#8220;pop-up&#8221;, imagem sobreposta \u00e0 tela, por um per\u00edodo de 10 segundos, sem a necessidade de ser feito cadastramento pr\u00e9vio. O assinante que desejar, poder\u00e1 fechar a notifica\u00e7\u00e3o, mas n\u00e3o poder\u00e1 bloquear o recebimento.<\/p>\n<p>Os usu\u00e1rios receber\u00e3o a mensagem: &#8220;Defesa Civil: agora os alertas de risco est\u00e3o em sua TV&#8221;.<\/p>\n<p>O aviso de riscos naturais \u00e0 popula\u00e7\u00e3o \u00e9 uma forma complementar ao envio de alertas que j\u00e1 existe por mensagem de texto no celular (SMS 40199).<\/p>\n<p><br \/>\n<br \/><a href=\"https:\/\/exame.abril.com.br\/brasil\/defesa-civil-vai-mandar-alertas-de-desastres-naturais-pela-tv\/\">Fonte do artigo <\/a><br \/>\nTags:<br \/>\n#politica #political #negocios #business #marketingdigital #empreendedorismo #marketing #emprendedores #empreender #sucesso #empresas #emprendimiento #emprendedor #empreendedor #emprender #dinheiro #dinero #empresario #vendas #liderazgo #motivacion #foco #motivacao #negocio #brasil<\/p>\n","protected":false},"excerpt":{"rendered":"<p>A partir da pr\u00f3xima segunda-feira, dia 28, clientes de TV por assinatura v\u00e3o receber mensagens de alertas de desastres naturais, como alagamentos, deslizamentos de terra e chuva de granizo da Defesa Civil do Estado de S\u00e3o Paulo. O alerta ser\u00e1 emitido em formato de &#8220;pop-up&#8221;, imagem sobreposta \u00e0 tela, por um per\u00edodo de 10 segundos, [&hellip;]<\/p>\n","protected":false},"author":1,"featured_media":34642,"comment_status":"open","ping_status":"open","sticky":false,"template":"","format":"standard","meta":{"footnotes":""},"categories":[1],"tags":[],"class_list":["post-34641","post","type-post","status-publish","format-standard","has-post-thumbnail","hentry","category-curso-de-copy"],"_links":{"self":[{"href":"https:\/\/wiy.com.br\/noticias\/wp-json\/wp\/v2\/posts\/34641","targetHints":{"allow":["GET"]}}],"collection":[{"href":"https:\/\/wiy.com.br\/noticias\/wp-json\/wp\/v2\/posts"}],"about":[{"href":"https:\/\/wiy.com.br\/noticias\/wp-json\/wp\/v2\/types\/post"}],"author":[{"embeddable":true,"href":"https:\/\/wiy.com.br\/noticias\/wp-json\/wp\/v2\/users\/1"}],"replies":[{"embeddable":true,"href":"https:\/\/wiy.com.br\/noticias\/wp-json\/wp\/v2\/comments?post=34641"}],"version-history":[{"count":0,"href":"https:\/\/wiy.com.br\/noticias\/wp-json\/wp\/v2\/posts\/34641\/revisions"}],"wp:featuredmedia":[{"embeddable":true,"href":"https:\/\/wiy.com.br\/noticias\/wp-json\/wp\/v2\/media\/34642"}],"wp:attachment":[{"href":"https:\/\/wiy.com.br\/noticias\/wp-json\/wp\/v2\/media?parent=34641"}],"wp:term":[{"taxonomy":"category","embeddable":true,"href":"https:\/\/wiy.com.br\/noticias\/wp-json\/wp\/v2\/categories?post=34641"},{"taxonomy":"post_tag","embeddable":true,"href":"https:\/\/wiy.com.br\/noticias\/wp-json\/wp\/v2\/tags?post=34641"}],"curies":[{"name":"wp","href":"https:\/\/api.w.org\/{rel}","templated":true}]}}