{"id":34626,"date":"2023-02-26T15:23:37","date_gmt":"2023-02-26T18:23:37","guid":{"rendered":"https:\/\/wiy.com.br\/noticias\/deputados-do-psl-vao-ao-stf-para-barrar-suspensao\/"},"modified":"2019-10-21T20:14:05","modified_gmt":"2019-10-21T23:14:05","slug":"deputados-do-psl-vao-ao-stf-para-barrar-suspensao","status":"publish","type":"post","link":"https:\/\/wiy.com.br\/noticias\/deputados-do-psl-vao-ao-stf-para-barrar-suspensao\/","title":{"rendered":"Deputados do PSL v\u00e3o ao STF para barrar suspens\u00e3o"},"content":{"rendered":"<p> <br \/>\n<\/p>\n<p>S\u00e3o Paulo \u2014 Os cinco deputados do PSL que tiveram suas atividades suspensas pela c\u00fapula do partido pediram ao Supremo Tribunal Federal (<a href=\"https:\/\/exame.abril.com.br\/noticias-sobre\/rodrigo-maia\/\"><strong>STF<\/strong><\/a>) que ordene ao presidente da C\u00e2mara,<strong><a href=\"https:\/\/exame.abril.com.br\/noticias-sobre\/rodrigo-maia\/\"> Rodrigo Maia<\/a> <\/strong>(DEM), que se abstenha de anotar nos registros da C\u00e2mara dos Deputados o desligamento tempor\u00e1rio dos parlamentares. O pedido \u00e9 assinado pelo advogado Admar Gonzaga, que tamb\u00e9m defende o presidente Jair Bolsonaro em outras demandas.<\/p>\n<p>Os parlamentares suspensos s\u00e3o Carla Zambelli (SP), Filipe Barros (PR), Bibo Nunes (RS), Al\u00ea Silva (MG) e Carlos Jordy (RJ).<\/p>\n<p>Em uma investida contra o grupo bolsonarista, a c\u00fapula do PSL decidiu aumentar o n\u00famero de integrantes do partido com direito a voto nas decis\u00f5es da sigla e suspender cinco deputados federais das atividades partid\u00e1rias.<\/p>\n<div class=\"widget-news widget-box no-margin no-border\"><span class=\"widget-news-title content-box-title\">Veja tamb\u00e9m<\/span><\/p>\n<ul class=\"widget-news-list\">\n<li class=\"widget-news-item without-thumb with-border\">\n<div class=\"widget-news-info\"><a href=\"http:\/\/exame.abril.com.br\/brasil\">BRASIL<\/a><span class=\"widget-news-item-title\"><a href=\"https:\/\/exame.abril.com.br\/brasil\/psl-desliga-todos-os-12-vice-lideres-do-partido-na-camara\/\">Eduardo Bolsonaro desliga todos os 12 vice-l\u00edderes do PSL na C\u00e2mara<\/a><\/span><span class=\"widget-news-item-date\">21 out 2019 &#8211; 18h10<\/span><\/div>\n<\/li>\n<\/ul>\n<\/div>\n<p>As decis\u00f5es foram anunciadas pelos l\u00edderes do PSL na <a href=\"https:\/\/exame.abril.com.br\/noticias-sobre\/camara-dos-deputados\/\" target=\"_blank\" rel=\"noopener noreferrer\"><strong>C\u00e2mara<\/strong><\/a>, Delegado Waldir (GO), e no Senado, Major Olimpio (SP), ap\u00f3s reuni\u00e3o da dire\u00e7\u00e3o nacional da legenda em um centro empresarial de Bras\u00edlia.<\/p>\n<p>Para Gonzaga, &#8220;diante dos elementos aqui narrados, que se consubstanciam em decis\u00e3o tir\u00e2nica, ausente de fundamenta\u00e7\u00e3o, em desacordo com o Estatuto do partido, alheia \u00e0 legisla\u00e7\u00e3o, ferindo de morte o contradit\u00f3rio e ampla defesa, \u00e9 que os impetrantes v\u00eam \u00e0 esse eg. Supremo Tribunal Federal requerer que referida penalidade sequer seja anotada nos registros da C\u00e2mara dos Deputados&#8221;.<\/p>\n<p>&#8220;A atua\u00e7\u00e3o preventiva dessa eg. Corte Suprema se justifica diante da urg\u00eancia acima exposta e, ainda, da manifesta viola\u00e7\u00e3o ao direito l\u00edquido e certo de terem preservada a integridade do mandato parlamentar, pelas raz\u00f5es acima expostas, suficientes para a concess\u00e3o de medida liminar e, ao final, concess\u00e3o da seguran\u00e7a&#8221;, anota.<\/p>\n<p><br \/>\n<br \/><a href=\"https:\/\/exame.abril.com.br\/brasil\/deputados-do-psl-vao-ao-stf-para-barrar-suspensao\/\">Fonte do artigo <\/a><br \/>\nTags:<br \/>\n#politica #political #negocios #business #marketingdigital #empreendedorismo #marketing #emprendedores #empreender #sucesso #empresas #emprendimiento #emprendedor #empreendedor #emprender #dinheiro #dinero #empresario #vendas #liderazgo #motivacion #foco #motivacao #negocio #brasil<\/p>\n","protected":false},"excerpt":{"rendered":"<p>S\u00e3o Paulo \u2014 Os cinco deputados do PSL que tiveram suas atividades suspensas pela c\u00fapula do partido pediram ao Supremo Tribunal Federal (STF) que ordene ao presidente da C\u00e2mara, Rodrigo Maia (DEM), que se abstenha de anotar nos registros da C\u00e2mara dos Deputados o desligamento tempor\u00e1rio dos parlamentares. O pedido \u00e9 assinado pelo advogado Admar [&hellip;]<\/p>\n","protected":false},"author":1,"featured_media":26060,"comment_status":"open","ping_status":"open","sticky":false,"template":"","format":"standard","meta":{"footnotes":""},"categories":[1],"tags":[],"class_list":["post-34626","post","type-post","status-publish","format-standard","has-post-thumbnail","hentry","category-curso-de-copy"],"_links":{"self":[{"href":"https:\/\/wiy.com.br\/noticias\/wp-json\/wp\/v2\/posts\/34626","targetHints":{"allow":["GET"]}}],"collection":[{"href":"https:\/\/wiy.com.br\/noticias\/wp-json\/wp\/v2\/posts"}],"about":[{"href":"https:\/\/wiy.com.br\/noticias\/wp-json\/wp\/v2\/types\/post"}],"author":[{"embeddable":true,"href":"https:\/\/wiy.com.br\/noticias\/wp-json\/wp\/v2\/users\/1"}],"replies":[{"embeddable":true,"href":"https:\/\/wiy.com.br\/noticias\/wp-json\/wp\/v2\/comments?post=34626"}],"version-history":[{"count":0,"href":"https:\/\/wiy.com.br\/noticias\/wp-json\/wp\/v2\/posts\/34626\/revisions"}],"wp:featuredmedia":[{"embeddable":true,"href":"https:\/\/wiy.com.br\/noticias\/wp-json\/wp\/v2\/media\/26060"}],"wp:attachment":[{"href":"https:\/\/wiy.com.br\/noticias\/wp-json\/wp\/v2\/media?parent=34626"}],"wp:term":[{"taxonomy":"category","embeddable":true,"href":"https:\/\/wiy.com.br\/noticias\/wp-json\/wp\/v2\/categories?post=34626"},{"taxonomy":"post_tag","embeddable":true,"href":"https:\/\/wiy.com.br\/noticias\/wp-json\/wp\/v2\/tags?post=34626"}],"curies":[{"name":"wp","href":"https:\/\/api.w.org\/{rel}","templated":true}]}}