{"id":34590,"date":"2023-02-26T15:10:59","date_gmt":"2023-02-26T18:10:59","guid":{"rendered":"https:\/\/wiy.com.br\/noticias\/chefao-do-santander-ja-olha-para-2020\/"},"modified":"2019-10-21T13:22:10","modified_gmt":"2019-10-21T16:22:10","slug":"chefao-do-santander-ja-olha-para-2020","status":"publish","type":"post","link":"https:\/\/wiy.com.br\/noticias\/chefao-do-santander-ja-olha-para-2020\/","title":{"rendered":"Chef\u00e3o do Santander j\u00e1 olha para 2020"},"content":{"rendered":"<p> <br \/>\n<\/p>\n<div id=\"post-3254556\">\n<header class=\"article-header\">\n<div class=\"blog-author-single\">\n<div class=\"author-content\">\n<div class=\"img-top-blog chapeu\">\n<div>\n          <a href=\"https:\/\/veja.abril.com.br\/blog\/radar\/ \"><br \/>\n            <img title = \"[Tags]\"alt = \"robson-bonin-120 Chef\u00e3o do Santander j\u00e1 olha para 2020\"decoding=\"async\" class=\"author-image\" src=\"https:\/\/abrilveja.files.wordpress.com\/2019\/07\/robson-bonin-120.png?w=120\"\/><\/a>\n        <\/div>\n<\/p><\/div>\n<\/div><\/div>\n<h2 class=\"article-subtitle\">2020 j\u00e1 come\u00e7ou<\/h2>\n<div class=\"article-author\">\n<p>Por <span>Pedro Carvalho<\/span><\/p>\n<p>\n      <i class=\"material-icons\">access_time<\/i><br \/>\n      <span><br \/>\n        21 out 2019, 10h32      <\/span>\n    <\/p>\n<\/p><\/div>\n<\/header>\n<section class=\"share\"><a href=\"whatsapp:\/\/send?text=Chef\u00e3o do Santander j\u00e1 olha para 2020 https:\/\/veja.abril.com.br\/blog\/radar\/chefao-do-santander-ja-olha-para-2020\/?utm_source=whatsapp&amp;utm_medium=social&amp;utm_campaign=barra-compartilhamento VEJA.com\" data-action=\"share\/whatsapp\/share\" class=\"whatsapp  hidden-md hidden-lg\"><i class=\"icon-whatsapp\"\/><\/a><\/p>\n<p>      <a href=\"mailto:?subject=Chef\u00e3o do Santander j\u00e1 olha para 2020&amp;body=Chef\u00e3o do Santander j\u00e1 olha para 2020 https:\/\/veja.abril.com.br\/blog\/radar\/chefao-do-santander-ja-olha-para-2020\/?utm_source=email&amp;utm_medium=email&amp;utm_campaign=barra-compartilhamento via VEJA.com\" class=\"\"><i class=\"icon-envelope-o\"\/><\/a><\/p>\n<p>      <a href=\"https:\/\/facebook.com\/sharer\/sharer.php?u=https:\/\/veja.abril.com.br\/blog\/radar\/chefao-do-santander-ja-olha-para-2020\/\" target=\"_blank\" class=\"\" rel=\"noopener noreferrer\"><i class=\"icon-facebook\"\/><\/a><\/p>\n<p>      <a href=\"https:\/\/twitter.com\/intent\/tweet?url=https%3A%2F%2Fveja.abril.com.br%2Fblog%2Fradar%2Fchefao-do-santander-ja-olha-para-2020%2F&amp;text=Chef\u00e3o do Santander j\u00e1 olha para 2020&amp;via=VEJA\" target=\"_blank\" class=\"\" rel=\"noopener noreferrer\"><i class=\"icon-twitter\"\/><\/a><\/p>\n<p>      <a href=\"https:\/\/www.linkedin.com\/shareArticle?mini=true&amp;url=https%3A%2F%2Fveja.abril.com.br%2Fblog%2Fradar%2Fchefao-do-santander-ja-olha-para-2020%2F&amp;summary=&amp;source=LinkedIn\" target=\"_blank\" class=\" hidden-sm hidden-xs\" rel=\"noopener noreferrer\"><i class=\"icon-linkedin\"\/><\/a><\/p>\n<p>      <a href=\"fb-messenger:\/\/share\/?link=https:\/\/veja.abril.com.br\/blog\/radar\/chefao-do-santander-ja-olha-para-2020\/&amp;app_id=\" class=\"whatsapp  hidden-sm hidden-xs hidden-md hidden-lg\"><i class=\"icon-Facebook-Messenger\"\/><\/a><\/p>\n<p>      <a href=\"#respond\" class=\" hidden-sm hidden-xs hidden-md hidden-lg\"><i class=\"material-icons\">chat_bubble_outline<\/i><\/a><\/p>\n<p>      <i class=\"material-icons\" onclick=\"toggle(this,'.share','more_horiz','close')\">more_horiz<\/i><br \/>\n\t\t\t\t\t\t<\/section>\n<section class=\"article-content\">\n<div class=\"featured-image\">\n<div class=\"image\">\n\t\t\t\t\t\t\t\t\t\t<img title = \"[Tags]\"data-src=\"https:\/\/abrilveja.files.wordpress.com\/2018\/01\/bancos-paulista-gl-3-copiar.jpg\" class=\"abril-image optimized lazyload\" abril-data-id=\"3254556\"  data- data-pin-nopin=\"true\"alt = \"robson-bonin-120 Chef\u00e3o do Santander j\u00e1 olha para 2020\"\/><\/div>\n<p class=\"caption\">Ag\u00eancia do banco Santander na Avenida Paulista, em S\u00e3o Paulo\u00a0(Gustavo Luizon\/VEJA.com)<\/p>\n<\/p><\/div>\n<p style=\"text-align:justify;\">Ao anunciar a contrata\u00e7\u00e3o do ex-presidente do Banco do Brasil Marcelo Labuto para trabalhar na diretoria de Varejo do Santander, o chef\u00e3o do banco, S\u00e9rgio Rial, disse em comunicado interno que 2020 j\u00e1 come\u00e7ou por l\u00e1.<\/p>\n<\/section>\n<section class=\"article-tags\"><span><br \/>\n\t\t\t\t\t\t\t\t\tNot\u00edcias sobre\t\t\t\t\t\t\t\t<\/span><br \/>\n\t\t\t\t\t\t\t\t<a href=\"https:\/\/veja.abril.com.br\/noticias-sobre\/santander\/\" rel=\"tag\">Santander<\/a>\t\t\t\t\t\t\t<\/section>\n<\/p><\/div>\n<p><script async src=\"http:\/\/platform.twitter.com\/widgets.js\" charset=\"utf-8\"><\/script><br \/>\n<br \/><br \/>\n<br \/><a href=\"https:\/\/veja.abril.com.br\/blog\/radar\/chefao-do-santander-ja-olha-para-2020\/\">Fonte do Artigo<\/a><br \/>\nTags: <\/p>\n<p><a title=\"IBJE\" href=\"https:\/\/ibge.gov.br\/\">#IBJE<\/a> <a title=\"FGV\" href=\"https:\/\/portal.fgv.br\/\">#FGV<\/a> <a title=\"LOTOFACIL\" href=\"http:\/\/loterias.caixa.gov.br\/wps\/portal\/loterias\/landing\/lotofacil\/\">#LOTOFACIL<\/a> <a title=\"TINDER\" href=\"https:\/\/tinder.com\/?lang=pt-BR\">#TINDER<\/a> <a title=\"GMAILGOOGLE\" href=\"https:\/\/mail.google.com\">#GMAILGOOGLE<\/a> <a title=\"TIKTOK\" href=\"https:\/\/www.tiktok.com\/pt_BR\/\">#TIKTOK<\/a><\/p>\n","protected":false},"excerpt":{"rendered":"<p>2020 j\u00e1 come\u00e7ou Por Pedro Carvalho access_time 21 out 2019, 10h32 chat_bubble_outline more_horiz Ag\u00eancia do banco Santander na Avenida Paulista, em S\u00e3o Paulo\u00a0(Gustavo Luizon\/VEJA.com) Ao anunciar a contrata\u00e7\u00e3o do ex-presidente do Banco do Brasil Marcelo Labuto para trabalhar na diretoria de Varejo do Santander, o chef\u00e3o do banco, S\u00e9rgio Rial, disse em comunicado interno que [&hellip;]<\/p>\n","protected":false},"author":1,"featured_media":34591,"comment_status":"open","ping_status":"open","sticky":false,"template":"","format":"standard","meta":{"footnotes":""},"categories":[7],"tags":[],"class_list":["post-34590","post","type-post","status-publish","format-standard","has-post-thumbnail","hentry","category-economia"],"_links":{"self":[{"href":"https:\/\/wiy.com.br\/noticias\/wp-json\/wp\/v2\/posts\/34590","targetHints":{"allow":["GET"]}}],"collection":[{"href":"https:\/\/wiy.com.br\/noticias\/wp-json\/wp\/v2\/posts"}],"about":[{"href":"https:\/\/wiy.com.br\/noticias\/wp-json\/wp\/v2\/types\/post"}],"author":[{"embeddable":true,"href":"https:\/\/wiy.com.br\/noticias\/wp-json\/wp\/v2\/users\/1"}],"replies":[{"embeddable":true,"href":"https:\/\/wiy.com.br\/noticias\/wp-json\/wp\/v2\/comments?post=34590"}],"version-history":[{"count":0,"href":"https:\/\/wiy.com.br\/noticias\/wp-json\/wp\/v2\/posts\/34590\/revisions"}],"wp:featuredmedia":[{"embeddable":true,"href":"https:\/\/wiy.com.br\/noticias\/wp-json\/wp\/v2\/media\/34591"}],"wp:attachment":[{"href":"https:\/\/wiy.com.br\/noticias\/wp-json\/wp\/v2\/media?parent=34590"}],"wp:term":[{"taxonomy":"category","embeddable":true,"href":"https:\/\/wiy.com.br\/noticias\/wp-json\/wp\/v2\/categories?post=34590"},{"taxonomy":"post_tag","embeddable":true,"href":"https:\/\/wiy.com.br\/noticias\/wp-json\/wp\/v2\/tags?post=34590"}],"curies":[{"name":"wp","href":"https:\/\/api.w.org\/{rel}","templated":true}]}}