{"id":34533,"date":"2023-02-26T15:08:19","date_gmt":"2023-02-26T18:08:19","guid":{"rendered":"https:\/\/wiy.com.br\/noticias\/parque-madureira-fica-multicolorido-e-recebe-cerca-de-3-mil-pessoas-em-pre-parada-lbgt\/"},"modified":"2019-10-20T19:46:54","modified_gmt":"2019-10-20T22:46:54","slug":"parque-madureira-fica-multicolorido-e-recebe-cerca-de-3-mil-pessoas-em-pre-parada-lbgt","status":"publish","type":"post","link":"https:\/\/wiy.com.br\/noticias\/parque-madureira-fica-multicolorido-e-recebe-cerca-de-3-mil-pessoas-em-pre-parada-lbgt\/","title":{"rendered":"Parque Madureira fica multicolorido e recebe cerca de 3 mil pessoas em Pr\u00e9-Parada LBGT"},"content":{"rendered":"<p> <br \/>\n<\/p>\n<div property=\"na:ArticleBody\">\n<p align=\"justify\">O Parque Madureira, na Zona Norte do Rio, se encheu de cores neste domingo ao receber o aquecimento da 19\u00ba Parada LGBT do bairro, agendada para 15 de dezembro e realizada h\u00e1 quase 20 anos. Nem o c\u00e9u cinzento apagou o colorido da diversidade ou afastou o brilho das cerca de tr\u00eas mil pessoas que foram ao parque. Segundo a organiza\u00e7\u00e3o, a pr\u00e9 foi pensada para diminuir a expectativa de quem, todo ano, prestigia \u201ca maior parada LGBT do Brasil realizada num bairro do sub\u00farbio\u201d. Este ano, a celebra\u00e7\u00e3o foi adiada por falta de apoio.<\/p>\n<p align=\"justify\">\u2014 Todos ficam ansiosos para a Parada de Madureira. Como ela s\u00f3 acontece no fim do ano, organizamos esse evento para receber o povo LGBT com orgulho. Infelizmente, os patrocinadores correram em cima da hora. Vivemos um momento dif\u00edcil \u2014 contou Loren Alexsandre, presidente do grupo MGTT (Movimento de Gays, Travestis e Transformistas), que teve a ideia da festa: \u2014 A diversidade e a liberdade s\u00e3o nossas, assim como a luta contra o preconceito. Estamos aqui para levantar uma bandeira que \u00e9 de todos n\u00f3s.<\/p>\n<p align=\"justify\">Refor\u00e7ando a \u201cluta de todos\u201d, as amigas Andressa Rodrigues, de 25 anos, e Camila Santos, de 23, ergueram as cores da diversidade. Heterossexuais, elas lembraram que n\u00e3o \u00e9 preciso ser gay para defender a causa. H\u00e1 tr\u00eas anos, as duas frequentam a Parada de Madureira e destacam o respeito da festa.<\/p>\n<p align=\"justify\">\u2014 Minha melhor amiga \u00e9 bissexual e me trouxe, na primeira vez. N\u00e3o deixo mais de prestigiar. J\u00e1 fui \u00e0 de Copacabana, mas a de Madureira \u00e9 melhor e mais especial, sem tanto tumulto. Aqui todo mundo respeita todo mundo \u2014 afirmou Andressa, professora de educa\u00e7\u00e3o infantil.<\/p>\n<p align=\"justify\">\n<figure><img title = \"[Tags]\"decoding=\"async\" class=\"inline\" src=\"https:\/\/extra.globo.com\/incoming\/24030724-0b2-3a5\/w448\/x85277526_ext-cirio-de-janeirorj20102019aquecimento-no-parque-de-madureira-para-a-p.jpg.pagespeed.ic.MMuwRQ1RyE.jpg\"alt = \"x85277526_ext-cirio-de-janeirorj20102019aquecimento-no-parque-de-madureira-para-a-p.jpg.pagespeed.ic.MMuwRQ1RyE Parque Madureira fica multicolorido e recebe cerca de 3 mil pessoas em Pr\u00e9-Parada LBGT\"\/><figcaption>Roger Barbosa optou por look dourado e com brilho Foto: Guilherme Pinto \/ Ag\u00eancia O Globo<\/figcaption><\/figure>\n<\/p>\n<p align=\"justify\">Para muitos, o domingo foi de tirar a roupa mais brilhosa do arm\u00e1rio. O estudante Roger Barbosa, de 19 anos, por exemplo, usou um short dourado e se encheu de glitter:<\/p>\n<p align=\"justify\">\u2014 Esse \u00e9 o dia perfeito para todos n\u00f3s brilharmos!<\/p>\n<p align=\"justify\">\n<figure><img title = \"[Tags]\"decoding=\"async\" class=\"inline\" src=\"https:\/\/extra.globo.com\/incoming\/24030727-e84-b6a\/w448\/x85277488_ext-cirio-de-janeirorj20102019aquecimento-no-parque-de-madureira-para-a-p.jpg.pagespeed.ic.rWMMxtUrJe.jpg\"alt = \"x85277526_ext-cirio-de-janeirorj20102019aquecimento-no-parque-de-madureira-para-a-p.jpg.pagespeed.ic.MMuwRQ1RyE Parque Madureira fica multicolorido e recebe cerca de 3 mil pessoas em Pr\u00e9-Parada LBGT\"\/><figcaption>Anima\u00e7\u00e3o e respeito marcaram festa em Madureira Foto: Guilherme Pinto \/ Ag\u00eancia O Globo<\/figcaption><\/figure>\n<\/p>\n<p align=\"justify\">A transexual Luciana Maxwell, de 42 anos, participa da Parada LGBT de Madureira desde que a festa era realizada no Viaduto Negr\u00e3o de Lima, ainda sem o glamour das \u00faltimas edi\u00e7\u00f5es, que chegaram a contar at\u00e9 com oito trios el\u00e9tricos. Para ela, o aquecimento de ontem teve um gostinho de \u201cpr\u00eamio de consola\u00e7\u00e3o\u201d:<\/p>\n<p align=\"justify\">\u2014 Por causa do adiamento da festa, n\u00e3o vou poder comparecer no dia oficial. Adorei quando soube dessa pr\u00e9. Foi bom para eu n\u00e3o me sentir t\u00e3o frustrada&#8230; A Parada de Madureira trouxe representatividade para muitos homossexuais da Zona Norte!<\/p>\n<p align=\"justify\">A festa tem o apoio da Prefeitura do Rio, por meio da Coordenadoria Especial da Diversidade Sexual (CEDS Rio).<\/p>\n<p align=\"justify\">\u2014 A cidade vai al\u00e9m da Zona Sul. Os LGBTs do sub\u00farbio e das zonas Norte e Oeste precisam de aten\u00e7\u00e3o. Nossa gest\u00e3o foca nessas \u00e1reas \u2014 diz o coordenador N\u00e9lio Georgini.<\/p>\n<p align=\"justify\">\n<figure><img title = \"[Tags]\"decoding=\"async\" class=\"inline\" src=\"https:\/\/extra.globo.com\/incoming\/24030723-f05-808\/w448\/x85277502_ext-cirio-de-janeirorj20102019aquecimento-no-parque-de-madureira-para-a-p.jpg.pagespeed.ic.RX6A3JC5pn.jpg\"alt = \"x85277526_ext-cirio-de-janeirorj20102019aquecimento-no-parque-de-madureira-para-a-p.jpg.pagespeed.ic.MMuwRQ1RyE Parque Madureira fica multicolorido e recebe cerca de 3 mil pessoas em Pr\u00e9-Parada LBGT\"\/><figcaption>Dan\u00e7arinas e grupos musicais se apresentaram na festa Foto: Guilherme Pinto \/ Ag\u00eancia O Globo<\/figcaption><\/figure>\n<\/p>\n<p align=\"justify\">\n<figure><img title = \"[Tags]\"decoding=\"async\" class=\"inline\" src=\"https:\/\/extra.globo.com\/incoming\/24030745-825-77b\/w448\/x85277454_ext-cirio-de-janeirorj20102019aquecimento-no-parque-de-madureira-para-a-p.jpg.pagespeed.ic._moNbmoT6I.jpg\"alt = \"x85277526_ext-cirio-de-janeirorj20102019aquecimento-no-parque-de-madureira-para-a-p.jpg.pagespeed.ic.MMuwRQ1RyE Parque Madureira fica multicolorido e recebe cerca de 3 mil pessoas em Pr\u00e9-Parada LBGT\"\/><figcaption>As amigas Vict\u00f3ria, Renata e Mel aproveitam o evento Foto: Guilherme Pinto \/ Ag\u00eancia O Globo<\/figcaption><\/figure>\n<\/p>\n<figure id=\"whatsapp\"><img title = \"[Tags]\"decoding=\"async\" src=\"http:\/\/extra.globo.com\/img\/9a7\/2015\/10\/16\/13\/xseloWhatsApp-448x200_1.jpg.pagespeed.ic.GiH264wbzO.jpg\"alt = \"x85277526_ext-cirio-de-janeirorj20102019aquecimento-no-parque-de-madureira-para-a-p.jpg.pagespeed.ic.MMuwRQ1RyE Parque Madureira fica multicolorido e recebe cerca de 3 mil pessoas em Pr\u00e9-Parada LBGT\"\/><figcaption>\n<h4\/>  <\/figcaption><\/figure>\n<div id=\"selo-em-artigo\" class=\"facebook\">\n<figure><a href=\"https:\/\/www.facebook.com\/jornalextra\" rel=\"nofollow noopener noreferrer\" target=\"_blank\"> <img title = \"[Tags]\"decoding=\"async\" src=\"http:\/\/extra.globo.com\/img\/6b9\/2014\/11\/5\/9\/xSelo-Facebook-448pxWeb.jpg.pagespeed.ic.sbRF35PtrK.jpg\"alt = \"x85277526_ext-cirio-de-janeirorj20102019aquecimento-no-parque-de-madureira-para-a-p.jpg.pagespeed.ic.MMuwRQ1RyE Parque Madureira fica multicolorido e recebe cerca de 3 mil pessoas em Pr\u00e9-Parada LBGT\"\/><\/a> <\/figure>\n<\/div><\/div>\n<p><script>\n\t\t\t$(document).ready(function() {\n\t\t\t\t$.ajaxSetup({ cache: true });\n\t\t\t\t$.getScript('\/\/connect.facebook.net\/pt_BR\/sdk.js', function(){\n\t\t\t\t\tFB.init({\n\t\t\t\t\t\txfbml      : true,\n\t\t\t\t\t\tversion    : 'v2.5'\n\t\t\t\t\t});\n\t\t\t\t});\n\t\t\t});\n\t\t<\/script><br \/>\n<br \/><br \/>\n<br \/><a href=\"https:\/\/extra.globo.com\/noticias\/rio\/parque-madureira-fica-multicolorido-recebe-cerca-de-3-mil-pessoas-em-pre-parada-lbgt-24030732.html\">Fonte do Artigo <\/a><br \/>\nTags:<\/p>\n<p><a href=\"https:\/\/wiy.com.br\/noticias\/categoria\/noticias\/\">#noticia<\/a> <a href=\"https:\/\/wiy.com.br\/noticias\/categoria\/noticias\/\">#novidades<\/a> <a href=\"https:\/\/wiy.com.br\/noticias\/categoria\/noticias\/\">#noticias<\/a> <a href=\"https:\/\/wiy.com.br\/noticias\/categoria\/noticias\/\">#venezuela<\/a> <a href=\"https:\/\/wiy.com.br\/noticias\/categoria\/noticias\/\">#seo<\/a> <a href=\"https:\/\/wiy.com.br\/noticias\/categoria\/noticias\/\">#instagram<\/a> <a href=\"https:\/\/wiy.com.br\/noticias\/categoria\/noticias\/\">#cicpc<\/a> <a href=\"https:\/\/wiy.com.br\/noticias\/categoria\/noticias\/\">#policia<\/a> <a href=\"https:\/\/wiy.com.br\/noticias\/categoria\/noticias\/\">#ultimahora<\/a> <a href=\"https:\/\/wiy.com.br\/noticias\/categoria\/noticias\/\">#seguridade<\/a> <a href=\"https:\/\/wiy.com.br\/noticias\/categoria\/noticias\/\">#informacao<\/a> <a href=\"https:\/\/wiy.com.br\/noticias\/categoria\/noticias\/\">#paz<\/a> <a href=\"https:\/\/wiy.com.br\/noticias\/categoria\/noticias\/\">#urgente<\/a> <a href=\"https:\/\/wiy.com.br\/noticias\/categoria\/noticias\/\">#policiacientifica<\/a> <a href=\"https:\/\/wiy.com.br\/noticias\/categoria\/noticias\/\">#criminalisticcicpc<\/a> <a href=\"https:\/\/wiy.com.br\/noticias\/categoria\/noticias\/\">#crimes<\/a> <a href=\"https:\/\/wiy.com.br\/noticias\/categoria\/noticias\/\">#extra<\/a> <a href=\"https:\/\/wiy.com.br\/noticias\/categoria\/noticias\/\">#ultimahoranoticia<\/a> <a href=\"https:\/\/wiy.com.br\/noticias\/categoria\/noticias\/\">#brazil247<\/a> <a href=\"https:\/\/wiy.com.br\/noticias\/categoria\/noticias\/\">#governo<\/a> <a href=\"https:\/\/wiy.com.br\/noticias\/categoria\/noticias\/\">#brasil247<\/a> <a href=\"https:\/\/wiy.com.br\/noticias\/categoria\/noticias\/\">#bolsonaro<\/a> <a href=\"https:\/\/wiy.com.br\/noticias\/categoria\/noticias\/\">#jornalismo<\/a> <a href=\"https:\/\/wiy.com.br\/noticias\/categoria\/noticias\/\">#informacoes<\/a> <a href=\"https:\/\/wiy.com.br\/noticias\/categoria\/noticias\/\">#news<\/a> <a href=\"https:\/\/wiy.com.br\/noticias\/categoria\/noticias\/\">#jornal<\/a> <a href=\"https:\/\/wiy.com.br\/noticias\/categoria\/noticias\/\">#tiktok<\/a> <a href=\"https:\/\/wiy.com.br\/noticias\/categoria\/noticias\/\">#fgts<\/a> <a href=\"https:\/\/wiy.com.br\/noticias\/categoria\/noticias\/\">#pis<\/a> <a href=\"https:\/\/wiy.com.br\/noticias\/categoria\/noticias\/\">#caixa<\/a> <a href=\"https:\/\/wiy.com.br\/noticias\/categoria\/noticias\/\">#loterias<\/a> <a href=\"https:\/\/wiy.com.br\/noticias\/categoria\/noticias\/\">#megasena<\/a> <a href=\"https:\/\/wiy.com.br\/noticias\/categoria\/noticias\/\">#lotofacil<\/a> <a href=\"https:\/\/wiy.com.br\/noticias\/categoria\/noticias\/\">#megamania<\/a> <a href=\"https:\/\/wiy.com.br\/noticias\/categoria\/noticias\/\">#sus<\/a> <a href=\"https:\/\/wiy.com.br\/noticias\/categoria\/noticias\/\">#ibge<\/a><\/p>\n","protected":false},"excerpt":{"rendered":"<p>O Parque Madureira, na Zona Norte do Rio, se encheu de cores neste domingo ao receber o aquecimento da 19\u00ba Parada LGBT do bairro, agendada para 15 de dezembro e realizada h\u00e1 quase 20 anos. Nem o c\u00e9u cinzento apagou o colorido da diversidade ou afastou o brilho das cerca de tr\u00eas mil pessoas que [&hellip;]<\/p>\n","protected":false},"author":1,"featured_media":34534,"comment_status":"open","ping_status":"open","sticky":false,"template":"","format":"standard","meta":{"footnotes":""},"categories":[337],"tags":[],"class_list":["post-34533","post","type-post","status-publish","format-standard","has-post-thumbnail","hentry","category-noticias"],"_links":{"self":[{"href":"https:\/\/wiy.com.br\/noticias\/wp-json\/wp\/v2\/posts\/34533","targetHints":{"allow":["GET"]}}],"collection":[{"href":"https:\/\/wiy.com.br\/noticias\/wp-json\/wp\/v2\/posts"}],"about":[{"href":"https:\/\/wiy.com.br\/noticias\/wp-json\/wp\/v2\/types\/post"}],"author":[{"embeddable":true,"href":"https:\/\/wiy.com.br\/noticias\/wp-json\/wp\/v2\/users\/1"}],"replies":[{"embeddable":true,"href":"https:\/\/wiy.com.br\/noticias\/wp-json\/wp\/v2\/comments?post=34533"}],"version-history":[{"count":0,"href":"https:\/\/wiy.com.br\/noticias\/wp-json\/wp\/v2\/posts\/34533\/revisions"}],"wp:featuredmedia":[{"embeddable":true,"href":"https:\/\/wiy.com.br\/noticias\/wp-json\/wp\/v2\/media\/34534"}],"wp:attachment":[{"href":"https:\/\/wiy.com.br\/noticias\/wp-json\/wp\/v2\/media?parent=34533"}],"wp:term":[{"taxonomy":"category","embeddable":true,"href":"https:\/\/wiy.com.br\/noticias\/wp-json\/wp\/v2\/categories?post=34533"},{"taxonomy":"post_tag","embeddable":true,"href":"https:\/\/wiy.com.br\/noticias\/wp-json\/wp\/v2\/tags?post=34533"}],"curies":[{"name":"wp","href":"https:\/\/api.w.org\/{rel}","templated":true}]}}