{"id":34469,"date":"2023-02-26T15:23:22","date_gmt":"2023-02-26T18:23:22","guid":{"rendered":"https:\/\/wiy.com.br\/noticias\/bolsonaro-quer-processar-lider-do-psl-que-o-chamou-de-vagabundo\/"},"modified":"2019-10-19T19:26:44","modified_gmt":"2019-10-19T22:26:44","slug":"bolsonaro-quer-processar-lider-do-psl-que-o-chamou-de-vagabundo","status":"publish","type":"post","link":"https:\/\/wiy.com.br\/noticias\/bolsonaro-quer-processar-lider-do-psl-que-o-chamou-de-vagabundo\/","title":{"rendered":"Bolsonaro quer processar l\u00edder do PSL que o chamou de \u201cvagabundo\u201d"},"content":{"rendered":"<p> <br \/>\n<\/p>\n<p><span>O presidente <strong><a href=\"https:\/\/exame.abril.com.br\/noticias-sobre\/jair-bolsonaro\/\">Jair Bolsonaro<\/a><\/strong> acionou a Advocacia-Geral da Uni\u00e3o (AGU) para processar o l\u00edder do\u00a0<\/span><strong><a href=\"https:\/\/exame.abril.com.br\/noticias-sobre\/psl-partido-social-liberal\/\">PSL<\/a><\/strong><span>\u00a0na C\u00e2mara,<strong> Delegado Waldir<\/strong> (GO). O deputado federal disse, em \u00e1udio vazado de uma reuni\u00e3o interna da legenda, que vai &#8220;implodir&#8221; o presidente Jair Bolsonaro. Na mesma grava\u00e7\u00e3o, Waldir chamou Bolsonaro de &#8220;vagabundo&#8221;.<\/span><\/p>\n<p><span>Ontem, em entrevista ao jornal O Estado de S. Paulo, o deputado repetiu a cita\u00e7\u00e3o ao termo &#8220;vagabundo&#8221; e disse ainda que<a href=\"https:\/\/exame.abril.com.br\/brasil\/bolsonaro-comprou-deputados-para-colocar-eduardo-na-lideranca-diz-waldir\/\"> Bolsonaro estaria &#8220;comprando&#8221; deputados com &#8220;cargos e fundo partid\u00e1rio&#8221; para colocar o seu filho<\/a>, o deputado Eduardo Bolsonaro (SP), na lideran\u00e7a no partido.<\/span><\/p>\n<div class=\"widget-news widget-box no-margin no-border\"><span class=\"widget-news-title content-box-title\">Veja tamb\u00e9m<\/span><\/p>\n<ul class=\"widget-news-list\">\n<li class=\"widget-news-item without-thumb with-border\">\n<div class=\"widget-news-info\"><a href=\"http:\/\/exame.abril.com.br\/brasil\">BRASIL<\/a><span class=\"widget-news-item-title\"><a href=\"https:\/\/exame.abril.com.br\/brasil\/psl-suspende-5-deputados-ligados-a-bolsonaro-bibo-nunes-se-diz-honrado\/\">PSL suspende 5 deputados ligados a Bolsonaro; Bibo Nunes se diz &#8220;honrado&#8221;<\/a><\/span><span class=\"widget-news-item-date\">18 out 2019 &#8211; 19h10<\/span><\/div>\n<\/li>\n<li class=\"widget-news-item without-thumb with-border\">\n<div class=\"widget-news-info\"><a href=\"http:\/\/exame.abril.com.br\/brasil\">BRASIL<\/a><span class=\"widget-news-item-title\"><a href=\"https:\/\/exame.abril.com.br\/brasil\/eduardo-bolsonaro-ataca-joice-hasselmann-comparando-deputada-a-nota-de-r3\/\">Eduardo Bolsonaro ataca Joice Hasselmann comparando deputada \u00e0 nota de R$3<\/a><\/span><span class=\"widget-news-item-date\">18 out 2019 &#8211; 15h10<\/span><\/div>\n<\/li>\n<li class=\"widget-news-item without-thumb with-border\">\n<div class=\"widget-news-info\"><a href=\"http:\/\/exame.abril.com.br\/brasil\">BRASIL<\/a><span class=\"widget-news-item-title\"><a href=\"https:\/\/exame.abril.com.br\/brasil\/bolsonaro-diz-que-recebeu-convite-de-varios-partidos-para-deixar-psl\/\">Bolsonaro diz que recebeu convite de v\u00e1rios partidos para deixar PSL<\/a><\/span><span class=\"widget-news-item-date\">18 out 2019 &#8211; 10h10<\/span><\/div>\n<\/li>\n<\/ul>\n<\/div>\n<p><span>Segundo uma fonte ouvida reservadamente, a AGU est\u00e1 avaliando as medidas cab\u00edveis. Um dos pontos que devem ser considerados \u00e9 a quest\u00e3o da imunidade parlamentar.<\/span><\/p>\n<p><span>A reportagem apurou que o uso da AGU para o processo causou mal-estar entre integrantes da institui\u00e7\u00e3o. A avalia\u00e7\u00e3o \u00e9 que a entidade n\u00e3o poderia defender algo pessoal do presidente, mas apenas atos oficiais do governo federal. As informa\u00e7\u00f5es s\u00e3o do jornal O Estado de S. Paulo.<\/span><\/p>\n<p><br \/>\n<br \/><a href=\"https:\/\/exame.abril.com.br\/brasil\/bolsonaro-quer-processar-lider-do-psl-que-o-chamou-de-vagabundo\/\">Fonte do artigo <\/a><br \/>\nTags:<br \/>\n#politica #political #negocios #business #marketingdigital #empreendedorismo #marketing #emprendedores #empreender #sucesso #empresas #emprendimiento #emprendedor #empreendedor #emprender #dinheiro #dinero #empresario #vendas #liderazgo #motivacion #foco #motivacao #negocio #brasil<\/p>\n","protected":false},"excerpt":{"rendered":"<p>O presidente Jair Bolsonaro acionou a Advocacia-Geral da Uni\u00e3o (AGU) para processar o l\u00edder do\u00a0PSL\u00a0na C\u00e2mara, Delegado Waldir (GO). O deputado federal disse, em \u00e1udio vazado de uma reuni\u00e3o interna da legenda, que vai &#8220;implodir&#8221; o presidente Jair Bolsonaro. Na mesma grava\u00e7\u00e3o, Waldir chamou Bolsonaro de &#8220;vagabundo&#8221;. Ontem, em entrevista ao jornal O Estado de [&hellip;]<\/p>\n","protected":false},"author":1,"featured_media":34232,"comment_status":"open","ping_status":"open","sticky":false,"template":"","format":"standard","meta":{"footnotes":""},"categories":[1],"tags":[],"class_list":["post-34469","post","type-post","status-publish","format-standard","has-post-thumbnail","hentry","category-curso-de-copy"],"_links":{"self":[{"href":"https:\/\/wiy.com.br\/noticias\/wp-json\/wp\/v2\/posts\/34469","targetHints":{"allow":["GET"]}}],"collection":[{"href":"https:\/\/wiy.com.br\/noticias\/wp-json\/wp\/v2\/posts"}],"about":[{"href":"https:\/\/wiy.com.br\/noticias\/wp-json\/wp\/v2\/types\/post"}],"author":[{"embeddable":true,"href":"https:\/\/wiy.com.br\/noticias\/wp-json\/wp\/v2\/users\/1"}],"replies":[{"embeddable":true,"href":"https:\/\/wiy.com.br\/noticias\/wp-json\/wp\/v2\/comments?post=34469"}],"version-history":[{"count":0,"href":"https:\/\/wiy.com.br\/noticias\/wp-json\/wp\/v2\/posts\/34469\/revisions"}],"wp:featuredmedia":[{"embeddable":true,"href":"https:\/\/wiy.com.br\/noticias\/wp-json\/wp\/v2\/media\/34232"}],"wp:attachment":[{"href":"https:\/\/wiy.com.br\/noticias\/wp-json\/wp\/v2\/media?parent=34469"}],"wp:term":[{"taxonomy":"category","embeddable":true,"href":"https:\/\/wiy.com.br\/noticias\/wp-json\/wp\/v2\/categories?post=34469"},{"taxonomy":"post_tag","embeddable":true,"href":"https:\/\/wiy.com.br\/noticias\/wp-json\/wp\/v2\/tags?post=34469"}],"curies":[{"name":"wp","href":"https:\/\/api.w.org\/{rel}","templated":true}]}}