{"id":34393,"date":"2023-02-26T15:42:06","date_gmt":"2023-02-26T18:42:06","guid":{"rendered":"https:\/\/wiy.com.br\/noticias\/o-oscar-seria-um-tapa-na-cara-do-governo-diz-produtor-de-a-vida-invisivel\/"},"modified":"2019-10-18T22:58:09","modified_gmt":"2019-10-19T01:58:09","slug":"o-oscar-seria-um-tapa-na-cara-do-governo-diz-produtor-de-a-vida-invisivel","status":"publish","type":"post","link":"https:\/\/wiy.com.br\/noticias\/o-oscar-seria-um-tapa-na-cara-do-governo-diz-produtor-de-a-vida-invisivel\/","title":{"rendered":"&#8216;O Oscar seria um tapa na cara do governo&#8217;, diz produtor de &#8216;A vida invis\u00edvel&#8217;"},"content":{"rendered":"<p> <br \/>\n<\/p>\n<div property=\"na:ArticleBody\">\n<p>S\u00c3O PAULO &#8211; &#8220;Seria importante um Oscar neste momento em que estamos porque certamente abriria os olhos do governo para uma ind\u00fastria que vem produzindo muito. Se viesse, seria um tapa na cara de um governo que n\u00e3o acredita em cultura&#8221;, afirmou o produtor <strong>Rodrigo Teixeira<\/strong> ao apresentar o filme &#8220;A vida invis\u00edvel&#8221;, na Mostra de Cinema de S\u00e3o Paulo, na noite desta sexta-feira, no Theatro Municipal de S\u00e3o Paulo.<\/p>\n<p>Escolhido para representar o Brasil em Hollywood, o longa, dirigido por Karim A\u00efnouz, come\u00e7ou nesta semana sua campanha de promo\u00e7\u00e3o nos Estados Unidos para a conquista de uma indica\u00e7\u00e3o ao pr\u00eamio de melhor longa internacional no Oscar.<\/p>\n<p>Com ova\u00e7\u00f5es e um grande coro de &#8220;Parab\u00e9ns a voc\u00ea&#8221;, Fernanda Montenegro, que completou 90 anos nesta quarta (16) e faz uma participa\u00e7\u00e3o especial no longa, foi a presen\u00e7a mais celebrada da noite. \u00daltima a falar antes do in\u00edcio da proje\u00e7\u00e3o, ela comparou os artistas a artes\u00e3os e disse que tem &#8220;75 anos de artesanato&#8221; no teatro e no cinema.<\/p>\n<p>A atriz tamb\u00e9m celebrou a ind\u00fastria do audiovisual e disse n\u00e3o entender por que raz\u00e3o &#8220;querem nos destacar do nosso trabalho&#8221;:<\/p>\n<p>\u2014 E, no entanto, os filmes est\u00e3o aparecendo, contra tudo e contra todos. Estamos vivos, absolutamente vivos \u2014 disse ela.<\/p>\n<p>Antes, Karim leu uma carta em que lembrou:<\/p>\n<p>\u2014 Sobre as escadarias l\u00e1 fora, j\u00e1 se sentaram Cacilda Becker, Walmor Chagas e tantos outros artistas que, em plena ditadura militar lutaram pela defesa de uma arte livre e sem censura. Sob este teto em que estamos hoje, h\u00e1 quase cem anos se deu a Semana de 1922, provocativa, irreverente, antropof\u00e1gica, que veio romper com o tradicional e consagrado, e foi movida pela pergunta: &#8220;Que Brasil somos, que Brasil queremos ser?&#8221;<\/p>\n<div id=\"selo-em-artigo\" class=\"facebook\">\n<figure><a href=\"https:\/\/www.facebook.com\/jornalextra\" rel=\"nofollow noopener noreferrer\" target=\"_blank\"> <img title = \"[Tags]\"decoding=\"async\" src=\"http:\/\/extra.globo.com\/img\/6b9\/2014\/11\/5\/9\/xSelo-Facebook-448pxWeb.jpg.pagespeed.ic.sbRF35PtrK.jpg\"alt = \"xSelo-Facebook-448pxWeb.jpg.pagespeed.ic.sbRF35PtrK &#039;O Oscar seria um tapa na cara do governo&#039;, diz produtor de &#039;A vida invis\u00edvel&#039;\"\/><\/a> <\/figure>\n<\/div><\/div>\n<p><script>\n\t\t\t$(document).ready(function() {\n\t\t\t\t$.ajaxSetup({ cache: true });\n\t\t\t\t$.getScript('\/\/connect.facebook.net\/pt_BR\/sdk.js', function(){\n\t\t\t\t\tFB.init({\n\t\t\t\t\t\txfbml      : true,\n\t\t\t\t\t\tversion    : 'v2.5'\n\t\t\t\t\t});\n\t\t\t\t});\n\t\t\t});\n\t\t<\/script><br \/>\n<br \/><br \/>\n<br \/><a href=\"https:\/\/extra.globo.com\/tv-e-lazer\/o-oscar-seria-um-tapa-na-cara-do-governo-diz-produtor-de-vida-invisivel-24028769.html\">Fonte do Artigo <\/a><br \/>\nTags:<\/p>\n<p><a href=\"https:\/\/wiy.com.br\/noticias\/categoria\/noticias\/\">#noticia<\/a> <a href=\"https:\/\/wiy.com.br\/noticias\/categoria\/noticias\/\">#novidades<\/a> <a href=\"https:\/\/wiy.com.br\/noticias\/categoria\/noticias\/\">#noticias<\/a> <a href=\"https:\/\/wiy.com.br\/noticias\/categoria\/noticias\/\">#venezuela<\/a> <a href=\"https:\/\/wiy.com.br\/noticias\/categoria\/noticias\/\">#seo<\/a> <a href=\"https:\/\/wiy.com.br\/noticias\/categoria\/noticias\/\">#instagram<\/a> <a href=\"https:\/\/wiy.com.br\/noticias\/categoria\/noticias\/\">#cicpc<\/a> <a href=\"https:\/\/wiy.com.br\/noticias\/categoria\/noticias\/\">#policia<\/a> <a href=\"https:\/\/wiy.com.br\/noticias\/categoria\/noticias\/\">#ultimahora<\/a> <a href=\"https:\/\/wiy.com.br\/noticias\/categoria\/noticias\/\">#seguridade<\/a> <a href=\"https:\/\/wiy.com.br\/noticias\/categoria\/noticias\/\">#informacao<\/a> <a href=\"https:\/\/wiy.com.br\/noticias\/categoria\/noticias\/\">#paz<\/a> <a href=\"https:\/\/wiy.com.br\/noticias\/categoria\/noticias\/\">#urgente<\/a> <a href=\"https:\/\/wiy.com.br\/noticias\/categoria\/noticias\/\">#policiacientifica<\/a> <a href=\"https:\/\/wiy.com.br\/noticias\/categoria\/noticias\/\">#criminalisticcicpc<\/a> <a href=\"https:\/\/wiy.com.br\/noticias\/categoria\/noticias\/\">#crimes<\/a> <a href=\"https:\/\/wiy.com.br\/noticias\/categoria\/noticias\/\">#extra<\/a> <a href=\"https:\/\/wiy.com.br\/noticias\/categoria\/noticias\/\">#ultimahoranoticia<\/a> <a href=\"https:\/\/wiy.com.br\/noticias\/categoria\/noticias\/\">#brazil247<\/a> <a href=\"https:\/\/wiy.com.br\/noticias\/categoria\/noticias\/\">#governo<\/a> <a href=\"https:\/\/wiy.com.br\/noticias\/categoria\/noticias\/\">#brasil247<\/a> <a href=\"https:\/\/wiy.com.br\/noticias\/categoria\/noticias\/\">#bolsonaro<\/a> <a href=\"https:\/\/wiy.com.br\/noticias\/categoria\/noticias\/\">#jornalismo<\/a> <a href=\"https:\/\/wiy.com.br\/noticias\/categoria\/noticias\/\">#informacoes<\/a> <a href=\"https:\/\/wiy.com.br\/noticias\/categoria\/noticias\/\">#news<\/a> <a href=\"https:\/\/wiy.com.br\/noticias\/categoria\/noticias\/\">#jornal<\/a> <a href=\"https:\/\/wiy.com.br\/noticias\/categoria\/noticias\/\">#tiktok<\/a> <a href=\"https:\/\/wiy.com.br\/noticias\/categoria\/noticias\/\">#fgts<\/a> <a href=\"https:\/\/wiy.com.br\/noticias\/categoria\/noticias\/\">#pis<\/a> <a href=\"https:\/\/wiy.com.br\/noticias\/categoria\/noticias\/\">#caixa<\/a> <a href=\"https:\/\/wiy.com.br\/noticias\/categoria\/noticias\/\">#loterias<\/a> <a href=\"https:\/\/wiy.com.br\/noticias\/categoria\/noticias\/\">#megasena<\/a> <a href=\"https:\/\/wiy.com.br\/noticias\/categoria\/noticias\/\">#lotofacil<\/a> <a href=\"https:\/\/wiy.com.br\/noticias\/categoria\/noticias\/\">#megamania<\/a> <a href=\"https:\/\/wiy.com.br\/noticias\/categoria\/noticias\/\">#sus<\/a> <a href=\"https:\/\/wiy.com.br\/noticias\/categoria\/noticias\/\">#ibge<\/a><\/p>\n","protected":false},"excerpt":{"rendered":"<p>S\u00c3O PAULO &#8211; &#8220;Seria importante um Oscar neste momento em que estamos porque certamente abriria os olhos do governo para uma ind\u00fastria que vem produzindo muito. Se viesse, seria um tapa na cara de um governo que n\u00e3o acredita em cultura&#8221;, afirmou o produtor Rodrigo Teixeira ao apresentar o filme &#8220;A vida invis\u00edvel&#8221;, na Mostra [&hellip;]<\/p>\n","protected":false},"author":1,"featured_media":32354,"comment_status":"open","ping_status":"open","sticky":false,"template":"","format":"standard","meta":{"footnotes":""},"categories":[337],"tags":[],"class_list":["post-34393","post","type-post","status-publish","format-standard","has-post-thumbnail","hentry","category-noticias"],"_links":{"self":[{"href":"https:\/\/wiy.com.br\/noticias\/wp-json\/wp\/v2\/posts\/34393","targetHints":{"allow":["GET"]}}],"collection":[{"href":"https:\/\/wiy.com.br\/noticias\/wp-json\/wp\/v2\/posts"}],"about":[{"href":"https:\/\/wiy.com.br\/noticias\/wp-json\/wp\/v2\/types\/post"}],"author":[{"embeddable":true,"href":"https:\/\/wiy.com.br\/noticias\/wp-json\/wp\/v2\/users\/1"}],"replies":[{"embeddable":true,"href":"https:\/\/wiy.com.br\/noticias\/wp-json\/wp\/v2\/comments?post=34393"}],"version-history":[{"count":0,"href":"https:\/\/wiy.com.br\/noticias\/wp-json\/wp\/v2\/posts\/34393\/revisions"}],"wp:featuredmedia":[{"embeddable":true,"href":"https:\/\/wiy.com.br\/noticias\/wp-json\/wp\/v2\/media\/32354"}],"wp:attachment":[{"href":"https:\/\/wiy.com.br\/noticias\/wp-json\/wp\/v2\/media?parent=34393"}],"wp:term":[{"taxonomy":"category","embeddable":true,"href":"https:\/\/wiy.com.br\/noticias\/wp-json\/wp\/v2\/categories?post=34393"},{"taxonomy":"post_tag","embeddable":true,"href":"https:\/\/wiy.com.br\/noticias\/wp-json\/wp\/v2\/tags?post=34393"}],"curies":[{"name":"wp","href":"https:\/\/api.w.org\/{rel}","templated":true}]}}