{"id":34328,"date":"2023-02-26T15:20:56","date_gmt":"2023-02-26T18:20:56","guid":{"rendered":"https:\/\/wiy.com.br\/noticias\/major-olimpio-defende-saida-de-eduardo-do-comando-de-diretorio-estadual\/"},"modified":"2019-10-18T13:58:13","modified_gmt":"2019-10-18T16:58:13","slug":"major-olimpio-defende-saida-de-eduardo-do-comando-de-diretorio-estadual","status":"publish","type":"post","link":"https:\/\/wiy.com.br\/noticias\/major-olimpio-defende-saida-de-eduardo-do-comando-de-diretorio-estadual\/","title":{"rendered":"Major Olimpio defende sa\u00edda de Eduardo do comando de diret\u00f3rio estadual"},"content":{"rendered":"<p> <br \/>\n<\/p>\n<p>Bras\u00edlia &#8211; Ainda sem uma defini\u00e7\u00e3o oficial sobre a destitui\u00e7\u00e3o de <strong><a href=\"https:\/\/exame.abril.com.br\/noticias-sobre\/eduardo-bolsonaro\/\">Eduardo Bolsonaro<\/a><\/strong> da presid\u00eancia do diret\u00f3rio estadual de S\u00e3o Paulo do <strong><a href=\"https:\/\/exame.abril.com.br\/noticias-sobre\/psl-partido-social-liberal\/\">PSL<\/a><\/strong>, o senador <strong><a href=\"https:\/\/exame.abril.com.br\/noticias-sobre\/major-olimpio\">Major Olimpio<\/a><\/strong>, ex-presidente do escrit\u00f3rio paulista, defende que o filho do presidente seja destitu\u00eddo j\u00e1.<\/p>\n<p>Apesar de o presidente da legenda, Luciano Bivar (PE), dizer que as destitui\u00e7\u00f5es de Eduardo e do senador Fl\u00e1vio Bolsonaro, do diret\u00f3rio estadual do Rio de Janeiro, ainda n\u00e3o est\u00e3o definidas, os parlamentares ligados a Bivar d\u00e3o como certa a decis\u00e3o. &#8220;As decis\u00f5es j\u00e1 est\u00e3o tomadas. \u00c9 uma quest\u00e3o de quando isso ser\u00e1 efetivado. Pode ser que suba hoje no Tribunal Superior Eleitoral (TSE). A deputada Bia Kicis j\u00e1 foi afastada da dire\u00e7\u00e3o do DF&#8221;, disse Ol\u00edmpio nesta sexta-feira, 18.<\/p>\n<div class=\"widget-news widget-box no-margin no-border\"><span class=\"widget-news-title content-box-title\">Veja tamb\u00e9m<\/span><\/p>\n<ul class=\"widget-news-list\">\n<li class=\"widget-news-item without-thumb with-border\">\n<div class=\"widget-news-info\"><a href=\"http:\/\/exame.abril.com.br\/brasil\">BRASIL<\/a><span class=\"widget-news-item-title\"><a href=\"https:\/\/exame.abril.com.br\/brasil\/bolsonaro-diz-que-recebeu-convite-de-varios-partidos-para-deixar-psl\/\">Bolsonaro diz que recebeu convite de v\u00e1rios partidos para deixar PSL<\/a><\/span><span class=\"widget-news-item-date\">18 out 2019 &#8211; 10h10<\/span><\/div>\n<\/li>\n<li class=\"widget-news-item without-thumb with-border\">\n<div class=\"widget-news-info\"><a href=\"http:\/\/exame.abril.com.br\/brasil\">BRASIL<\/a><span class=\"widget-news-item-title\"><a href=\"https:\/\/exame.abril.com.br\/brasil\/em-crise-psl-realiza-convencao-nesta-sexta-em-brasilia\/\">Em crise, PSL realiza conven\u00e7\u00e3o nesta sexta em Bras\u00edlia<\/a><\/span><span class=\"widget-news-item-date\">18 out 2019 &#8211; 10h10<\/span><\/div>\n<\/li>\n<li class=\"widget-news-item without-thumb with-border\">\n<div class=\"widget-news-info\"><a href=\"http:\/\/exame.abril.com.br\/brasil\">BRASIL<\/a><span class=\"widget-news-item-title\"><a href=\"https:\/\/exame.abril.com.br\/brasil\/serei-um-operario-diz-novo-lider-do-governo-no-congresso\/\">Serei um oper\u00e1rio, diz novo l\u00edder do governo no Congresso<\/a><\/span><span class=\"widget-news-item-date\">18 out 2019 &#8211; 08h10<\/span><\/div>\n<\/li>\n<\/ul>\n<\/div>\n<p>Sobre a crise, o senador afirmou que a reuni\u00e3o desta sexta do partido \u00e9 importante para se debater sobre os \u00faltimos acontecimentos e tentar &#8220;serenar os \u00e2nimos&#8221;. Por\u00e9m, ele admite que a \u00fanica forma de isso acontecer de verdade \u00e9 se o presidente Jair Bolsonaro chamar o presidente do PSL, Luciano Bivar (PE), para uma conversa. &#8220;Bivar n\u00e3o vai chamar Bolsonaro para conversar&#8221;, afirmou.<\/p>\n<p>&#8220;N\u00e3o quero que o PSL perca seu maior pol\u00edtico, que \u00e9 o Bolsonaro&#8221;, afirmou. &#8220;Mas pessoas ligadas a ele, como os filhos, ter\u00e3o de se portar de forma diferente. Na minha vis\u00e3o, hoje atrapalha em tudo&#8221;, afirmou referindo-se aos filhos do presidente.<\/p>\n<p>O senador disse ainda que Bolsonaro acabou caindo em uma &#8220;armadilha pol\u00edtica&#8221; com a influ\u00eancia do grupo de parlamentares e advogados que o levaram a pedir uma auditoria nas contas do partido.<\/p>\n<p><br \/>\n<br \/><a href=\"https:\/\/exame.abril.com.br\/brasil\/major-olimpio-defende-saida-de-eduardo-do-comando-de-diretorio-estadual\/\">Fonte do artigo <\/a><br \/>\nTags:<br \/>\n#politica #political #negocios #business #marketingdigital #empreendedorismo #marketing #emprendedores #empreender #sucesso #empresas #emprendimiento #emprendedor #empreendedor #emprender #dinheiro #dinero #empresario #vendas #liderazgo #motivacion #foco #motivacao #negocio #brasil<\/p>\n","protected":false},"excerpt":{"rendered":"<p>Bras\u00edlia &#8211; Ainda sem uma defini\u00e7\u00e3o oficial sobre a destitui\u00e7\u00e3o de Eduardo Bolsonaro da presid\u00eancia do diret\u00f3rio estadual de S\u00e3o Paulo do PSL, o senador Major Olimpio, ex-presidente do escrit\u00f3rio paulista, defende que o filho do presidente seja destitu\u00eddo j\u00e1. Apesar de o presidente da legenda, Luciano Bivar (PE), dizer que as destitui\u00e7\u00f5es de Eduardo [&hellip;]<\/p>\n","protected":false},"author":1,"featured_media":34329,"comment_status":"open","ping_status":"open","sticky":false,"template":"","format":"standard","meta":{"footnotes":""},"categories":[1],"tags":[],"class_list":["post-34328","post","type-post","status-publish","format-standard","has-post-thumbnail","hentry","category-curso-de-copy"],"_links":{"self":[{"href":"https:\/\/wiy.com.br\/noticias\/wp-json\/wp\/v2\/posts\/34328","targetHints":{"allow":["GET"]}}],"collection":[{"href":"https:\/\/wiy.com.br\/noticias\/wp-json\/wp\/v2\/posts"}],"about":[{"href":"https:\/\/wiy.com.br\/noticias\/wp-json\/wp\/v2\/types\/post"}],"author":[{"embeddable":true,"href":"https:\/\/wiy.com.br\/noticias\/wp-json\/wp\/v2\/users\/1"}],"replies":[{"embeddable":true,"href":"https:\/\/wiy.com.br\/noticias\/wp-json\/wp\/v2\/comments?post=34328"}],"version-history":[{"count":0,"href":"https:\/\/wiy.com.br\/noticias\/wp-json\/wp\/v2\/posts\/34328\/revisions"}],"wp:featuredmedia":[{"embeddable":true,"href":"https:\/\/wiy.com.br\/noticias\/wp-json\/wp\/v2\/media\/34329"}],"wp:attachment":[{"href":"https:\/\/wiy.com.br\/noticias\/wp-json\/wp\/v2\/media?parent=34328"}],"wp:term":[{"taxonomy":"category","embeddable":true,"href":"https:\/\/wiy.com.br\/noticias\/wp-json\/wp\/v2\/categories?post=34328"},{"taxonomy":"post_tag","embeddable":true,"href":"https:\/\/wiy.com.br\/noticias\/wp-json\/wp\/v2\/tags?post=34328"}],"curies":[{"name":"wp","href":"https:\/\/api.w.org\/{rel}","templated":true}]}}