{"id":3403,"date":"2023-02-26T15:03:43","date_gmt":"2023-02-26T18:03:43","guid":{"rendered":"https:\/\/wiy.com.br\/noticias\/familias-de-desaparecidos-em-brumadinho-dividem-sofrimento-pelo-whatsapp\/"},"modified":"2019-02-05T14:00:04","modified_gmt":"2019-02-05T16:00:04","slug":"familias-de-desaparecidos-em-brumadinho-dividem-sofrimento-pelo-whatsapp","status":"publish","type":"post","link":"https:\/\/wiy.com.br\/noticias\/familias-de-desaparecidos-em-brumadinho-dividem-sofrimento-pelo-whatsapp\/","title":{"rendered":"Fam\u00edlias de desaparecidos em Brumadinho dividem sofrimento pelo WhatsApp"},"content":{"rendered":"<p> <br \/>\n<\/p>\n<p>S\u00e3o Paulo \u2014 Em busca de informa\u00e7\u00e3o sobre v\u00edtimas, moradores de <strong><a href=\"https:\/\/exame.abril.com.br\/noticias-sobre\/brumadinho\/\">Brumadinho<\/a><\/strong> organizaram-se por WhatsApp para compartilhar novidades, perguntar por entes queridos e comentar as a\u00e7\u00f5es de resgate.<\/p>\n<p>Autorizado por administradores, a reportagem acompanhou o grupo &#8220;Desaparecidos Brumadinho&#8221;, com mais de 200 membros, desde o s\u00e1bado (26). Nas mensagens, os participantes acabaram escrevendo uma esp\u00e9cie de di\u00e1rio da trag\u00e9dia.<\/p>\n<p><strong>S\u00e1bado, 26 de janeiro.<\/strong> No dia seguinte \u00e0 trag\u00e9dia, bombeiros faziam sobrevoo de helic\u00f3pteros e buscas por terra. Foram localizadas 366, al\u00e9m de 34 mortos e 254 desaparecidos.<\/p>\n<p>&#8220;Gente, que ang\u00fastia. Nunca pensei que passar\u00edamos por isto&#8221;, escreveu uma mo\u00e7a \u00e0s 19h17, quando o sol de Brumadinho ia se pondo. As fam\u00edlias sabiam que isso significava a suspens\u00e3o das buscas at\u00e9 a manh\u00e3 seguinte. &#8220;Espero que todos apare\u00e7am&#8221;, outro comentou.<\/p>\n<p>&#8220;\u00c9 muito triste ficar sem noticia.&#8221; Entre as mensagens, por\u00e9m, havia quem demonstrasse \u00e2nimo. &#8220;Enquanto n\u00e3o h\u00e1 corpo, ainda h\u00e1 esperan\u00e7a&#8221;, escreveram. &#8220;Deus, vamos ter f\u00e9.&#8221;<\/p>\n<p><strong>Domingo, 27 de janeiro.<\/strong> &#8220;Que barulho \u00e9 esse h\u00e1 um tempo? Parece alarme, sei l\u00e1&#8221;, dizia uma mensagem, antes das 6 horas. Era o in\u00edcio de mais um pesadelo: com risco de desabamento da barragem 6, foi preciso evacuar \u00e1reas da cidade e suspender buscas. No grupo, proliferaram not\u00edcias falsas: &#8220;ALERTA A BARRAGEM ROMPEU&#8221;.<\/p>\n<p>&#8220;M\u00e3es, parentes e amigos que sofrem sem not\u00edcia e, para piorar, n\u00e3o podem esperar nem em suas casas porque moram perto de rio&#8221;, comentou uma mulher. \u00c0s 11 horas, fotos e v\u00eddeos do ex\u00e9rcito de Israel animaram o grupo, mesmo ap\u00f3s a informa\u00e7\u00e3o de que a ajuda s\u00f3 desembarcaria \u00e0 noite.<\/p>\n<p>&#8220;Que Deus use eles como instrumento&#8221;, dizia um coment\u00e1rio, seguido de emojis de m\u00e3os batendo palma. O clima mudou pouco depois. O n\u00famero de mortos chegou a 58; os desaparecidos, a 305. J\u00e1 n\u00e3o se falava mais em resgates. &#8220;Cada dia a mais, a ang\u00fastia aumenta&#8221;, comentaram.<\/p>\n<p>&#8220;Ontem, minha prima e afilhada de cora\u00e7\u00e3o estavam arrumando a casa dela para receber o pai&#8221;, contou uma participante. &#8220;Ela tem certeza que ele volta. Tem 11 anos.&#8221;<\/p>\n<p><strong>Segunda, 28 de janeiro.<\/strong> \u00c0s 10h35, veio a ideia que acabou monopolizando o dia: &#8220;Algu\u00e9m sabe se est\u00e3o fazendo buscas nas matas?&#8221;. Em pouco tempo, muitos se voluntariaram.<\/p>\n<p>At\u00e9 foi criado um novo grupo s\u00f3 para os interessados. &#8220;\u00c9 um espa\u00e7o muito grande para poucos bombeiros. Devemos ir todos.&#8221; \u00c0 noite, em coletiva, os Bombeiros descartaram a hip\u00f3tese de ter sobreviventes na mata. Os mortos, ao todo, eram 84.<\/p>\n<p><strong>Ter\u00e7a, 29 de janeiro.<\/strong> O grupo passou a madrugada calado. &#8220;Francis era meu amigo e foi enterrado hoje, caix\u00e3o fechado&#8221;, dizia uma das \u00faltimas mensagens, ainda do dia anterior. Nem a pris\u00e3o de engenheiros que atestaram a seguran\u00e7a da barragem quebrou o sil\u00eancio do grupo.<\/p>\n<p>\u00c0 tarde, uma not\u00edcia sobre a morte de uma vaca que havia ficado atolada mobilizou alguns. Outro reclamou: &#8220;T\u00f4 pouco me lixando para vaca, quero encontrar meu irm\u00e3o&#8221;.<\/p>\n<div class=\"widget-news widget-box no-margin no-border\"><span class=\"widget-news-title content-box-title\">Veja tamb\u00e9m<\/span><\/p>\n<ul class=\"widget-news-list\">\n<li class=\"widget-news-item without-thumb with-border\">\n<div class=\"widget-news-info\"><a href=\"http:\/\/exame.abril.com.br\/brasil\">BRASIL<\/a><span class=\"widget-news-item-title\"><a href=\"https:\/\/exame.abril.com.br\/brasil\/colunista-espanhol-sugere-nobel-da-paz-para-bombeiros-de-brumadinho\/\">Colunista espanhol sugere Nobel da Paz para bombeiros de Brumadinho<\/a><\/span><span class=\"widget-news-item-date\">5 fev 2019 &#8211; 11h02<\/span><\/div>\n<\/li>\n<\/ul>\n<\/div>\n<p><strong>Quarta, 30 de janeiro.<\/strong> &#8220;Minha esperan\u00e7a \u00e9 de que encontrem nossos parentes e amigos para que tenham um sepultamento digno&#8221;, dizia uma mensagem.<\/p>\n<p>Ao longo do dia, muitos perguntavam por atualiza\u00e7\u00e3o de lista de mortos, que s\u00f3 foi divulgada \u00e0s 22 horas. &#8220;Pena que n\u00e3o saiu o nome do meu primo.&#8221;<\/p>\n<p><strong>Quinta, 31 de janeiro.<\/strong> As mensagens ficaram espa\u00e7adas e muitos, sem ter mais por quem precisar de informa\u00e7\u00e3o, deixaram o grupo. \u00c0s 23h30, algu\u00e9m quis prestar um servi\u00e7o e publicou um passo a passo: &#8220;Como retirar certid\u00e3o de \u00f3bito&#8221;.<\/p>\n<p><br \/>\n<br \/><a href=\"https:\/\/exame.abril.com.br\/brasil\/familias-de-desaparecidos-em-brumadinho-dividem-sofrimento-pelo-whatsapp\/\">Source link <\/a><\/p>\n","protected":false},"excerpt":{"rendered":"<p>S\u00e3o Paulo \u2014 Em busca de informa\u00e7\u00e3o sobre v\u00edtimas, moradores de Brumadinho organizaram-se por WhatsApp para compartilhar novidades, perguntar por entes queridos e comentar as a\u00e7\u00f5es de resgate. Autorizado por administradores, a reportagem acompanhou o grupo &#8220;Desaparecidos Brumadinho&#8221;, com mais de 200 membros, desde o s\u00e1bado (26). Nas mensagens, os participantes acabaram escrevendo uma esp\u00e9cie [&hellip;]<\/p>\n","protected":false},"author":1,"featured_media":3404,"comment_status":"open","ping_status":"open","sticky":false,"template":"","format":"standard","meta":{"footnotes":""},"categories":[337],"tags":[],"class_list":["post-3403","post","type-post","status-publish","format-standard","has-post-thumbnail","hentry","category-noticias"],"_links":{"self":[{"href":"https:\/\/wiy.com.br\/noticias\/wp-json\/wp\/v2\/posts\/3403","targetHints":{"allow":["GET"]}}],"collection":[{"href":"https:\/\/wiy.com.br\/noticias\/wp-json\/wp\/v2\/posts"}],"about":[{"href":"https:\/\/wiy.com.br\/noticias\/wp-json\/wp\/v2\/types\/post"}],"author":[{"embeddable":true,"href":"https:\/\/wiy.com.br\/noticias\/wp-json\/wp\/v2\/users\/1"}],"replies":[{"embeddable":true,"href":"https:\/\/wiy.com.br\/noticias\/wp-json\/wp\/v2\/comments?post=3403"}],"version-history":[{"count":0,"href":"https:\/\/wiy.com.br\/noticias\/wp-json\/wp\/v2\/posts\/3403\/revisions"}],"wp:featuredmedia":[{"embeddable":true,"href":"https:\/\/wiy.com.br\/noticias\/wp-json\/wp\/v2\/media\/3404"}],"wp:attachment":[{"href":"https:\/\/wiy.com.br\/noticias\/wp-json\/wp\/v2\/media?parent=3403"}],"wp:term":[{"taxonomy":"category","embeddable":true,"href":"https:\/\/wiy.com.br\/noticias\/wp-json\/wp\/v2\/categories?post=3403"},{"taxonomy":"post_tag","embeddable":true,"href":"https:\/\/wiy.com.br\/noticias\/wp-json\/wp\/v2\/tags?post=3403"}],"curies":[{"name":"wp","href":"https:\/\/api.w.org\/{rel}","templated":true}]}}