{"id":33967,"date":"2023-02-26T14:59:00","date_gmt":"2023-02-26T17:59:00","guid":{"rendered":"https:\/\/wiy.com.br\/noticias\/duas-pessoas-morrem-baleadas-na-muzema-na-zona-oeste-do-rio\/"},"modified":"2019-10-16T02:47:17","modified_gmt":"2019-10-16T05:47:17","slug":"duas-pessoas-morrem-baleadas-na-muzema-na-zona-oeste-do-rio","status":"publish","type":"post","link":"https:\/\/wiy.com.br\/noticias\/duas-pessoas-morrem-baleadas-na-muzema-na-zona-oeste-do-rio\/","title":{"rendered":"Duas pessoas morrem baleadas na Muzema, na Zona Oeste do Rio"},"content":{"rendered":"<p> <br \/>\n<\/p>\n<div property=\"na:ArticleBody\">\n<p>Uma mulher, identificada como Andr\u00e9a Santtos de Sales, de 29 anos, e um homem, que n\u00e3o teve a identidade revelada, morreram ap\u00f3s serem baleados, na noite desta ter\u00e7a-feira, na Muzema, na Zona Oeste do Rio. <\/p>\n<p>De acordo com a fam\u00edlia da Andr\u00e9a, ela tinha uma loja de roupas no bairro Rio das Pedras, na mesma regi\u00e3o, e quando chegava do trabalho, na porta de casa, foi baleada. Ele chegou a ser colocada na ambul\u00e2ncia, mas morreu no caminho para o Hospital municipal Louren\u00e7o Jorge, na Barra da Tijuca. <\/p>\n<p>J\u00e1 o corpo da outra v\u00edtima, de acordo com o 31\u00ba BPM (Recreio), foi encontrado pr\u00f3ximo ao local onde Andr\u00e9a foi baleada. No entanto, o homem, que tamb\u00e9m tinha marcas de tiros, j\u00e1 estava morto quando a pol\u00edcia chegou. <\/p>\n<p>O cunhado de Andr\u00e9a, identificado apenas como F\u00e1bio, disse que o irm\u00e3o dele, Fl\u00e1vio de Ara\u00fajo Santos, esposo da v\u00edtima, avisou sobre o ocorrido por volta das 21h desta ter\u00e7a-feira. O casal estava junto por cerca de tr\u00eas anos e os dois s\u00e3o nascidos na Bahia. <\/p>\n<p>\u2014 Eles se conheceram aqui. A Andr\u00e9a deixou a filha dela, de 6 anos, na Bahia com a av\u00f3. Havia um planejamento para crian\u00e7a vir morar com eles aqui no Rio em dezembro, mas agora aconteceu isso. N\u00e3o sabemos da onde surgiu o tiro que atingiu a Andr\u00e9a. Pelo que parece foi uma bala perdida. Ela estava voltando do trabalho e aconteceu isso. Muito triste. Meu irm\u00e3o est\u00e1 desolado \u2014 disse o cunhado. <\/p>\n<p>F\u00e1bio contou ainda que recebeu informa\u00e7\u00f5es de que uma outra pessoa tamb\u00e9m teria sido baleada na noite desta ter\u00e7a-feira na Muzema. No entanto, ele n\u00e3o sabe dizer se os casos est\u00e3o interligados. <\/p>\n<p>Os familiares de Andr\u00e9a ir\u00e3o ao Instituto M\u00e9dico Legal (IML), no Centro do Rio, na manh\u00e3 desta quarta-feira, para liberarem o corpo da v\u00edtima para o vel\u00f3rio.<\/p>\n<p>O caso foi encaminhado para a Divis\u00e3o de Homic\u00eddios da Capital (DH). Ainda n\u00e3o se sabe as circunst\u00e2ncia dos tiros que atingiram as duas v\u00edtimas. <\/p>\n<\/p><\/div>\n<p><script>\n\t\t\t$(document).ready(function() {\n\t\t\t\t$.ajaxSetup({ cache: true });\n\t\t\t\t$.getScript('\/\/connect.facebook.net\/pt_BR\/sdk.js', function(){\n\t\t\t\t\tFB.init({\n\t\t\t\t\t\txfbml      : true,\n\t\t\t\t\t\tversion    : 'v2.5'\n\t\t\t\t\t});\n\t\t\t\t});\n\t\t\t});\n\t\t<\/script><br \/>\n<br \/><br \/>\n<br \/><a href=\"https:\/\/extra.globo.com\/casos-de-policia\/duas-pessoas-morrem-baleadas-na-muzema-na-zona-oeste-do-rio-24020833.html\">Fonte do Artigo <\/a><br \/>\nTags:<\/p>\n<p><a href=\"https:\/\/wiy.com.br\/noticias\/categoria\/noticias\/\">#noticia<\/a> <a href=\"https:\/\/wiy.com.br\/noticias\/categoria\/noticias\/\">#novidades<\/a> <a href=\"https:\/\/wiy.com.br\/noticias\/categoria\/noticias\/\">#noticias<\/a> <a href=\"https:\/\/wiy.com.br\/noticias\/categoria\/noticias\/\">#venezuela<\/a> <a href=\"https:\/\/wiy.com.br\/noticias\/categoria\/noticias\/\">#seo<\/a> <a href=\"https:\/\/wiy.com.br\/noticias\/categoria\/noticias\/\">#instagram<\/a> <a href=\"https:\/\/wiy.com.br\/noticias\/categoria\/noticias\/\">#cicpc<\/a> <a href=\"https:\/\/wiy.com.br\/noticias\/categoria\/noticias\/\">#policia<\/a> <a href=\"https:\/\/wiy.com.br\/noticias\/categoria\/noticias\/\">#ultimahora<\/a> <a href=\"https:\/\/wiy.com.br\/noticias\/categoria\/noticias\/\">#seguridade<\/a> <a href=\"https:\/\/wiy.com.br\/noticias\/categoria\/noticias\/\">#informacao<\/a> <a href=\"https:\/\/wiy.com.br\/noticias\/categoria\/noticias\/\">#paz<\/a> <a href=\"https:\/\/wiy.com.br\/noticias\/categoria\/noticias\/\">#urgente<\/a> <a href=\"https:\/\/wiy.com.br\/noticias\/categoria\/noticias\/\">#policiacientifica<\/a> <a href=\"https:\/\/wiy.com.br\/noticias\/categoria\/noticias\/\">#criminalisticcicpc<\/a> <a href=\"https:\/\/wiy.com.br\/noticias\/categoria\/noticias\/\">#crimes<\/a> <a href=\"https:\/\/wiy.com.br\/noticias\/categoria\/noticias\/\">#extra<\/a> <a href=\"https:\/\/wiy.com.br\/noticias\/categoria\/noticias\/\">#ultimahoranoticia<\/a> <a href=\"https:\/\/wiy.com.br\/noticias\/categoria\/noticias\/\">#brazil247<\/a> <a href=\"https:\/\/wiy.com.br\/noticias\/categoria\/noticias\/\">#governo<\/a> <a href=\"https:\/\/wiy.com.br\/noticias\/categoria\/noticias\/\">#brasil247<\/a> <a href=\"https:\/\/wiy.com.br\/noticias\/categoria\/noticias\/\">#bolsonaro<\/a> <a href=\"https:\/\/wiy.com.br\/noticias\/categoria\/noticias\/\">#jornalismo<\/a> <a href=\"https:\/\/wiy.com.br\/noticias\/categoria\/noticias\/\">#informacoes<\/a> <a href=\"https:\/\/wiy.com.br\/noticias\/categoria\/noticias\/\">#news<\/a> <a href=\"https:\/\/wiy.com.br\/noticias\/categoria\/noticias\/\">#jornal<\/a> <a href=\"https:\/\/wiy.com.br\/noticias\/categoria\/noticias\/\">#tiktok<\/a> <a href=\"https:\/\/wiy.com.br\/noticias\/categoria\/noticias\/\">#fgts<\/a> <a href=\"https:\/\/wiy.com.br\/noticias\/categoria\/noticias\/\">#pis<\/a> <a href=\"https:\/\/wiy.com.br\/noticias\/categoria\/noticias\/\">#caixa<\/a> <a href=\"https:\/\/wiy.com.br\/noticias\/categoria\/noticias\/\">#loterias<\/a> <a href=\"https:\/\/wiy.com.br\/noticias\/categoria\/noticias\/\">#megasena<\/a> <a href=\"https:\/\/wiy.com.br\/noticias\/categoria\/noticias\/\">#lotofacil<\/a> <a href=\"https:\/\/wiy.com.br\/noticias\/categoria\/noticias\/\">#megamania<\/a> <a href=\"https:\/\/wiy.com.br\/noticias\/categoria\/noticias\/\">#sus<\/a> <a href=\"https:\/\/wiy.com.br\/noticias\/categoria\/noticias\/\">#ibge<\/a><\/p>\n","protected":false},"excerpt":{"rendered":"<p>Uma mulher, identificada como Andr\u00e9a Santtos de Sales, de 29 anos, e um homem, que n\u00e3o teve a identidade revelada, morreram ap\u00f3s serem baleados, na noite desta ter\u00e7a-feira, na Muzema, na Zona Oeste do Rio. De acordo com a fam\u00edlia da Andr\u00e9a, ela tinha uma loja de roupas no bairro Rio das Pedras, na mesma [&hellip;]<\/p>\n","protected":false},"author":1,"featured_media":0,"comment_status":"open","ping_status":"open","sticky":false,"template":"","format":"standard","meta":{"footnotes":""},"categories":[337],"tags":[],"class_list":["post-33967","post","type-post","status-publish","format-standard","hentry","category-noticias"],"_links":{"self":[{"href":"https:\/\/wiy.com.br\/noticias\/wp-json\/wp\/v2\/posts\/33967","targetHints":{"allow":["GET"]}}],"collection":[{"href":"https:\/\/wiy.com.br\/noticias\/wp-json\/wp\/v2\/posts"}],"about":[{"href":"https:\/\/wiy.com.br\/noticias\/wp-json\/wp\/v2\/types\/post"}],"author":[{"embeddable":true,"href":"https:\/\/wiy.com.br\/noticias\/wp-json\/wp\/v2\/users\/1"}],"replies":[{"embeddable":true,"href":"https:\/\/wiy.com.br\/noticias\/wp-json\/wp\/v2\/comments?post=33967"}],"version-history":[{"count":0,"href":"https:\/\/wiy.com.br\/noticias\/wp-json\/wp\/v2\/posts\/33967\/revisions"}],"wp:attachment":[{"href":"https:\/\/wiy.com.br\/noticias\/wp-json\/wp\/v2\/media?parent=33967"}],"wp:term":[{"taxonomy":"category","embeddable":true,"href":"https:\/\/wiy.com.br\/noticias\/wp-json\/wp\/v2\/categories?post=33967"},{"taxonomy":"post_tag","embeddable":true,"href":"https:\/\/wiy.com.br\/noticias\/wp-json\/wp\/v2\/tags?post=33967"}],"curies":[{"name":"wp","href":"https:\/\/api.w.org\/{rel}","templated":true}]}}