{"id":33882,"date":"2023-02-26T15:07:28","date_gmt":"2023-02-26T18:07:28","guid":{"rendered":"https:\/\/wiy.com.br\/noticias\/tabata-amaral-diz-que-vai-a-justica-para-manter-mandato-mesmo-fora-do-pdt\/"},"modified":"2019-10-15T10:29:07","modified_gmt":"2019-10-15T13:29:07","slug":"tabata-amaral-diz-que-vai-a-justica-para-manter-mandato-mesmo-fora-do-pdt","status":"publish","type":"post","link":"https:\/\/wiy.com.br\/noticias\/tabata-amaral-diz-que-vai-a-justica-para-manter-mandato-mesmo-fora-do-pdt\/","title":{"rendered":"Tabata Amaral diz que vai \u00e0 Justi\u00e7a para manter mandato mesmo fora do PDT"},"content":{"rendered":"<p> <br \/>\n<\/p>\n<p><span>A deputada federal <strong>Tabata Amaral (PDT-SP)<\/strong> disse nessa segunda-feira (14) que vai entrar com uma a\u00e7\u00e3o na <strong>Justi\u00e7a Eleitoral<\/strong> para conseguir manter o mandato ap\u00f3s deixar seu partido, do qual ela est\u00e1 <strong>suspensa h\u00e1 tr\u00eas meses<\/strong>. O pedido faz parte de uma a\u00e7\u00e3o em conjunto com ao menos seis deputados, do PDT e do PSB, que desejam deixar as siglas mas seguir como parlamentares no Congresso, o que contraria regras eleitorais. &#8220;O PDT deixou de ser meu partido&#8221;, disse a deputada, durante o programa <strong>Roda Viva<\/strong>, da TV Cultura.<\/span><\/p>\n<p><span>Segundo ela, os deputados Fl\u00e1vio Nogueira (PI), Marlon Santos (RS) e Gil Cutrim (MA), que atualmente s\u00e3o colegas da deputada no PDT, al\u00e9m dos deputados do PSB Rodrigo Coelho (SC), Felipe Rigoni (ES) e Jefferson Campos (SP) v\u00e3o a acompanhar na decis\u00e3o &#8211; que deve ser formalizada nesta ter\u00e7a-feira (15). <\/span><span>Tabata disse que as a\u00e7\u00f5es na Justi\u00e7a ser\u00e3o individuais, mas que alguns interesses em comum motivaram uma coletiva de imprensa conjunta para que os parlamentares expliquem os motivos para os pedidos.<\/span><\/p>\n<p><span>A deputada disse que ainda n\u00e3o se decidiu por um novo partido. Tabata alegou &#8220;persegui\u00e7\u00e3o pol\u00edtica&#8221; depois de contrariar a legenda. Como exemplo, disse que teve de pedir uma vaga ao PTB para seguir como relatora de projeto na C\u00e2mara. &#8220;Estou suspensa, sem conseguir atuar de forma 100% efetiva na C\u00e2mara&#8221;, disse. &#8220;N\u00e3o vou aceitar que digam que eu fui contra a orienta\u00e7\u00e3o partid\u00e1ria.&#8221;<\/span><\/p>\n<p><span>Tabata tamb\u00e9m disse que propostas de sua autoria para o partido foram abandonadas, como a constru\u00e7\u00e3o de um C\u00f3digo de \u00c9tica para o PDT. &#8220;Eu n\u00e3o atuo mais como vice-l\u00edder, os projetos que eu tinha em S\u00e3o Paulo foram cancelados.&#8221; <\/span><span>Ela e outros sete parlamentares foram suspensos do partido ap\u00f3s votarem favoravelmente \u00e0 reforma da Previd\u00eancia no primeiro turno de tramita\u00e7\u00e3o da mat\u00e9ria. Na ocasi\u00e3o, em julho, a Executiva Nacional da legenda previa que o processo \u00e0 qual ela responde na Comiss\u00e3o de \u00c9tica do partido deveria durar cerca de dois meses.<\/span><\/p>\n<p><span>Durante o programa, reclamou do fato de ainda n\u00e3o haver decis\u00e3o definitiva sobre sua expuls\u00e3o, mesmo um m\u00eas ap\u00f3s o prazo estipulado para o julgamento. &#8220;O PDT, quando decidiu nos suspender sem nenhum julgamento, disse que teria um prazo de dois meses para nos julgar. Isso faz tr\u00eas meses&#8221;, afirmou.<\/span><\/p>\n<div class=\"widget-news widget-box no-margin no-border\"><span class=\"widget-news-title content-box-title\">Veja tamb\u00e9m<\/span><\/p>\n<ul class=\"widget-news-list\">\n<li class=\"widget-news-item without-thumb with-border\">\n<div class=\"widget-news-info\"><a href=\"http:\/\/vejasp.abril.com.br\/cidades\">Cidades<\/a><span class=\"widget-news-item-title\"><a href=\"https:\/\/vejasp.abril.com.br\/cidades\/capa-professores-metodos-diferentes\/\">Oito professores que encantam alunos com metodologias e talentos pr\u00f3prios<\/a><\/span><span class=\"widget-news-item-date\">11 out 2019 &#8211; 06h10<\/span><\/div>\n<\/li>\n<li class=\"widget-news-item without-thumb with-border\">\n<div class=\"widget-news-info\"><a href=\"http:\/\/vejasp.abril.com.br\/cultura-lazer\">Cultura &amp; Lazer<\/a><span class=\"widget-news-item-title\"><a href=\"https:\/\/vejasp.abril.com.br\/cultura-lazer\/papo-vejinha-reune-professores-inspiradores-da-cidade\/\">Papo Vejinha re\u00fane professores inspiradores da cidade<\/a><\/span><span class=\"widget-news-item-date\">14 out 2019 &#8211; 12h10<\/span><\/div>\n<\/li>\n<\/ul>\n<\/div>\n<p><br \/>\n<br \/><a href=\"https:\/\/vejasp.abril.com.br\/cidades\/tabata-amaral-saida-pdt\/\">Fonte do Artigo <\/a><br \/>\nTags:<br \/>\n#loterias #loteriascaixa #megasena #resultadoapostas#noticias #noticiario  #noticia #brasil #noticiascolombia #mundo #esporte #colombia #noticiadeld #ltimasnoticias  #noticiario #noticiasregionales #noticiasdepartamentales #noticiashoy #esportes #noticiaahora #elinformantenoticias #noticiasdeboyac  #esporteinterativo #esportivo #diariodosesportes  #noticiero  #jogodefutebol #jogos #loto #apostas<\/p>\n","protected":false},"excerpt":{"rendered":"<p>A deputada federal Tabata Amaral (PDT-SP) disse nessa segunda-feira (14) que vai entrar com uma a\u00e7\u00e3o na Justi\u00e7a Eleitoral para conseguir manter o mandato ap\u00f3s deixar seu partido, do qual ela est\u00e1 suspensa h\u00e1 tr\u00eas meses. O pedido faz parte de uma a\u00e7\u00e3o em conjunto com ao menos seis deputados, do PDT e do PSB, [&hellip;]<\/p>\n","protected":false},"author":1,"featured_media":33883,"comment_status":"open","ping_status":"open","sticky":false,"template":"","format":"standard","meta":{"footnotes":""},"categories":[1],"tags":[],"class_list":["post-33882","post","type-post","status-publish","format-standard","has-post-thumbnail","hentry","category-curso-de-copy"],"_links":{"self":[{"href":"https:\/\/wiy.com.br\/noticias\/wp-json\/wp\/v2\/posts\/33882","targetHints":{"allow":["GET"]}}],"collection":[{"href":"https:\/\/wiy.com.br\/noticias\/wp-json\/wp\/v2\/posts"}],"about":[{"href":"https:\/\/wiy.com.br\/noticias\/wp-json\/wp\/v2\/types\/post"}],"author":[{"embeddable":true,"href":"https:\/\/wiy.com.br\/noticias\/wp-json\/wp\/v2\/users\/1"}],"replies":[{"embeddable":true,"href":"https:\/\/wiy.com.br\/noticias\/wp-json\/wp\/v2\/comments?post=33882"}],"version-history":[{"count":0,"href":"https:\/\/wiy.com.br\/noticias\/wp-json\/wp\/v2\/posts\/33882\/revisions"}],"wp:featuredmedia":[{"embeddable":true,"href":"https:\/\/wiy.com.br\/noticias\/wp-json\/wp\/v2\/media\/33883"}],"wp:attachment":[{"href":"https:\/\/wiy.com.br\/noticias\/wp-json\/wp\/v2\/media?parent=33882"}],"wp:term":[{"taxonomy":"category","embeddable":true,"href":"https:\/\/wiy.com.br\/noticias\/wp-json\/wp\/v2\/categories?post=33882"},{"taxonomy":"post_tag","embeddable":true,"href":"https:\/\/wiy.com.br\/noticias\/wp-json\/wp\/v2\/tags?post=33882"}],"curies":[{"name":"wp","href":"https:\/\/api.w.org\/{rel}","templated":true}]}}