{"id":33639,"date":"2023-02-26T15:10:01","date_gmt":"2023-02-26T18:10:01","guid":{"rendered":"https:\/\/wiy.com.br\/noticias\/fiz-de-tudo-para-sair-da-cama\/"},"modified":"2019-10-12T21:29:06","modified_gmt":"2019-10-13T00:29:06","slug":"fiz-de-tudo-para-sair-da-cama","status":"publish","type":"post","link":"https:\/\/wiy.com.br\/noticias\/fiz-de-tudo-para-sair-da-cama\/","title":{"rendered":"&#8216;Fiz de tudo para sair da cama&#8217;"},"content":{"rendered":"<p> <br \/>\n<\/p>\n<div property=\"na:ArticleBody\">\n<p>Mesmo com suspeita de rotav\u00edrus, <strong>Sandy<\/strong> subiu ao palco do <strong>Allianz Parque<\/strong> para mais um show da turn\u00ea &#8221;<strong>Nossa hist\u00f3ria<\/strong>&#8221; com <strong>Junior<\/strong> na noite deste s\u00e1bado (12). E pouco depois das primeiras m\u00fasicas, a cantora conversou com o p\u00fablico sobre seu estado de sa\u00fade: <\/p>\n<p>&#8220;Sei que a maioria j\u00e1 deve saber, mas quero avisar de antem\u00e3o que estou meio doente. Na verdade, estou bem doente. Mas, agora, estou forte e fiz tudo que precisava para vir at\u00e9 aqui. Fiz de tudo para sair da cama. Prometo fazer meu melhor, conto com a ajuda de voc\u00eas. Queria agradecer desde j\u00e1 aos muitos coment\u00e1rios de for\u00e7a e pensamentos positivos. Isso \u00e9 muito lindo. Muito obrigada. O que eu tenho \u00e9 um v\u00edrus, daqui a pouco passa. A energia que voc\u00eas est\u00e3o passando j\u00e1 est\u00e1 me deixando em p\u00e9.&#8221; <\/p>\n<p> Durante todo o dia, a presen\u00e7a de Sandy era uma inc\u00f3gnita para os f\u00e3s, j\u00e1 que a mesma n\u00e3o participou da passagem de som, realizada nesta tarde. Segundo a assessoria da dupla, a aus\u00eancia foi necess\u00e1ria para que a artista pudesse descansar at\u00e9 a apresenta\u00e7\u00e3o, que come\u00e7ou pouco depois das 21h. <\/p>\n<p>Minutos antes do show come\u00e7ar, Junior Lima postou um story no Instagram. Nele, Sandy aparece visivelmente animada ao lado do bal\u00e9 e dos m\u00fasicos da tour que roda o Brasil e termina no pr\u00f3ximo dia 9 de novembro no Rio de Janeiro. <\/p>\n<p><figure><img title = \"[Tags]\"decoding=\"async\" class=\"inline\" src=\"https:\/\/extra.globo.com\/incoming\/24014948-b30-75b\/w448\/xsandymelhor.jpg.pagespeed.ic.-U6753JgeP.jpg\"alt = \"xsandymelhor.jpg.pagespeed.ic.-U6753JgeP &#039;Fiz de tudo para sair da cama&#039;\"\/><figcaption>Sandy apareceu na concentra\u00e7\u00e3o ao lado do irm\u00e3o, bal\u00e9 e m\u00fasicos da turn\u00ea Foto: Reprodu\u00e7\u00e3o\/Instagram<\/figcaption><\/figure>\n<\/p><\/div>\n<p><script>\n\t\t\t$(document).ready(function() {\n\t\t\t\t$.ajaxSetup({ cache: true });\n\t\t\t\t$.getScript('\/\/connect.facebook.net\/pt_BR\/sdk.js', function(){\n\t\t\t\t\tFB.init({\n\t\t\t\t\t\txfbml      : true,\n\t\t\t\t\t\tversion    : 'v2.5'\n\t\t\t\t\t});\n\t\t\t\t});\n\t\t\t});\n\t\t<\/script><br \/>\n<br \/><br \/>\n<br \/><a href=\"https:\/\/extra.globo.com\/sandy-e-junior\/sandy-fala-sobre-fazer-show-doente-em-sao-paulo-fiz-de-tudo-para-sair-da-cama-24014953.html\">Fonte do Artigo <\/a><br \/>\nTags:<\/p>\n<p><a href=\"https:\/\/wiy.com.br\/noticias\/categoria\/noticias\/\">#noticia<\/a> <a href=\"https:\/\/wiy.com.br\/noticias\/categoria\/noticias\/\">#novidades<\/a> <a href=\"https:\/\/wiy.com.br\/noticias\/categoria\/noticias\/\">#noticias<\/a> <a href=\"https:\/\/wiy.com.br\/noticias\/categoria\/noticias\/\">#venezuela<\/a> <a href=\"https:\/\/wiy.com.br\/noticias\/categoria\/noticias\/\">#seo<\/a> <a href=\"https:\/\/wiy.com.br\/noticias\/categoria\/noticias\/\">#instagram<\/a> <a href=\"https:\/\/wiy.com.br\/noticias\/categoria\/noticias\/\">#cicpc<\/a> <a href=\"https:\/\/wiy.com.br\/noticias\/categoria\/noticias\/\">#policia<\/a> <a href=\"https:\/\/wiy.com.br\/noticias\/categoria\/noticias\/\">#ultimahora<\/a> <a href=\"https:\/\/wiy.com.br\/noticias\/categoria\/noticias\/\">#seguridade<\/a> <a href=\"https:\/\/wiy.com.br\/noticias\/categoria\/noticias\/\">#informacao<\/a> <a href=\"https:\/\/wiy.com.br\/noticias\/categoria\/noticias\/\">#paz<\/a> <a href=\"https:\/\/wiy.com.br\/noticias\/categoria\/noticias\/\">#urgente<\/a> <a href=\"https:\/\/wiy.com.br\/noticias\/categoria\/noticias\/\">#policiacientifica<\/a> <a href=\"https:\/\/wiy.com.br\/noticias\/categoria\/noticias\/\">#criminalisticcicpc<\/a> <a href=\"https:\/\/wiy.com.br\/noticias\/categoria\/noticias\/\">#crimes<\/a> <a href=\"https:\/\/wiy.com.br\/noticias\/categoria\/noticias\/\">#extra<\/a> <a href=\"https:\/\/wiy.com.br\/noticias\/categoria\/noticias\/\">#ultimahoranoticia<\/a> <a href=\"https:\/\/wiy.com.br\/noticias\/categoria\/noticias\/\">#brazil247<\/a> <a href=\"https:\/\/wiy.com.br\/noticias\/categoria\/noticias\/\">#governo<\/a> <a href=\"https:\/\/wiy.com.br\/noticias\/categoria\/noticias\/\">#brasil247<\/a> <a href=\"https:\/\/wiy.com.br\/noticias\/categoria\/noticias\/\">#bolsonaro<\/a> <a href=\"https:\/\/wiy.com.br\/noticias\/categoria\/noticias\/\">#jornalismo<\/a> <a href=\"https:\/\/wiy.com.br\/noticias\/categoria\/noticias\/\">#informacoes<\/a> <a href=\"https:\/\/wiy.com.br\/noticias\/categoria\/noticias\/\">#news<\/a> <a href=\"https:\/\/wiy.com.br\/noticias\/categoria\/noticias\/\">#jornal<\/a> <a href=\"https:\/\/wiy.com.br\/noticias\/categoria\/noticias\/\">#tiktok<\/a> <a href=\"https:\/\/wiy.com.br\/noticias\/categoria\/noticias\/\">#fgts<\/a> <a href=\"https:\/\/wiy.com.br\/noticias\/categoria\/noticias\/\">#pis<\/a> <a href=\"https:\/\/wiy.com.br\/noticias\/categoria\/noticias\/\">#caixa<\/a> <a href=\"https:\/\/wiy.com.br\/noticias\/categoria\/noticias\/\">#loterias<\/a> <a href=\"https:\/\/wiy.com.br\/noticias\/categoria\/noticias\/\">#megasena<\/a> <a href=\"https:\/\/wiy.com.br\/noticias\/categoria\/noticias\/\">#lotofacil<\/a> <a href=\"https:\/\/wiy.com.br\/noticias\/categoria\/noticias\/\">#megamania<\/a> <a href=\"https:\/\/wiy.com.br\/noticias\/categoria\/noticias\/\">#sus<\/a> <a href=\"https:\/\/wiy.com.br\/noticias\/categoria\/noticias\/\">#ibge<\/a><\/p>\n","protected":false},"excerpt":{"rendered":"<p>Mesmo com suspeita de rotav\u00edrus, Sandy subiu ao palco do Allianz Parque para mais um show da turn\u00ea &#8221;Nossa hist\u00f3ria&#8221; com Junior na noite deste s\u00e1bado (12). E pouco depois das primeiras m\u00fasicas, a cantora conversou com o p\u00fablico sobre seu estado de sa\u00fade: &#8220;Sei que a maioria j\u00e1 deve saber, mas quero avisar de [&hellip;]<\/p>\n","protected":false},"author":1,"featured_media":33640,"comment_status":"open","ping_status":"open","sticky":false,"template":"","format":"standard","meta":{"footnotes":""},"categories":[337],"tags":[],"class_list":["post-33639","post","type-post","status-publish","format-standard","has-post-thumbnail","hentry","category-noticias"],"_links":{"self":[{"href":"https:\/\/wiy.com.br\/noticias\/wp-json\/wp\/v2\/posts\/33639","targetHints":{"allow":["GET"]}}],"collection":[{"href":"https:\/\/wiy.com.br\/noticias\/wp-json\/wp\/v2\/posts"}],"about":[{"href":"https:\/\/wiy.com.br\/noticias\/wp-json\/wp\/v2\/types\/post"}],"author":[{"embeddable":true,"href":"https:\/\/wiy.com.br\/noticias\/wp-json\/wp\/v2\/users\/1"}],"replies":[{"embeddable":true,"href":"https:\/\/wiy.com.br\/noticias\/wp-json\/wp\/v2\/comments?post=33639"}],"version-history":[{"count":0,"href":"https:\/\/wiy.com.br\/noticias\/wp-json\/wp\/v2\/posts\/33639\/revisions"}],"wp:featuredmedia":[{"embeddable":true,"href":"https:\/\/wiy.com.br\/noticias\/wp-json\/wp\/v2\/media\/33640"}],"wp:attachment":[{"href":"https:\/\/wiy.com.br\/noticias\/wp-json\/wp\/v2\/media?parent=33639"}],"wp:term":[{"taxonomy":"category","embeddable":true,"href":"https:\/\/wiy.com.br\/noticias\/wp-json\/wp\/v2\/categories?post=33639"},{"taxonomy":"post_tag","embeddable":true,"href":"https:\/\/wiy.com.br\/noticias\/wp-json\/wp\/v2\/tags?post=33639"}],"curies":[{"name":"wp","href":"https:\/\/api.w.org\/{rel}","templated":true}]}}