{"id":33613,"date":"2023-02-26T15:09:52","date_gmt":"2023-02-26T18:09:52","guid":{"rendered":"https:\/\/wiy.com.br\/noticias\/a-direita-e-violenta-e-injusta-diz-arcebispo-em-missa-de-aparecida\/"},"modified":"2019-10-12T14:19:22","modified_gmt":"2019-10-12T17:19:22","slug":"a-direita-e-violenta-e-injusta-diz-arcebispo-em-missa-de-aparecida","status":"publish","type":"post","link":"https:\/\/wiy.com.br\/noticias\/a-direita-e-violenta-e-injusta-diz-arcebispo-em-missa-de-aparecida\/","title":{"rendered":"\u201cA direita \u00e9 violenta e injusta\u201d, diz arcebispo em missa de Aparecida"},"content":{"rendered":"<p> <br \/>\n<\/p>\n<div class=\"mc-column content-text active-extra-styles \">\n<p>Respons\u00e1vel por celebrar a missa da padroeira na <strong>Bas\u00edlica Nacional de Aparecida<\/strong>, neste s\u00e1bado (12) o arcebispo <strong>Dom Orlando Brandes <\/strong>usou o momento da homilia para pedir a prote\u00e7\u00e3o da Amaz\u00f4nia, defender &#8220;a vida&#8221; e criticar esc\u00e2ndalos de corrup\u00e7\u00e3o. Dom Orlando ainda falou ainda sobre &#8220;<strong>drag\u00e3o do tradicionalismo<\/strong>&#8221; e classificou a direita como <strong>&#8220;violenta&#8221; e injusta&#8221;<\/strong>.<\/p>\n<p>O celebrante contextualizou a fala dizendo que &#8220;na<span>s escrituras, o drag\u00e3o \u00e9 o dem\u00f4nio, \u00e9 o diabo, \u00e9 o mal que desorganiza tudo. Satan\u00e1s tamb\u00e9m tem as suas comunidades, grupos do mal, que tentam e atentam contra a vida.&#8221; Na sequ\u00eancia afirma que &#8220;te<\/span><span>mos um drag\u00e3o do tradicionalismo. A direita \u00e9 violenta, \u00e9 injusta, estamos fuzilando o papa (Francisco), o S\u00ednodo (da Amaz\u00f4nia), o Conc\u00edlio do Vaticano II, parece que n\u00e3o queremos vida&#8221;.<\/span><\/p>\n<p>O religioso ainda citou mortes de crian\u00e7as por balas perdidas e fez uma cr\u00edtica ao aborto. &#8220;Benditas sejam todas m\u00e3es gr\u00e1vidas e que defendam a vida, e a levem dignamente at\u00e9 o fim<em>&#8220;, <\/em>disse. Ao fim da celebra\u00e7\u00e3o, o arcebispo voltou a falar sobre a regi\u00e3o Amaz\u00f4nica.\u00a0 <span>&#8220;A Amaz\u00f4nia \u00e9 do Brasil, a Igreja se colocou contr\u00e1ria a grupos transnacionais interessados na internacionaliza\u00e7\u00e3o da Amaz\u00f4nia. Pelo fato de a Amaz\u00f4nia ser nossa, temos que cuidar de quem mora l\u00e1&#8221;, afirmou o religioso que trabalhou em projetos sociais na regi\u00e3o. Ele explicou que a Amaz\u00f4nia est\u00e1 sendo corrompida sob a explora\u00e7\u00e3o dos recursos naturais e a explora\u00e7\u00e3o sexual da comunidade ribeirinha.<\/span><\/p>\n<p>Ap\u00f3s sua fala, Dom Orlando Brandes passou a ser atacado nas redes sociais. Chegou a ser chamado de &#8220;satan\u00e1s travestido&#8221;, &#8220;excomungado e maldito&#8221;.<\/p>\n<p><span>Mais de 40 000 fi\u00e9is acompanharam a missa principal. Sem espa\u00e7o vazio dentro do Santu\u00e1rio Nacional, muitos romeiros acompanharam o culto do lado de fora da bas\u00edlica. <\/span><span><\/span><span>De acordo com o templo cat\u00f3lico, mais de 170 000 pessoas devem visitar a imagem da santa neste s\u00e1bado.<\/span><\/p>\n<p><span>O presidente Jair Bolsonaro (PSL) \u00e9 esperado para a missa das 16 horas. Segundo o\u00a0<\/span><span>arcebispo<\/span><span>, n\u00e3o h\u00e1 encontro oficial agendado com a Igreja. Dom Brandes \u00e9 quem vai celebrar a missa e se disp\u00f4s a receber o presidente caso surja o pedido.<\/span><\/p>\n<p>Confira um trecho do serm\u00e3o da Missa matinal:<\/p>\n<p><em>Primeira leitura: \u00f3rf\u00e3, adotada, pobre e principalmente, vivendo fora do seu pa\u00eds. Exilada e se tornou rainha, esperan\u00e7a para os pobres, esperan\u00e7a para os pequenos porque ela, pequenina, se tornou ent\u00e3o rainha do Brasil. E \u00e9 a Est\u00e9r que hoje pede ao rei e n\u00f3s aqui com Maria Rainha do Brasil pedimos a mesma coisa:<\/em><\/p>\n<\/div>\n<div class=\"mc-column content-text active-extra-styles \">\n<p><em>Eu pe\u00e7o a vida do meu povo, n\u00e3o h\u00e1 um pedido maior, para um cora\u00e7\u00e3o de m\u00e3e, do que dar a vida, querer a vida e ser a m\u00e3e daquele que disse &#8220;Eu trouxe e quero vida plena para todos&#8221;. Portanto, \u00e9 festa da vida e na salve rainha n\u00f3s rezamos assim &#8220;M\u00e3e de miseric\u00f3rdia, movei para n\u00f3s o vosso olhar, porque sois a nossa vida, nossa do\u00e7ura, nossa esperan\u00e7a. \u00c9 claro, se trouxe vida para Jesus, quero a vida de todos os seguidores de Jesus e de toda humanidade tamb\u00e9m porque ela ela foi dada como m\u00e3e para o mundo inteiro.<\/em><\/p>\n<\/div>\n<div class=\"mc-column content-text active-extra-styles \">\n<p><em>M\u00e3e Aparecida, precisamos sim da vida ecol\u00f3gica, da vida natural, da casa comum, bendito seja o S\u00ednodo da Amaz\u00f4nia, que est\u00e1 pensando na vida daquelas \u00e1rvores, daqueles rios, daqueles p\u00e1ssaros, mas principalmente daquelas popula\u00e7\u00f5es. Muitos de nossos parentes est\u00e3o l\u00e1.<\/em><\/p>\n<\/div>\n<div class=\"mc-column content-text active-extra-styles \">\n<p><em>A m\u00e3e quer vida intrauterina, porque ela \u00e9 a Imaculada Concep\u00e7\u00e3o, concebeu Jesus, bendita sejam todas m\u00e3es gr\u00e1vidas e que defendam a vida, e a levem dignamente at\u00e9 o fim. M\u00e3e querida, ajudai-nos a ter uma vida de f\u00e9. A vida de Jesus fa\u00e7a parte da nossa vida, que cada um de n\u00f3s possa viver a vida de Jesus atrav\u00e9s de Maria e a vida eterna. \u00c9 claro que tu est\u00e1s coroada, com essa coroa t\u00e3o simb\u00f3lica, que vai ser a nossa coroa final. Todos seremos coroados, principalmente se dermos vida a quem tem fome, a quem \u00e9 peregrino, a quem est\u00e1 preso como nos ensinou nosso senhor Jesus Cristo, rei da vida. Trouxe o reino da vida.<\/em><\/p>\n<\/div>\n<div class=\"mc-column content-text active-extra-styles \">\n<p><em>Irm\u00e3os e irm\u00e3s p\u00e9 a festa da vida, mas a vida n\u00e3o est\u00e1 sendo protegida. A segunda leitura mostrou o drag\u00e3o. \u00c9 claro que nas escrituras o drag\u00e3o \u00e9 o dem\u00f4nio, \u00e9 o drag\u00e3o, \u00e9 o diabo, \u00e9 o mal que se organiza no mundo.<\/em><\/p>\n<\/div>\n<div class=\"mc-column content-text active-extra-styles \">\n<p><em>Jesus disse &#8220;Satan\u00e1s tamb\u00e9m tem suas comunidades, grupos do mal e que tentam e atentam contra a vida. Livrai-nos do mal e n\u00f3s ent\u00e3o livramos a vida para que inclusive, para que no Brasil, nossas crian\u00e7as n\u00e3o morram mais de uma bala perdida, nossos jovens n\u00e3o se suicidem e nossos idosos tenham lugar de dignidade para viver e sobreviver.<\/em><\/p>\n<\/div>\n<div class=\"mc-column content-text active-extra-styles \">\n<p><em>Ela \u00e9 cheia de gra\u00e7a viemos ao santu\u00e1rio e os que descem at\u00e9 o confession\u00e1rio l\u00e1 recebem a vida de Jesus ressuscitado, pelo perd\u00e3o dos pecados.<\/em><\/p>\n<\/div>\n<div class=\"mc-column content-text active-extra-styles \">\n<p><em>Temos o drag\u00e3o do tradicionalismo. A direita \u00e9 violenta, \u00e9 injusta, estamos fuzilando o Papa, o S\u00ednodo, o Conc\u00edlio Vaticano Segundo. Parece que n\u00e3o queremos vida, o Conc\u00edlio Vaticano segundo, o evangelho, porque ningu\u00e9m de n\u00f3s duvida que est\u00e1 \u00e9 a grande raz\u00e3o do s\u00ednodo, do conc\u00edlio, deste santu\u00e1rio, a n\u00e3o ser a vida, como j\u00e1 falei.<\/em><\/p>\n<\/div>\n<div class=\"mc-column content-text active-extra-styles \">\n<p><em>Ah, e aquele drag\u00e3o, que ainda continua, est\u00e3o sendo facilitados agora os caminhos, do drag\u00e3o da corrup\u00e7\u00e3o, que tira o p\u00e3o da nossa boca e aumenta as desigualdades sociais, que a m\u00e3e n\u00e3o pode ficar alegre com filhos desempregados, com filhos sofrendo uma viol\u00eancia injusta, com filhos e filhas n\u00e3o tendo nem como sobreviver cada dia, talvez at\u00e9 a cada minuto da vida. Drag\u00e3o \u00e9 o que n\u00e3o falta, mas a f\u00e9 vence.<\/em><\/p>\n<\/div>\n<p>Com\u00a0<em>Estad\u00e3o Conte\u00fado<\/em><\/p>\n<div class=\"mc-column content-text active-extra-styles \">\n<\/div>\n<div class=\"widget-news widget-box no-margin no-border\"><span class=\"widget-news-title content-box-title\">Veja tamb\u00e9m<\/span><\/p>\n<ul class=\"widget-news-list\">\n<li class=\"widget-news-item without-thumb with-border\">\n<div class=\"widget-news-info\"><a href=\"http:\/\/vejasp.abril.com.br\/cidades\">Cidades<\/a><span class=\"widget-news-item-title\"><a href=\"https:\/\/vejasp.abril.com.br\/cidades\/ralf-corinthians-acidente\/\">Ralf, do Corinthians, se envolve em acidente na Zona Leste da capital<\/a><\/span><span class=\"widget-news-item-date\">12 out 2019 &#8211; 12h10<\/span><\/div>\n<\/li>\n<li class=\"widget-news-item without-thumb with-border\">\n<div class=\"widget-news-info\"><a href=\"http:\/\/vejasp.abril.com.br\/cidades\">Cidades<\/a><span class=\"widget-news-item-title\"><a href=\"https:\/\/vejasp.abril.com.br\/cidades\/aparecida-romeiros-dutra\/\">Romeiros lotam acostamento da Dutra para chegar em Aparecida<\/a><\/span><span class=\"widget-news-item-date\">12 out 2019 &#8211; 12h10<\/span><\/div>\n<\/li>\n<li class=\"widget-news-item without-thumb with-border\">\n<div class=\"widget-news-info\"><a href=\"http:\/\/vejasp.abril.com.br\/cidades\">Cidades<\/a><span class=\"widget-news-item-title\"><a href=\"https:\/\/vejasp.abril.com.br\/cidades\/trafico-aeronaves-interior-sp\/\">Pol\u00edcia apreende oito aeronaves em opera\u00e7\u00e3o contra o tr\u00e1fico<\/a><\/span><span class=\"widget-news-item-date\">12 out 2019 &#8211; 10h10<\/span><\/div>\n<\/li>\n<\/ul>\n<\/div>\n<p><br \/>\n<br \/><a href=\"https:\/\/vejasp.abril.com.br\/cidades\/arcebispo-aparecida-direita\/\">Fonte do Artigo <\/a><br \/>\nTags:<br \/>\n#loterias #loteriascaixa #megasena #resultadoapostas#noticias #noticiario  #noticia #brasil #noticiascolombia #mundo #esporte #colombia #noticiadeld #ltimasnoticias  #noticiario #noticiasregionales #noticiasdepartamentales #noticiashoy #esportes #noticiaahora #elinformantenoticias #noticiasdeboyac  #esporteinterativo #esportivo #diariodosesportes  #noticiero  #jogodefutebol #jogos #loto #apostas<\/p>\n","protected":false},"excerpt":{"rendered":"<p>Respons\u00e1vel por celebrar a missa da padroeira na Bas\u00edlica Nacional de Aparecida, neste s\u00e1bado (12) o arcebispo Dom Orlando Brandes usou o momento da homilia para pedir a prote\u00e7\u00e3o da Amaz\u00f4nia, defender &#8220;a vida&#8221; e criticar esc\u00e2ndalos de corrup\u00e7\u00e3o. Dom Orlando ainda falou ainda sobre &#8220;drag\u00e3o do tradicionalismo&#8221; e classificou a direita como &#8220;violenta&#8221; e [&hellip;]<\/p>\n","protected":false},"author":1,"featured_media":33614,"comment_status":"open","ping_status":"open","sticky":false,"template":"","format":"standard","meta":{"footnotes":""},"categories":[1],"tags":[],"class_list":["post-33613","post","type-post","status-publish","format-standard","has-post-thumbnail","hentry","category-curso-de-copy"],"_links":{"self":[{"href":"https:\/\/wiy.com.br\/noticias\/wp-json\/wp\/v2\/posts\/33613","targetHints":{"allow":["GET"]}}],"collection":[{"href":"https:\/\/wiy.com.br\/noticias\/wp-json\/wp\/v2\/posts"}],"about":[{"href":"https:\/\/wiy.com.br\/noticias\/wp-json\/wp\/v2\/types\/post"}],"author":[{"embeddable":true,"href":"https:\/\/wiy.com.br\/noticias\/wp-json\/wp\/v2\/users\/1"}],"replies":[{"embeddable":true,"href":"https:\/\/wiy.com.br\/noticias\/wp-json\/wp\/v2\/comments?post=33613"}],"version-history":[{"count":0,"href":"https:\/\/wiy.com.br\/noticias\/wp-json\/wp\/v2\/posts\/33613\/revisions"}],"wp:featuredmedia":[{"embeddable":true,"href":"https:\/\/wiy.com.br\/noticias\/wp-json\/wp\/v2\/media\/33614"}],"wp:attachment":[{"href":"https:\/\/wiy.com.br\/noticias\/wp-json\/wp\/v2\/media?parent=33613"}],"wp:term":[{"taxonomy":"category","embeddable":true,"href":"https:\/\/wiy.com.br\/noticias\/wp-json\/wp\/v2\/categories?post=33613"},{"taxonomy":"post_tag","embeddable":true,"href":"https:\/\/wiy.com.br\/noticias\/wp-json\/wp\/v2\/tags?post=33613"}],"curies":[{"name":"wp","href":"https:\/\/api.w.org\/{rel}","templated":true}]}}