{"id":33327,"date":"2023-02-26T15:39:09","date_gmt":"2023-02-26T18:39:09","guid":{"rendered":"https:\/\/wiy.com.br\/noticias\/comercio-tem-alta-de-01-em-setembro-puxado-por-supermercados\/"},"modified":"2019-10-10T09:57:11","modified_gmt":"2019-10-10T12:57:11","slug":"comercio-tem-alta-de-01-em-setembro-puxado-por-supermercados","status":"publish","type":"post","link":"https:\/\/wiy.com.br\/noticias\/comercio-tem-alta-de-01-em-setembro-puxado-por-supermercados\/","title":{"rendered":"Com\u00e9rcio tem alta de 0,1% em setembro puxado por supermercados"},"content":{"rendered":"<p> <br \/>\n<\/p>\n<div id=\"\">\n<h2 class=\"article-subtitle\">Segundo o IBGE, movimento est\u00e1 centralizado em artigos de necessidade b\u00e1sica; vendas de combust\u00edveis, vestu\u00e1rio e eletrodom\u00e9sticos ca\u00edram<\/h2>\n<div class=\"article-author\">\n<p>Por <span><strong>da Reda\u00e7\u00e3o<\/strong><\/span><\/p>\n<p>\n      <i class=\"material-icons\">access_time<\/i><br \/>\n      <span><br \/>\n        10 out 2019, 09h22      <\/span>\n    <\/p>\n<\/p><\/div>\n<\/p><\/div>\n<div id=\"\">\n<div class=\"featured-image\">\n<div class=\"image\">\n\t\t\t\t\t\t\t\t\t\t<img title = \"[Tags]\"data-src=\"https:\/\/abrilveja.files.wordpress.com\/2017\/05\/compras-em-supermercado-economia-pib-20151126-0021.jpg\" class=\"abril-image optimized lazyload\" abril-data-id=\"3242344\"  data- data-pin-nopin=\"true\"alt = \"compras-em-supermercado-economia-pib-20151126-0021 Com\u00e9rcio tem alta de 0,1% em setembro puxado por supermercados\"\/><\/div>\n<p class=\"caption\">Movimento em supermercados e hipermercados cresceu 0,6% no m\u00eas\u00a0(Reinaldo Canato\/VEJA.com)<\/p>\n<\/p><\/div>\n<p>O movimento em supermercados e hipermercados impediu que as vendas do <a href=\"https:\/\/veja.abril.com.br\/noticias-sobre\/comercio\"><strong>com\u00e9rcio<\/strong><\/a> ficassem negativas em agosto. O volume do com\u00e9rcio no m\u00eas subiu 0,1% em rela\u00e7\u00e3o julho. Segundo o <a href=\"https:\/\/veja.abril.com.br\/noticias-sobre\/ibge\"><strong>Instituto Brasileiro de Geografia e Estat\u00edstica (IBGE)<\/strong><\/a>, o dado divulgado nesta quinta-feira, 10, indica instabilidade em rela\u00e7\u00e3o ao m\u00eas anterior. No ano, entretanto, o setor acumula taxa positiva, de 1,2% e na\u00a0compara\u00e7\u00e3o com agosto de 2018, as vendas cresceram 1,3%.<\/p>\n<p>As vendas dos supermercados aumentaram 0,6% na passagem de julho para agosto, \u00e9 o quarto resultado positivo seguido dessa atividade. Outra alta foi de outros artigos de uso pessoal e dom\u00e9stico, que cresceram 0,2%. Juntos, os dois setores correspondem a mais de 60% do total do varejo. \u201cO aumento nos dois grupos indica um perfil de consumo mais b\u00e1sico, associado \u00e0s classes de rendimento mais baixas da popula\u00e7\u00e3o\u201d, explicou a gerente da Pesquisa Mensal do Com\u00e9rcio, Isabella Nunes.<\/p>\n<p>Tamb\u00e9m tiveram aumento os equipamentos e materiais de escrit\u00f3rio, inform\u00e1tica e comunica\u00e7\u00e3o (3,8%), livros e revistas e artigos de papelaria (0,2%).<\/p>\n<p>J\u00e1 no lado das quedas, est\u00e3o as vendas de combust\u00edveis e lubrificantes (-3,3%), tecidos, vestu\u00e1rio e cal\u00e7ados (-2,5%), m\u00f3veis e eletrodom\u00e9sticos (-1,5%) e artigos farmac\u00eauticos, m\u00e9dicos, ortop\u00e9dicos e de perfumaria (-0,3%). Segundo a pesquisadora, o movimento indica que o movimento do com\u00e9rcio se dedica a artigos b\u00e1sicos.<\/p>\n<p>\u201cA varia\u00e7\u00e3o negativa para esses tipos de produtos confirma que a popula\u00e7\u00e3o est\u00e1 dedicando mais seu or\u00e7amento \u00e0s compras de primeira necessidade. O equil\u00edbrio entre essas quatro categorias em queda com dois grandes setores em alta levou o mercado a um patamar mais pr\u00f3ximo da estabilidade\u201d, avaliou.<\/p>\n<p>J\u00e1 o com\u00e9rcio varejista ampliado, que inclui ve\u00edculos automotivos (-1,7%) e material de constru\u00e7\u00e3o (-0,8%), ficou est\u00e1vel em 0,0%. \u201cNovamente, foram os supermercados e alimentos que serviram de contrapeso para esses resultados negativos, mantendo o \u00edndice geral est\u00e1vel\u201d, disse Isabella.<\/p>\n<\/p><\/div>\n<p><br \/>\n<br \/><a href=\"https:\/\/veja.abril.com.br\/economia\/comercio-tem-alta-de-01-em-setembro-puxado-por-supermercados\/\">Fonte do Artigo<\/a><br \/>\nTags: <\/p>\n<p><a title=\"IBJE\" href=\"https:\/\/ibge.gov.br\/\">#IBJE<\/a> <a title=\"FGV\" href=\"https:\/\/portal.fgv.br\/\">#FGV<\/a> <a title=\"LOTOFACIL\" href=\"http:\/\/loterias.caixa.gov.br\/wps\/portal\/loterias\/landing\/lotofacil\/\">#LOTOFACIL<\/a> <a title=\"TINDER\" href=\"https:\/\/tinder.com\/?lang=pt-BR\">#TINDER<\/a> <a title=\"GMAILGOOGLE\" href=\"https:\/\/mail.google.com\">#GMAILGOOGLE<\/a> <a title=\"TIKTOK\" href=\"https:\/\/www.tiktok.com\/pt_BR\/\">#TIKTOK<\/a><\/p>\n","protected":false},"excerpt":{"rendered":"<p>Segundo o IBGE, movimento est\u00e1 centralizado em artigos de necessidade b\u00e1sica; vendas de combust\u00edveis, vestu\u00e1rio e eletrodom\u00e9sticos ca\u00edram Por da Reda\u00e7\u00e3o access_time 10 out 2019, 09h22 Movimento em supermercados e hipermercados cresceu 0,6% no m\u00eas\u00a0(Reinaldo Canato\/VEJA.com) O movimento em supermercados e hipermercados impediu que as vendas do com\u00e9rcio ficassem negativas em agosto. O volume do [&hellip;]<\/p>\n","protected":false},"author":1,"featured_media":32938,"comment_status":"open","ping_status":"open","sticky":false,"template":"","format":"standard","meta":{"footnotes":""},"categories":[7],"tags":[],"class_list":["post-33327","post","type-post","status-publish","format-standard","has-post-thumbnail","hentry","category-economia"],"_links":{"self":[{"href":"https:\/\/wiy.com.br\/noticias\/wp-json\/wp\/v2\/posts\/33327","targetHints":{"allow":["GET"]}}],"collection":[{"href":"https:\/\/wiy.com.br\/noticias\/wp-json\/wp\/v2\/posts"}],"about":[{"href":"https:\/\/wiy.com.br\/noticias\/wp-json\/wp\/v2\/types\/post"}],"author":[{"embeddable":true,"href":"https:\/\/wiy.com.br\/noticias\/wp-json\/wp\/v2\/users\/1"}],"replies":[{"embeddable":true,"href":"https:\/\/wiy.com.br\/noticias\/wp-json\/wp\/v2\/comments?post=33327"}],"version-history":[{"count":0,"href":"https:\/\/wiy.com.br\/noticias\/wp-json\/wp\/v2\/posts\/33327\/revisions"}],"wp:featuredmedia":[{"embeddable":true,"href":"https:\/\/wiy.com.br\/noticias\/wp-json\/wp\/v2\/media\/32938"}],"wp:attachment":[{"href":"https:\/\/wiy.com.br\/noticias\/wp-json\/wp\/v2\/media?parent=33327"}],"wp:term":[{"taxonomy":"category","embeddable":true,"href":"https:\/\/wiy.com.br\/noticias\/wp-json\/wp\/v2\/categories?post=33327"},{"taxonomy":"post_tag","embeddable":true,"href":"https:\/\/wiy.com.br\/noticias\/wp-json\/wp\/v2\/tags?post=33327"}],"curies":[{"name":"wp","href":"https:\/\/api.w.org\/{rel}","templated":true}]}}